{"id":231252,"date":"2026-07-17T19:15:13","date_gmt":"2026-07-17T19:15:13","guid":{"rendered":"https:\/\/www.europesays.com\/lt\/231252\/"},"modified":"2026-07-17T19:15:13","modified_gmt":"2026-07-17T19:15:13","slug":"dirkstys-isreiske-nepasitenkinima-po-susitikimo-su-nauseda","status":"publish","type":"post","link":"https:\/\/www.europesays.com\/lt\/231252\/","title":{"rendered":"Dirkstys i\u0161rei\u0161k\u0117 nepasitenkinim\u0105 po susitikimo su Naus\u0117da"},"content":{"rendered":"<p>\u201eSutikau Naus\u0117d\u0105 prie \u201eVictoria Hotel\u201c. Sakau, galima nuotrauk\u0105? Atsak\u0117, kad neturi laiko.<\/p>\n<p>Tada dar minut\u0119 s\u0117di nejudan\u010dioje ma\u0161inoje.<\/p>\n<p>D\u0117l to pas j\u012f n\u0117ra auros.<\/p>\n<p>Kai a\u0161 b\u016bsiu prezidentas, bendrausiu su \u017emon\u0117mis, fotografuosiuosi, dalinsiu pinigus mieste, aur\u0105 farminsiu\u201c, \u2013 instagrame teig\u0117 D. Dirkstys. <\/p>\n<p>    <img decoding=\"async\" src=\"https:\/\/www.europesays.com\/lt\/wp-content\/uploads\/2026\/07\/00402180-ddfa-464c-9734-92d7f22a003e.jpg\" loading=\"lazy\" alt=\"Dominykas Dirkstys teigia sutik\u0119s prezident\u0105\"\/>        <\/p>\n<p>Vis d\u0117lto \u201eDelfi\u201c sulauk\u0117 netik\u0117to Prezident\u016bros atsako \u2013 prezidentas es\u0105 D. Dirks\u010dio sutik\u0119s nebuvo.<\/p>\n<p>\u201eGaliu patvirtinti, kad ketvirtadien\u012f Prezidentas buvo Klaip\u0117doje, apie tai vie\u0161ai skelbta ir tos dienos darbotvark\u0117je. Su J\u016bs\u0173 minimu asmeniu Prezidentas susitik\u0119s nebuvo ir nebendravo. Su kuo J\u016bs\u0173 min\u0117tas asmuo bendravo, kieno ir kokios nuotraukos pra\u0161\u0117 ar nepra\u0161\u0117 \u2013 nesame informuoti\u201c, \u2013 teig\u0117 LR Prezidento patar\u0117jas Tomas Ber\u017einskas. <\/p>\n","protected":false},"excerpt":{"rendered":"\u201eSutikau Naus\u0117d\u0105 prie \u201eVictoria Hotel\u201c. Sakau, galima nuotrauk\u0105? Atsak\u0117, kad neturi laiko. Tada dar minut\u0119 s\u0117di nejudan\u010dioje ma\u0161inoje.&hellip;\n","protected":false},"author":2,"featured_media":231253,"comment_status":"","ping_status":"","sticky":false,"template":"","format":"standard","meta":{"footnotes":"","_share_on_mastodon":"0"},"categories":[6],"tags":[25,30,31,2255,34,35,67,24,32,33,37,39,36,38,40,23,22,28,29,26,27],"class_list":["post-231252","post","type-post","status-publish","format-standard","has-post-thumbnail","category-antrastes","tag-antrastes","tag-breaking-news","tag-breakingnews","tag-dominykas-dirkstys","tag-featured-news","tag-featurednews","tag-gitanas-nauseda","tag-headlines","tag-latest-news","tag-latestnews","tag-lietuva","tag-lietuviu","tag-lithuania","tag-lithuanian","tag-lt","tag-naujienos","tag-news","tag-populiariausios-naujienos","tag-populiariausiosnaujienos","tag-top-stories","tag-topstories"],"share_on_mastodon":{"url":"https:\/\/pubeurope.com\/@lt\/116936921976271808","error":""},"_links":{"self":[{"href":"https:\/\/www.europesays.com\/lt\/wp-json\/wp\/v2\/posts\/231252","targetHints":{"allow":["GET"]}}],"collection":[{"href":"https:\/\/www.europesays.com\/lt\/wp-json\/wp\/v2\/posts"}],"about":[{"href":"https:\/\/www.europesays.com\/lt\/wp-json\/wp\/v2\/types\/post"}],"author":[{"embeddable":true,"href":"https:\/\/www.europesays.com\/lt\/wp-json\/wp\/v2\/users\/2"}],"replies":[{"embeddable":true,"href":"https:\/\/www.europesays.com\/lt\/wp-json\/wp\/v2\/comments?post=231252"}],"version-history":[{"count":0,"href":"https:\/\/www.europesays.com\/lt\/wp-json\/wp\/v2\/posts\/231252\/revisions"}],"wp:featuredmedia":[{"embeddable":true,"href":"https:\/\/www.europesays.com\/lt\/wp-json\/wp\/v2\/media\/231253"}],"wp:attachment":[{"href":"https:\/\/www.europesays.com\/lt\/wp-json\/wp\/v2\/media?parent=231252"}],"wp:term":[{"taxonomy":"category","embeddable":true,"href":"https:\/\/www.europesays.com\/lt\/wp-json\/wp\/v2\/categories?post=231252"},{"taxonomy":"post_tag","embeddable":true,"href":"https:\/\/www.europesays.com\/lt\/wp-json\/wp\/v2\/tags?post=231252"}],"curies":[{"name":"wp","href":"https:\/\/api.w.org\/{rel}","templated":true}]}}