{"id":231300,"date":"2026-07-17T20:56:38","date_gmt":"2026-07-17T20:56:38","guid":{"rendered":"https:\/\/www.europesays.com\/lt\/231300\/"},"modified":"2026-07-17T20:56:38","modified_gmt":"2026-07-17T20:56:38","slug":"danas-nagele-kraipoma-statistika-misku-negelbsti-respublika-lt","status":"publish","type":"post","link":"https:\/\/www.europesays.com\/lt\/231300\/","title":{"rendered":"Danas NAGEL\u0116: Kraipoma statistika mi\u0161k\u0173 negelbsti &#8211; Respublika.lt"},"content":{"rendered":"<p style=\"text-align: justify;\" class=\"desktop_banner\">\u00a0<\/p>\n<p>Mi\u0161k\u0173 i\u0161tekli\u0173 b\u016bkl\u0117s ir apsaugos ap\u017evalg\u0105 atlikusi institucija pa\u017eymi, kad pernai mi\u0161kai deng\u0117 33,91 proc. Lietuvos teritorijos, kai ES vidurkis siekia 39 proc.<\/p>\n<p>Bet tai &#8211; tik \u017eongliravimas skai\u010diais.<\/p>\n<p>Nuva\u017eiavus \u012f mi\u0161kingesnes vietoves galima per dien\u0105 pamatyti de\u0161imtis mediena pakraut\u0173 prava\u017eiuojan\u010di\u0173 mi\u0161kove\u017ei\u0173, pakel\u0117se sukraut\u0173 daugyb\u0117s mil\u017eini\u0161k\u0173 rietuvi\u0173.<\/p>\n<p>Ta\u010diau pernai \u012f tuometin\u012f premjer\u0105 Gintaut\u0105 Paluck\u0105 kreip\u0117si mi\u0161k\u0173 savininkai, pareik\u0161dami, kad \u201eLietuvos mi\u0161kingumas yra 33,8 proc. ir vis did\u0117ja&#8221;.<\/p>\n<p>Jie g\u0105sdino: jei mi\u0161k\u0173 kirtimas nebus liberalizuotas, Valstybini\u0173 mi\u0161k\u0173 ur\u0117dijos metin\u0117s pajamos suma\u017e\u0117s iki 60 mln. eur\u0173 per metus.<\/p>\n<p>Kaip paai\u0161kinti &#8211; mi\u0161kus kertame, o j\u0173 es\u0105 vis daug\u0117ja?<\/p>\n<p>Papras\u010diausiai \u012fstatyme yra apibr\u0117\u017eimas, kas yra mi\u0161ko \u017eem\u0117. Net i\u0161kirstas medynas nepasidaro ne mi\u0161ku. Mi\u0161ko statusas i\u0161lieka.<\/p>\n<p>D\u0117l to, kad j\u012f i\u0161kirto, jis i\u0161 mi\u0161ko plot\u0173 statistikos nei\u0161krenta. Pagal Valstybin\u0117s mi\u0161k\u0173 tarnybos pateikt\u0105 mi\u0161ko \u017eem\u0117s naudmen\u0173 statistik\u0105, i\u0161 t\u0173 per 33 proc. Lietuvos teritorijos u\u017eiman\u010di\u0173 mi\u0161k\u0173 2,7 proc. yra be medyn\u0173 d\u0117l \u012fvairiausi\u0173 prie\u017eas\u010di\u0173: proskynos, elektros linijos, melioracijos grioviai ir t.t. \u012e tai ne\u012fskai\u010diuojamos kirtaviet\u0117s, i\u0161kirsti plotai iki tam tikro medyn\u0173 am\u017eiaus po j\u0173 atsodinimo.<\/p>\n<p>Mokslininkai sako, kad vienas efektyviausi\u0173 b\u016bd\u0173 kovoti su klimato kaita &#8211; auginti mi\u0161kus.<\/p>\n<p>Be to, jie padeda apsaugoti miestus nuo potvyni\u0173, nes med\u017ei\u0173 \u0161aknys veikia kaip nat\u016bralios kempin\u0117s, geban\u010dios sugerti didel\u012f vandens kiek\u012f.<\/p>\n<p>Mi\u0161kai padeda su\u0161velninti kar\u0161\u010dio bangas, v\u0117sina miest\u0173 or\u0105, yra svarbus gamtos turt\u0173 &#8211; uog\u0173, gryb\u0173, vaista\u017eoli\u0173 &#8211; \u0161altinis.<\/p>\n<p>Ta\u010diau aplinkos apsaugos politik\u0105 formuojantiems asmenims, atrodo, tai visi\u0161kai ner\u016bpi.<\/p>\n<p>Gal atsikvo\u0161\u0117s po naujausi\u0173 Valstyb\u0117s kontrol\u0117s i\u0161vad\u0173?<\/p>\n","protected":false},"excerpt":{"rendered":"\u00a0 Mi\u0161k\u0173 i\u0161tekli\u0173 b\u016bkl\u0117s ir apsaugos ap\u017evalg\u0105 atlikusi institucija pa\u017eymi, kad pernai mi\u0161kai deng\u0117 33,91 proc. Lietuvos teritorijos,&hellip;\n","protected":false},"author":2,"featured_media":231301,"comment_status":"","ping_status":"","sticky":false,"template":"","format":"standard","meta":{"footnotes":"","_share_on_mastodon":"0"},"categories":[13],"tags":[25,30,31,34,35,24,24421,8811,32,33,37,39,36,38,40,9466,34457,23,22,9751,28,29,4820,26,27,34458,555],"class_list":["post-231300","post","type-post","status-publish","format-standard","has-post-thumbnail","category-lietuva","tag-antrastes","tag-breaking-news","tag-breakingnews","tag-featured-news","tag-featurednews","tag-headlines","tag-kirtimas","tag-kontrole","tag-latest-news","tag-latestnews","tag-lietuva","tag-lietuviu","tag-lithuania","tag-lithuanian","tag-lt","tag-miskai","tag-miskingumas","tag-naujienos","tag-news","tag-pletra","tag-populiariausios-naujienos","tag-populiariausiosnaujienos","tag-statistika","tag-top-stories","tag-topstories","tag-uredija","tag-valstybes"],"share_on_mastodon":{"url":"https:\/\/pubeurope.com\/@lt\/116937319079365669","error":""},"_links":{"self":[{"href":"https:\/\/www.europesays.com\/lt\/wp-json\/wp\/v2\/posts\/231300","targetHints":{"allow":["GET"]}}],"collection":[{"href":"https:\/\/www.europesays.com\/lt\/wp-json\/wp\/v2\/posts"}],"about":[{"href":"https:\/\/www.europesays.com\/lt\/wp-json\/wp\/v2\/types\/post"}],"author":[{"embeddable":true,"href":"https:\/\/www.europesays.com\/lt\/wp-json\/wp\/v2\/users\/2"}],"replies":[{"embeddable":true,"href":"https:\/\/www.europesays.com\/lt\/wp-json\/wp\/v2\/comments?post=231300"}],"version-history":[{"count":0,"href":"https:\/\/www.europesays.com\/lt\/wp-json\/wp\/v2\/posts\/231300\/revisions"}],"wp:featuredmedia":[{"embeddable":true,"href":"https:\/\/www.europesays.com\/lt\/wp-json\/wp\/v2\/media\/231301"}],"wp:attachment":[{"href":"https:\/\/www.europesays.com\/lt\/wp-json\/wp\/v2\/media?parent=231300"}],"wp:term":[{"taxonomy":"category","embeddable":true,"href":"https:\/\/www.europesays.com\/lt\/wp-json\/wp\/v2\/categories?post=231300"},{"taxonomy":"post_tag","embeddable":true,"href":"https:\/\/www.europesays.com\/lt\/wp-json\/wp\/v2\/tags?post=231300"}],"curies":[{"name":"wp","href":"https:\/\/api.w.org\/{rel}","templated":true}]}}