{"id":231352,"date":"2026-07-17T22:35:40","date_gmt":"2026-07-17T22:35:40","guid":{"rendered":"https:\/\/www.europesays.com\/lt\/231352\/"},"modified":"2026-07-17T22:35:40","modified_gmt":"2026-07-17T22:35:40","slug":"vaatc-del-energesman-veiklos-kreipesi-i-prokuratura","status":"publish","type":"post","link":"https:\/\/www.europesays.com\/lt\/231352\/","title":{"rendered":"VAATC d\u0117l \u201eEnergesman\u201c veiklos kreip\u0117si \u012f prokurat\u016br\u0105"},"content":{"rendered":"<p class=\"x_MsoNormal\">Anot <a rel=\"noopener nofollow\" target=\"_blank\" href=\"https:\/\/www.delfi.lt\/temos\/vaatc\" tag-id=\"60258125\">VAATC<\/a>, \u012ftariama, kad \u201e<a rel=\"noopener nofollow\" target=\"_blank\" href=\"https:\/\/www.delfi.lt\/temos\/energesman\" tag-id=\"62180471\">Energesman<\/a>\u201c gamyklos teritorijoje sistemingai pa\u017eeid\u017eia Lietuvos Respublikos aplinkos apsaugos ir Lietuvos Respublikos atliek\u0173 tvarkymo \u012fstatym\u0173 nuostatas, taip pat Bendr\u0105sias gaisrin\u0117s saugos ir Atliek\u0173 tvarkymo taisykles. VAATC teigimu, operatoriaus veikla kelia real\u0173 dar vieno didelio masto gaisro pavoj\u0173 sostin\u0117je. <\/p>\n<p class=\"x_MsoNormal\">Ji primena, kad prie\u0161 metus VAATC priklausan\u010dioje teritorijoje, kurioje veik\u0117 mechaninio ir biologinio atliek\u0173 r\u016b\u0161iavimo gamykla (MBA), kil\u0119s gaisras visi\u0161kai sunaikino r\u016b\u0161iavimo linijas. <\/p>\n<p class=\"x_MsoNormal\">\u201eU\u017e MBA prie\u017ei\u016br\u0105 ir saugum\u0105 atsakingas \u201eEnergesman\u201c \u012frengini\u0173 nebuvo apdraud\u0119s, o \u012fsipareigojimo atstatyti linijai skirt\u0105 pastat\u0105 iki \u0161i\u0173 met\u0173 bir\u017eelio 30 dienos ne\u012fvykd\u0117\u201c, \u2013 sako VAATC.<\/p>\n<p class=\"x_MsoNormal\">Liepos 14 dien\u0105 VAATC pateik\u0117 ie\u0161kin\u012f Vilniaus apygardos teismui. Jame pra\u0161oma \u012fpareigoti su pareigomis nesusitvarkant\u012f \u201eEnergesman\u201c \u012fpareigoti perduoti atliek\u0173 r\u016b\u0161iavimo gamyklos valdym\u0105 VAATC. <\/p>\n<p class=\"x_MsoNormal\">\u201eVAATC i\u0161naudojo visas galimybes situacij\u0105 i\u0161spr\u0119sti dialogu ir susitarimu, ta\u010diau \u0161ios pastangos nedav\u0117 rezultato. Nepaisant daugkartini\u0173 VAATC ir atsaking\u0173 institucij\u0173 \u012fsp\u0117jim\u0173, konkre\u010di\u0173 veiksm\u0173 ir prisiimt\u0173 \u012fsipareigojim\u0173 vykdymo nesulauk\u0117me, MBA teritorijoje toliau kaup\u0117si neapdorotos atliekos, o po gaisro apgadinta infrastrukt\u016bra liko neatkurta. <\/p>\n<p class=\"x_MsoNormal\">Tenka apgailestauti, kad u\u017euot vykd\u017eiusi savo \u012fsipareigojimus ir \u0117musis vis\u0173 b\u016btin\u0173 priemoni\u0173 problemai spr\u0119sti, \u201eEnergesman\u201c pasirinko vie\u0161ojoje erdv\u0117je skleisti tikrov\u0117s neatitinkan\u010dius teiginius\u201c, \u2013 kalb\u0117jo VAATC vadovas Marius \u0160vaikauskas.  <\/p>\n<p>Sieks perimti teritorijos kontrol\u0119<\/p>\n<p class=\"x_MsoNormal\">Anot jo, VAATC priklausan\u010dioje teritorijoje \u201eEnergesman\u201c nuo kovo m\u0117nesio sukaup\u0117 daugiau nei 20 t\u016bkstan\u010di\u0173 ton\u0173 atliek\u0173. Atliekomis u\u017epildyti teritorijoje esantys pastatai, atviros aik\u0161tel\u0117s, atliekos kraunamos teritorijos keli\u0173 \u0161alikel\u0117se, fiksuota atviroje vietoje sukrautos degios med\u017eiagos \u2013 padangos, statin\u0117s su naftos produkt\u0173 \u017eenklais. <\/p>\n<p class=\"x_MsoNormal\">\u201eEnergesman\u201c neveikimas kelia reik\u0161ming\u0105 aplinkosaugos ir saugumo gr\u0117sm\u0119 Vilniaus miesto bei viso regiono gyventojams. M\u016bs\u0173 vertinimu, nustatytos aplinkyb\u0117s suteikia pagrind\u0105 \u012ftarti galimus teis\u0117s akt\u0173 pa\u017eeidimus, tod\u0117l kreip\u0117m\u0117s \u012f teis\u0117saugos institucijas, kad jos pateikt\u0173 teisin\u012f \u0161i\u0173 veiksm\u0173 ir neveikimo vertinim\u0105. <\/p>\n<p class=\"x_MsoNormal\">Sieksime kuo grei\u010diau perimti VAATC priklausan\u010dios teritorijos kontrol\u0119, suvaldyti susidariusias rizikas ir atkurti stabil\u0173 regionin\u0117s atliek\u0173 tvarkymo sistemos veikim\u0105\u201c, \u2013 teigia M.\u0160vaikauskas.  <\/p>\n<p class=\"x_MsoNormal\">Parei\u0161kime Vilniaus apygardos prokurat\u016brai teigiama, kad d\u0117l sisteming\u0173 \u201eEnergesman\u201c pa\u017eeidim\u0173 jau padaryta didel\u0117 \u017eala aplinkai: netinkamai sand\u0117liuojamos ir r\u016bkstan\u010dios atliekos ter\u0161ia or\u0105, \u017eem\u0119 ir dirvo\u017eem\u012f, kelia gr\u0117sm\u0119 gyv\u016bnijai ir augmenijai, o nesutvarkytos atliek\u0173 sankaupos nuolat did\u0117ja. <\/p>\n<p class=\"x_MsoNormal\">Didel\u0117 \u017eala aplinkai konstatuota kompetenting\u0173 institucij\u0173 (Aplinkos apsaugos departamento prane\u0161ime, Vilniaus prie\u0161gaisrin\u0117s ir gelb\u0117jimo valdybos \u012fsp\u0117jime), u\u017efiksuota antstoli\u0173 ir patvirtinta pa\u010dios \u201eEnergesman\u201c pripa\u017einimu, kad ji nepaj\u0117gi \u012fvykdyti savo aplinkosaugini\u0173 prievoli\u0173.<\/p>\n","protected":false},"excerpt":{"rendered":"Anot VAATC, \u012ftariama, kad \u201eEnergesman\u201c gamyklos teritorijoje sistemingai pa\u017eeid\u017eia Lietuvos Respublikos aplinkos apsaugos ir Lietuvos Respublikos atliek\u0173 tvarkymo&hellip;\n","protected":false},"author":2,"featured_media":231353,"comment_status":"","ping_status":"","sticky":false,"template":"","format":"standard","meta":{"footnotes":"","_share_on_mastodon":"0"},"categories":[13],"tags":[25,30,31,34250,34,35,24,32,33,37,39,36,38,40,23,22,28,29,26,27,18126],"class_list":["post-231352","post","type-post","status-publish","format-standard","has-post-thumbnail","category-lietuva","tag-antrastes","tag-breaking-news","tag-breakingnews","tag-energesman","tag-featured-news","tag-featurednews","tag-headlines","tag-latest-news","tag-latestnews","tag-lietuva","tag-lietuviu","tag-lithuania","tag-lithuanian","tag-lt","tag-naujienos","tag-news","tag-populiariausios-naujienos","tag-populiariausiosnaujienos","tag-top-stories","tag-topstories","tag-vaatc"],"share_on_mastodon":{"url":"https:\/\/pubeurope.com\/@lt\/116937708415860335","error":""},"_links":{"self":[{"href":"https:\/\/www.europesays.com\/lt\/wp-json\/wp\/v2\/posts\/231352","targetHints":{"allow":["GET"]}}],"collection":[{"href":"https:\/\/www.europesays.com\/lt\/wp-json\/wp\/v2\/posts"}],"about":[{"href":"https:\/\/www.europesays.com\/lt\/wp-json\/wp\/v2\/types\/post"}],"author":[{"embeddable":true,"href":"https:\/\/www.europesays.com\/lt\/wp-json\/wp\/v2\/users\/2"}],"replies":[{"embeddable":true,"href":"https:\/\/www.europesays.com\/lt\/wp-json\/wp\/v2\/comments?post=231352"}],"version-history":[{"count":0,"href":"https:\/\/www.europesays.com\/lt\/wp-json\/wp\/v2\/posts\/231352\/revisions"}],"wp:featuredmedia":[{"embeddable":true,"href":"https:\/\/www.europesays.com\/lt\/wp-json\/wp\/v2\/media\/231353"}],"wp:attachment":[{"href":"https:\/\/www.europesays.com\/lt\/wp-json\/wp\/v2\/media?parent=231352"}],"wp:term":[{"taxonomy":"category","embeddable":true,"href":"https:\/\/www.europesays.com\/lt\/wp-json\/wp\/v2\/categories?post=231352"},{"taxonomy":"post_tag","embeddable":true,"href":"https:\/\/www.europesays.com\/lt\/wp-json\/wp\/v2\/tags?post=231352"}],"curies":[{"name":"wp","href":"https:\/\/api.w.org\/{rel}","templated":true}]}}