{"id":231527,"date":"2026-07-18T08:16:37","date_gmt":"2026-07-18T08:16:37","guid":{"rendered":"https:\/\/www.europesays.com\/lt\/231527\/"},"modified":"2026-07-18T08:16:37","modified_gmt":"2026-07-18T08:16:37","slug":"kauno-apskrityje-geltonas-ispejimas-sinoptikai-ispeja-apie-oru-pokycius","status":"publish","type":"post","link":"https:\/\/www.europesays.com\/lt\/231527\/","title":{"rendered":"Kauno apskrityje \u2013 geltonas \u012fsp\u0117jimas: sinoptikai \u012fsp\u0117ja apie or\u0173 poky\u010dius"},"content":{"rendered":"<p>Pastar\u0105j\u0105 savait\u0119 \u012f \u0161al\u012f sugr\u012f\u017eo vasari\u0161ki orai \u2013 lepino saul\u0117, kai kuriems gyventojas gal buvo net ir per kar\u0161ta, mat termometr\u0173 stulpeliai, palyginus su ankstesn\u0117mis savait\u0117mis, gerokai \u0161oktel\u0117jo \u012f vir\u0161\u0173. Ta\u010diau sinoptikai \u012fsp\u0117ja apie laukian\u010dias or\u0173 permainas \u2013 d\u0117l \u0161al\u012f jau rytoj pasieksian\u010dio ciklono Lietuvoje prana\u0161aujami ne tik kardinal\u016bs or\u0173 poky\u010diai, ta\u010diau ir pavojingi meteorologiniai rei\u0161kiniai.<\/p>\n<p>Meteorolog\u0117s Elvyros Latv\u0117nait\u0117s teigimu, \u0161iandien orus \u0161alyje dar lemia anticiklonas, ta\u010diau j\u012f keis Baltij\u0105 \u0161e\u0161tadienio nakt\u012f pasieksiantis <a href=\"https:\/\/kaunas.kasvyksta.lt\/ciklonas\" title=\"ciklonas\" rel=\"nofollow noopener\" target=\"_blank\">ciklonas<\/a>, vardu Cerry, su atmosferos front\u0173 sistema.\u201e\u0160e\u0161tadienio dien\u0105 ciklonas pasieks Centrin\u0119 Baltij\u0105, o savo rytine dalimi ir Lietuv\u0105. Jau \u0161e\u0161tadienio ryt\u0105 atmosferos fronto debesys ir lietumi laistys vakarinius rajonus, o dien\u0105 jau geroku lietumi ir kai kur trankia <a href=\"https:\/\/kaunas.kasvyksta.lt\/perkunija\" title=\"Perk\u016bnija\" rel=\"nofollow noopener\" target=\"_blank\">perk\u016bnija<\/a>, net ir kru\u0161a u\u017egrius ir beveik vis\u0105 Lietuv\u0105, paj\u016bryje, o kitur jau per perk\u016bnij\u0105 stipresni v\u0117jo g\u016bsiai u\u017egrius. Bet bus dar \u0161ilta\u201c, \u2013 dalijosi specialist\u0117.<\/p>\n<p>Anot jos, lietingas, bet jau ma\u017eiau, bus ir sekmadienis. Nukris ir temperat\u016bra \u2013 bus v\u0117siau, ypa\u010d vakariniuose \u0161alies rajonuose.<\/p>\n<p>\u201eOr\u0173 kanceliarija atsipra\u0161o atostogaujan\u010dius, ir ypa\u010d \u0161ven\u010dian\u010dius, u\u017e nepatogumus. Lietinga ir vis labiau v\u0117stanti, pagal dabartinius duomenis, bus ir beveik visa kita savait\u0117. Savait\u0117s prad\u017eioje dar ir stipresnis \u0161iaur\u0117s vakar\u0173, v\u0117liau vakar\u0173 <a href=\"https:\/\/kaunas.kasvyksta.lt\/vejas\" title=\"V\u0117jas\" rel=\"nofollow noopener\" target=\"_blank\">v\u0117jas<\/a> p\u016bs. Atostogaujantiems teks grybauti, \u017evejoti ar \u0161iltesni\u0173 kra\u0161t\u0173 ie\u0161koti\u201c, \u2013 d\u0117l laukian\u010di\u0173 permain\u0173 apgailestavo meteorolog\u0117.<\/p>\n<p>Kauno apskrytyje \u2013 geltono lygio \u012fsp\u0117jimas<\/p>\n<p><a href=\"https:\/\/kaunas.kasvyksta.lt\/lietuvos-hidrometeorologijos-tarnyba\" title=\"Lietuvos hidrometeorologijos tarnyba\" rel=\"nofollow noopener\" target=\"_blank\">Lietuvos hidrometeorologijos tarnyba<\/a> beveik visoje Lietuvoje, kartu ir Kauno apskrityje, paskelb\u0117 gelton\u0105 \u012fsp\u0117jim\u0105 gyventojams d\u0117l galim\u0173 pavojing\u0173 meteorologini\u0173 rei\u0161kini\u0173 \u2013 stipraus lietaus ir perk\u016bnijos.Remiantis pateiktu \u017eem\u0117lapiu, Kauno apskrityje vietomos smarkus <a href=\"https:\/\/kaunas.kasvyksta.lt\/lietus\" title=\"Lietus\" rel=\"nofollow noopener\" target=\"_blank\">lietus<\/a> ir daug kur perk\u016bnija galima \u0161e\u0161tadien\u012f, liepos 18 d., nuo 10 val. ryto iki 21 val. vakaro. Perk\u016bnijos metu v\u0117jo g\u016bsiai kai kur sieks 15-20 m\/s.<\/p>\n<p>Siekiant apsaugoti tiek save, tiek savo turt\u0105, specialistai dalijasi rekomendacijomis.<\/p>\n<ul class=\"&#10;          list-content list-outside pl-10&#10;          list-disc&#10;        \">\n<li class=\"[&amp;&gt;a]:text-primary dark:[&amp;&gt;a]:text-white [&amp;&gt;a]:underline md:text-lg text-base\">Smarkiai lyjant gyventojams rekomenduojama b\u016bti itin atidiems keliuose \u2013 pasirinkti saug\u0173 greit\u012f bei atstum\u0105. Smarkiai lyjant suprast\u0117ja matomumas ir kelio danga tampa slidi.<\/li>\n<li class=\"[&amp;&gt;a]:text-primary dark:[&amp;&gt;a]:text-white [&amp;&gt;a]:underline md:text-lg text-base\">\u017daibuojant rekomenduojama likti patalpoje. Jei \u012fmanoma, namuose i\u0161 maitinimo \u0161altini\u0173 i\u0161traukti buitinius prietaisus ir nesinaudoti ki\u0161tukiniais lizdais. Gyventojai tur\u0117t\u0173 b\u016bti pasireng\u0119 ir galimiems elektros tiekimo sutrikimams.<\/li>\n<li class=\"[&amp;&gt;a]:text-primary dark:[&amp;&gt;a]:text-white [&amp;&gt;a]:underline md:text-lg text-base\">Jei perk\u016bnijos metu esate lauke, reik\u0117t\u0173 susirasti pastog\u0119, neb\u016bti atviroje vietoje, \u0161alia pavieni\u0173 med\u017ei\u0173, metalini\u0173 stulp\u0173, taip pat neb\u0117gti.<\/li>\n<li class=\"[&amp;&gt;a]:text-primary dark:[&amp;&gt;a]:text-white [&amp;&gt;a]:underline md:text-lg text-base\">Jei \u017eaibuojant esate i\u0161vyk\u0119 automobiliu, u\u017esidarykite langus ir likite jame.<\/li>\n<\/ul>\n<p>Or\u0173 prognoz\u0117<\/p>\n<p>\u0160e\u0161tadienio nakt\u012f vakariniuose rajonuose kai kur trumpai palis, galima perk\u016bnija. V\u0117jas pietry\u010di\u0173, piet\u0173, 5\u201310 m\/s. Temperat\u016bra 15\u201320 laipsni\u0173 \u0161ilumos. Dien\u0105 daug kur trumpi liet\u016bs, perk\u016bnija, vietomis lis smarkiai. V\u0117jas piet\u0173, pietvakari\u0173, 8\u201313 m\/s, per perk\u016bnij\u0105 kai kur g\u016bsiai 15\u201320 m\/s. Temperat\u016bra 23\u201328, paj\u016bryje 20\u201322 laipsniai \u0161ilumos, prane\u0161a Meteo.lt.<\/p>\n<p>Sekmadienio nakt\u012f daug kur, dien\u0105 vietomis trumpas lietus, galima perk\u016bnija. V\u0117jas pietvakari\u0173, vakar\u0173, 7\u201312 m\/s. Temperat\u016bra nakt\u012f 13\u201318, dien\u0105 21\u201326, paj\u016bryje 18\u201320 laipsni\u0173 \u0161ilumos.<\/p>\n<p>Pirmadien\u012f daug kur lietus, vietomis smarkus ir su perk\u016bnija. V\u0117jas besikei\u010dian\u010dios krypties, nakt\u012f 6\u201311 m\/s, dien\u0105 8\u201313 m\/s, vakariniuose rajonuose dien\u0105 \u0161iaur\u0117s vakar\u0173 v\u0117jo g\u016bsiai 15\u201320 m\/s, paj\u016bryje iki 25 m\/s. Temperat\u016bra nakt\u012f 11\u201316, dien\u0105 15\u201320, rytuose kai kur 21\u201324 laipsniai \u0161ilumos.<\/p>\n<p>Hidrologin\u0117 situacija<\/p>\n<p>Vandens temperat\u016bra up\u0117se 13\u201322, e\u017eeruose \u2013 19\u201323, Kur\u0161i\u0173 mariose \u2013 20\u201321, Baltijos j\u016broje \u2013 17\u201319 laipsni\u0173 \u0161ilumos.<\/p>\n","protected":false},"excerpt":{"rendered":"Pastar\u0105j\u0105 savait\u0119 \u012f \u0161al\u012f sugr\u012f\u017eo vasari\u0161ki orai \u2013 lepino saul\u0117, kai kuriems gyventojas gal buvo net ir per&hellip;\n","protected":false},"author":2,"featured_media":231528,"comment_status":"","ping_status":"","sticky":false,"template":"","format":"standard","meta":{"footnotes":"","_share_on_mastodon":"0"},"categories":[6],"tags":[25,788,30,31,4160,4162,34,35,24,1061,32,33,3260,37,39,2866,36,38,40,23,22,260,15972,28,29,26,27,7996],"class_list":["post-231527","post","type-post","status-publish","format-standard","has-post-thumbnail","category-antrastes","tag-antrastes","tag-audra","tag-breaking-news","tag-breakingnews","tag-ciklonas","tag-elvyra-latvenaite","tag-featured-news","tag-featurednews","tag-headlines","tag-kaunas","tag-latest-news","tag-latestnews","tag-lietus","tag-lietuva","tag-lietuviu","tag-lietuvos-hidrometeorologijos-tarnyba","tag-lithuania","tag-lithuanian","tag-lt","tag-naujienos","tag-news","tag-orai","tag-perkunija","tag-populiariausios-naujienos","tag-populiariausiosnaujienos","tag-top-stories","tag-topstories","tag-vejas"],"share_on_mastodon":{"url":"https:\/\/pubeurope.com\/@lt\/116939993054482891","error":""},"_links":{"self":[{"href":"https:\/\/www.europesays.com\/lt\/wp-json\/wp\/v2\/posts\/231527","targetHints":{"allow":["GET"]}}],"collection":[{"href":"https:\/\/www.europesays.com\/lt\/wp-json\/wp\/v2\/posts"}],"about":[{"href":"https:\/\/www.europesays.com\/lt\/wp-json\/wp\/v2\/types\/post"}],"author":[{"embeddable":true,"href":"https:\/\/www.europesays.com\/lt\/wp-json\/wp\/v2\/users\/2"}],"replies":[{"embeddable":true,"href":"https:\/\/www.europesays.com\/lt\/wp-json\/wp\/v2\/comments?post=231527"}],"version-history":[{"count":0,"href":"https:\/\/www.europesays.com\/lt\/wp-json\/wp\/v2\/posts\/231527\/revisions"}],"wp:featuredmedia":[{"embeddable":true,"href":"https:\/\/www.europesays.com\/lt\/wp-json\/wp\/v2\/media\/231528"}],"wp:attachment":[{"href":"https:\/\/www.europesays.com\/lt\/wp-json\/wp\/v2\/media?parent=231527"}],"wp:term":[{"taxonomy":"category","embeddable":true,"href":"https:\/\/www.europesays.com\/lt\/wp-json\/wp\/v2\/categories?post=231527"},{"taxonomy":"post_tag","embeddable":true,"href":"https:\/\/www.europesays.com\/lt\/wp-json\/wp\/v2\/tags?post=231527"}],"curies":[{"name":"wp","href":"https:\/\/api.w.org\/{rel}","templated":true}]}}