{"id":231730,"date":"2026-07-18T12:41:57","date_gmt":"2026-07-18T12:41:57","guid":{"rendered":"https:\/\/www.europesays.com\/lt\/231730\/"},"modified":"2026-07-18T12:41:57","modified_gmt":"2026-07-18T12:41:57","slug":"policija-palangoje-gaude-pazeidejus-delfi-auto","status":"publish","type":"post","link":"https:\/\/www.europesays.com\/lt\/231730\/","title":{"rendered":"Policija Palangoje gaud\u0117 pa\u017eeid\u0117jus &#8211; Delfi auto"},"content":{"rendered":"<p>Nors elektrini\u0173 paspirtuk\u0173 vairuotojai privalo saugoti save ir d\u0117v\u0117ti \u0161almus, \u0161ios taisykl\u0117s laikosi toli gra\u017eu ne visi. Kaip pastebi prevencinius reidus organizuojantys policijos pareig\u016bnai, vasara besim\u0117gaujantys paspirtukininkai \u0161almus pamir\u0161ta ma\u017edaug tre\u010ddalis.<\/p>\n<p>\u201ePolicijos tikslas \u2013 ne tik nustatyti pa\u017eeidimus ir taikyti atsakomyb\u0119. Mums ne ma\u017eiau svarbu pasteb\u0117ti ir paskatinti tuos eismo dalyvius, kurie kasdien rodo ger\u0105 pavyzd\u012f \u2013 laikosi taisykli\u0173, d\u0117vi \u0161almus, r\u016bpinasi savo ir kit\u0173 saugumu. Did\u017eioji dauguma \u017emoni\u0173 eisme elgiasi atsakingai, ir tai norime akcentuoti. <\/p>\n<p>    <img decoding=\"async\" src=\"https:\/\/www.europesays.com\/lt\/wp-content\/uploads\/2026\/07\/e4d84117-f018-41a1-b73c-6b6cc62cdaed.jpg\" loading=\"lazy\" alt=\"Paspirtuk\u0173 vairuotoj\u0173 reidas\"\/>      <\/p>\n<p>Ta\u010diau vis dar pasitaiko toki\u0173, kurie s\u0105moningai ignoruoja Keli\u0173 eismo taisykles, tod\u0117l policija ir toliau principingai reaguos \u012f tokius pa\u017eeidimus. M\u016bs\u0173 tikslas \u2013 kad saugus elgesys tapt\u0173 norma, o ne i\u0161imtimi\u201c, \u2013 sako Vytautas Gra\u0161ys, Policijos departamento prie VRM Vie\u0161osios tvarkos biuro vir\u0161ininkas.<\/p>\n<p>Per pirm\u0105j\u012f \u0161i\u0173 met\u0173 pusmet\u012f policijos pareig\u016bnai u\u017efiksavo daugiau kaip 4 t\u016bkst. Keli\u0173 eismo taisykli\u0173 pa\u017eeidim\u0173, kuriuos padar\u0117 elektrini\u0173 mikrojudumo priemoni\u0173 ir motorini\u0173 dvira\u010di\u0173 vairuotojai. Skai\u010diuojama, kad daugiau kaip 3 t\u016bkst. pa\u017eeid\u0117j\u0173 ned\u0117v\u0117jo \u0161almo, o daugiau kaip 400 pa\u017eeid\u0117j\u0173 buvo neblaiv\u016bs, apsvaig\u0119 ar veng\u0117 patikrinimo.<\/p>\n","protected":false},"excerpt":{"rendered":"Nors elektrini\u0173 paspirtuk\u0173 vairuotojai privalo saugoti save ir d\u0117v\u0117ti \u0161almus, \u0161ios taisykl\u0117s laikosi toli gra\u017eu ne visi. Kaip&hellip;\n","protected":false},"author":2,"featured_media":231731,"comment_status":"","ping_status":"","sticky":false,"template":"","format":"standard","meta":{"footnotes":"","_share_on_mastodon":"0"},"categories":[13],"tags":[25,30,31,6959,34,35,24,10162,32,33,37,39,36,38,40,23,22,2801,28,29,26,27,34513],"class_list":["post-231730","post","type-post","status-publish","format-standard","has-post-thumbnail","category-lietuva","tag-antrastes","tag-breaking-news","tag-breakingnews","tag-elektriniai-paspirtukai","tag-featured-news","tag-featurednews","tag-headlines","tag-keliu-eismo-taisykles","tag-latest-news","tag-latestnews","tag-lietuva","tag-lietuviu","tag-lithuania","tag-lithuanian","tag-lt","tag-naujienos","tag-news","tag-palanga","tag-populiariausios-naujienos","tag-populiariausiosnaujienos","tag-top-stories","tag-topstories","tag-vytautas-grasys"],"share_on_mastodon":{"url":"https:\/\/pubeurope.com\/@lt\/116941039220678441","error":""},"_links":{"self":[{"href":"https:\/\/www.europesays.com\/lt\/wp-json\/wp\/v2\/posts\/231730","targetHints":{"allow":["GET"]}}],"collection":[{"href":"https:\/\/www.europesays.com\/lt\/wp-json\/wp\/v2\/posts"}],"about":[{"href":"https:\/\/www.europesays.com\/lt\/wp-json\/wp\/v2\/types\/post"}],"author":[{"embeddable":true,"href":"https:\/\/www.europesays.com\/lt\/wp-json\/wp\/v2\/users\/2"}],"replies":[{"embeddable":true,"href":"https:\/\/www.europesays.com\/lt\/wp-json\/wp\/v2\/comments?post=231730"}],"version-history":[{"count":0,"href":"https:\/\/www.europesays.com\/lt\/wp-json\/wp\/v2\/posts\/231730\/revisions"}],"wp:featuredmedia":[{"embeddable":true,"href":"https:\/\/www.europesays.com\/lt\/wp-json\/wp\/v2\/media\/231731"}],"wp:attachment":[{"href":"https:\/\/www.europesays.com\/lt\/wp-json\/wp\/v2\/media?parent=231730"}],"wp:term":[{"taxonomy":"category","embeddable":true,"href":"https:\/\/www.europesays.com\/lt\/wp-json\/wp\/v2\/categories?post=231730"},{"taxonomy":"post_tag","embeddable":true,"href":"https:\/\/www.europesays.com\/lt\/wp-json\/wp\/v2\/tags?post=231730"}],"curies":[{"name":"wp","href":"https:\/\/api.w.org\/{rel}","templated":true}]}}