{"id":231885,"date":"2026-07-18T15:52:13","date_gmt":"2026-07-18T15:52:13","guid":{"rendered":"https:\/\/www.europesays.com\/lt\/231885\/"},"modified":"2026-07-18T15:52:13","modified_gmt":"2026-07-18T15:52:13","slug":"vokieciai-labai-nepatenkinti-kanclerio-fridricho-merco-darbu-respublika-lt","status":"publish","type":"post","link":"https:\/\/www.europesays.com\/lt\/231885\/","title":{"rendered":"Vokie\u010diai labai nepatenkinti kanclerio Fridricho Merco darbu &#8211; Respublika.lt"},"content":{"rendered":"<p><img loading=\"lazy\" decoding=\"async\" src=\"https:\/\/www.respublika.lt\/lt\/naujienos\/pasaulis\/pasaulio_politika\/vokieciai-labai-nepatenkinti-kanclerio-fridricho-merco-darbu\/images\/ico_camera_white.gif\" class=\"camera\" width=\"22\" height=\"15\" alt=\"nuotr.\" style=\"position:relative; top:-2px; right:2px;\"\/> 1 nuotr.<\/p>\n<p>Fridrichas Mercas. EPA-Eltos nuotr.<\/p>\n<p style=\"text-align: justify;\" class=\"desktop_banner\">\u00a0<\/p>\n<p>Tai rodo visuomen\u0117s nuomon\u0117s apklausos, kuri\u0105 sociologin\u0117 tarnyba \u201eForsa&#8221; atliko NTV ir RTL televizijos kanal\u0173 u\u017esakymu, rezultatai.<\/p>\n<p>Nuo tada, kai jis prad\u0117jo eiti Vokietijos kanclerio pareigas, F.Merco palankumo reitingai smuko ir kelis m\u0117nesius stagnavo ties minimaliu lygiu.<\/p>\n<p>Remiantis apklausos rezultatais, tik 14 proc. Vokietijos pilie\u010di\u0173 yra tikrai patenkinti kanclerio darbu, kas atitinka gegu\u017e\u0119 u\u017efiksuot\u0105 jo antirekord\u0105.<\/p>\n<p>Tuo pa\u010diu metu 85 proc. vokie\u010di\u0173 n\u0117ra patenkinti F.Merco veikla &#8211; tai yra maksimalus nepasitenkinimo rodiklis, kuris taip pat pirm\u0105 kart\u0105 buvo pasiektas 2026 m. gegu\u017e\u0119.<\/p>\n<p>Kaip rodo kito \u201eForsa&#8221; atlikto tyrimo rezultatai, Vokietijos pilie\u010diai ne k\u0105 geriau vertina F.Merco koleg\u0173 kabinete darb\u0105.<\/p>\n<p>Vokietijos vicekancleris, finans\u0173 ministras Larsas Klingbailis (Lars Klingbeil) taip pat buvo \u012fvertintas labai prastai.<\/p>\n<p>74 proc. respondent\u0173 teig\u0117 esantys nepatenkinti jo darbu ir tik 18 proc. palaik\u0117 ministr\u0105.<\/p>\n<p>Kaip i\u0161siai\u0161kino sociologai, F.Merco ir F.Klingbailo veikl\u0105 neigiamai vertina net j\u0173 partij\u0173 r\u0117m\u0117jai.<\/p>\n<p>Tik 48 proc. Krik\u0161\u010dioni\u0173 demokrat\u0173 s\u0105jungos ir Krik\u0161\u010dioni\u0173 socialin\u0117s s\u0105jungos aljanso (CDU\/CSU) rink\u0117j\u0173 yra patenkinti kanclerio darbu, o vicekanclerio veikla patenkinti tik 36 proc. Socialdemokrat\u0173 partijos (SPD) \u0161alinink\u0173.<\/p>\n<p>\u0160iuo metu tik 18 proc. Vokietijos pilie\u010di\u0173 yra patenkinti Vokietijos vyriausyb\u0117s veikla, o 82 proc. respondent\u0173 rei\u0161kia nepasitenkinim\u0105.<\/p>\n<p>Dauguma tiek CDU\/CSU bloko (54 proc.), tiek valdan\u010diajai koalicijai priklausan\u010dios SPD (72 proc.) \u0161alinink\u0173 n\u0117ra patenkinti vald\u017eios veiksmais.<\/p>\n","protected":false},"excerpt":{"rendered":"1 nuotr. Fridrichas Mercas. EPA-Eltos nuotr. \u00a0 Tai rodo visuomen\u0117s nuomon\u0117s apklausos, kuri\u0105 sociologin\u0117 tarnyba \u201eForsa&#8221; atliko NTV&hellip;\n","protected":false},"author":2,"featured_media":231886,"comment_status":"","ping_status":"","sticky":false,"template":"","format":"standard","meta":{"footnotes":"","_share_on_mastodon":"0"},"categories":[15],"tags":[25,359,30,31,34,35,24,3736,34529,32,33,37,39,36,38,40,34528,23,22,44,28,29,26,27,7093,320,557,74,75,76],"class_list":["post-231885","post","type-post","status-publish","format-standard","has-post-thumbnail","category-pasaulis","tag-antrastes","tag-apklausa","tag-breaking-news","tag-breakingnews","tag-featured-news","tag-featurednews","tag-headlines","tag-kancleris","tag-klingbeil","tag-latest-news","tag-latestnews","tag-lietuva","tag-lietuviu","tag-lithuania","tag-lithuanian","tag-lt","tag-merz","tag-naujienos","tag-news","tag-pasaulis","tag-populiariausios-naujienos","tag-populiariausiosnaujienos","tag-top-stories","tag-topstories","tag-visuomene","tag-vokietija","tag-vyriausybe","tag-world","tag-world-news","tag-worldnews"],"share_on_mastodon":{"url":"https:\/\/pubeurope.com\/@lt\/116941786385284524","error":""},"_links":{"self":[{"href":"https:\/\/www.europesays.com\/lt\/wp-json\/wp\/v2\/posts\/231885","targetHints":{"allow":["GET"]}}],"collection":[{"href":"https:\/\/www.europesays.com\/lt\/wp-json\/wp\/v2\/posts"}],"about":[{"href":"https:\/\/www.europesays.com\/lt\/wp-json\/wp\/v2\/types\/post"}],"author":[{"embeddable":true,"href":"https:\/\/www.europesays.com\/lt\/wp-json\/wp\/v2\/users\/2"}],"replies":[{"embeddable":true,"href":"https:\/\/www.europesays.com\/lt\/wp-json\/wp\/v2\/comments?post=231885"}],"version-history":[{"count":0,"href":"https:\/\/www.europesays.com\/lt\/wp-json\/wp\/v2\/posts\/231885\/revisions"}],"wp:featuredmedia":[{"embeddable":true,"href":"https:\/\/www.europesays.com\/lt\/wp-json\/wp\/v2\/media\/231886"}],"wp:attachment":[{"href":"https:\/\/www.europesays.com\/lt\/wp-json\/wp\/v2\/media?parent=231885"}],"wp:term":[{"taxonomy":"category","embeddable":true,"href":"https:\/\/www.europesays.com\/lt\/wp-json\/wp\/v2\/categories?post=231885"},{"taxonomy":"post_tag","embeddable":true,"href":"https:\/\/www.europesays.com\/lt\/wp-json\/wp\/v2\/tags?post=231885"}],"curies":[{"name":"wp","href":"https:\/\/api.w.org\/{rel}","templated":true}]}}