{"id":232007,"date":"2026-07-18T18:47:09","date_gmt":"2026-07-18T18:47:09","guid":{"rendered":"https:\/\/www.europesays.com\/lt\/232007\/"},"modified":"2026-07-18T18:47:09","modified_gmt":"2026-07-18T18:47:09","slug":"naujas-rutos-meilutytes-ivaizdis-sukele-audra","status":"publish","type":"post","link":"https:\/\/www.europesays.com\/lt\/232007\/","title":{"rendered":"Naujas R\u016btos Meilutyt\u0117s \u012fvaizdis suk\u0117l\u0117 audr\u0105"},"content":{"rendered":"<p>\u0160\u012fkart olimpin\u0117 \u010dempion\u0117 pasirod\u0117 vasaros festivalyje \u201eYaga Gathering\u201c, kuriame atskleid\u0117 kit\u0105 savo pus\u0119 \u2013 stojo prie did\u017e\u0117jos pulto.<\/p>\n<p>Festivalyje R. Meilutyt\u0117 pasirinko laisv\u0105, renginio atmosfer\u0105 atitinkan\u010di\u0105 aprang\u0105, o savo \u012fvaizd\u012f papild\u0117 ry\u0161kiu ir ne\u012fprastu makia\u017eu.<\/p>\n<p>Nors sportinink\u0117s muzika d\u017eiugino festivalio dalyvius, socialiniuose tinkluose pavie\u0161inta naujausia jos nuotrauka sulauk\u0117 \u012fvairi\u0173 reakcij\u0173. <\/p>\n<p>Vieniems toks R. Meilutyt\u0117s \u012fvaizdis pasirod\u0117 netik\u0117tas, o kiti negail\u0117jo jai kompliment\u0173.<\/p>\n<p>\u201eR\u016bta atrodo nuostabiai!\u201c \u2013 ra\u0161\u0117 vienas internautas.<\/p>\n<p>\u201eDJ Meilutyt\u0117? Pamenu, \u012f \u201eRoko naktis\u201c Meilutis visada atvarydavo\u201c, \u2013 prisiminimais dalijosi kitas komentatorius.<\/p>\n<p>Buvo ir toki\u0173, kurie sportinink\u0117s i\u0161 prad\u017ei\u0173 neatpa\u017eino.<\/p>\n<p>\u201eMeilutyt\u0117?\u201c \u2013 steb\u0117josi vienas socialini\u0173 tinkl\u0173 vartotojas.<\/p>\n","protected":false},"excerpt":{"rendered":"\u0160\u012fkart olimpin\u0117 \u010dempion\u0117 pasirod\u0117 vasaros festivalyje \u201eYaga Gathering\u201c, kuriame atskleid\u0117 kit\u0105 savo pus\u0119 \u2013 stojo prie did\u017e\u0117jos pulto.&hellip;\n","protected":false},"author":2,"featured_media":232008,"comment_status":"","ping_status":"","sticky":false,"template":"","format":"standard","meta":{"footnotes":"","_share_on_mastodon":"0"},"categories":[21],"tags":[113,1888,37,39,36,38,40,114,5166],"class_list":["post-232007","post","type-post","status-publish","format-standard","has-post-thumbnail","category-pramogos","tag-entertainment","tag-ivaizdis","tag-lietuva","tag-lietuviu","tag-lithuania","tag-lithuanian","tag-lt","tag-pramogos","tag-ruta-meilutyte"],"share_on_mastodon":{"url":"https:\/\/pubeurope.com\/@lt\/116942474140443393","error":""},"_links":{"self":[{"href":"https:\/\/www.europesays.com\/lt\/wp-json\/wp\/v2\/posts\/232007","targetHints":{"allow":["GET"]}}],"collection":[{"href":"https:\/\/www.europesays.com\/lt\/wp-json\/wp\/v2\/posts"}],"about":[{"href":"https:\/\/www.europesays.com\/lt\/wp-json\/wp\/v2\/types\/post"}],"author":[{"embeddable":true,"href":"https:\/\/www.europesays.com\/lt\/wp-json\/wp\/v2\/users\/2"}],"replies":[{"embeddable":true,"href":"https:\/\/www.europesays.com\/lt\/wp-json\/wp\/v2\/comments?post=232007"}],"version-history":[{"count":0,"href":"https:\/\/www.europesays.com\/lt\/wp-json\/wp\/v2\/posts\/232007\/revisions"}],"wp:featuredmedia":[{"embeddable":true,"href":"https:\/\/www.europesays.com\/lt\/wp-json\/wp\/v2\/media\/232008"}],"wp:attachment":[{"href":"https:\/\/www.europesays.com\/lt\/wp-json\/wp\/v2\/media?parent=232007"}],"wp:term":[{"taxonomy":"category","embeddable":true,"href":"https:\/\/www.europesays.com\/lt\/wp-json\/wp\/v2\/categories?post=232007"},{"taxonomy":"post_tag","embeddable":true,"href":"https:\/\/www.europesays.com\/lt\/wp-json\/wp\/v2\/tags?post=232007"}],"curies":[{"name":"wp","href":"https:\/\/api.w.org\/{rel}","templated":true}]}}