{"id":232035,"date":"2026-07-18T19:32:45","date_gmt":"2026-07-18T19:32:45","guid":{"rendered":"https:\/\/www.europesays.com\/lt\/232035\/"},"modified":"2026-07-18T19:32:45","modified_gmt":"2026-07-18T19:32:45","slug":"del-siurksciu-pazeidimu-vienoje-judriausiu-palangos-gatviu-sustabdyta-kavines-veikla-respublika-lt","status":"publish","type":"post","link":"https:\/\/www.europesays.com\/lt\/232035\/","title":{"rendered":"D\u0117l \u0161iurk\u0161\u010di\u0173 pa\u017eeidim\u0173 vienoje judriausi\u0173 Palangos gatvi\u0173 sustabdyta kavin\u0117s veikla &#8211; Respublika.lt"},"content":{"rendered":"<p><img loading=\"lazy\" decoding=\"async\" src=\"https:\/\/www.respublika.lt\/lt\/naujienos\/lietuva\/kitos-lietuvos-zinios\/del-siurksciu-pazeidimu-vienoje-judriausiu-palangos-gatviu-sustabdyta-kavines-veikla\/images\/ico_camera_white.gif\" class=\"camera\" width=\"22\" height=\"15\" alt=\"nuotr.\" style=\"position:relative; top:-2px; right:2px;\"\/> 1 nuotr.<\/p>\n<p>Sustabdyta kavin\u0117s \u201eSporto lizdas\u201c veikla. Kavin\u0117s socialinio tinklo nuotr.<\/p>\n<p style=\"text-align: justify;\" class=\"desktop_banner\">\u00a0<\/p>\n<p>Gavus vartotojo prane\u0161im\u0105, atliktas patikrinimas atskleid\u0117 ir daugiau pa\u017eeidim\u0173, d\u0117l kuri\u0173 nuspr\u0119sta stabdyti \u012fmon\u0117s veikl\u0105.<\/p>\n<p>Patikrinimo metu nustatyta, kad maisto tvarkymo patalp\u0173 b\u016bkl\u0117 buvo itin prasta.<\/p>\n<p>Po virtuv\u0117s \u012frenginiais ir u\u017e j\u0173 susikaupusi sena tar\u0161a, vietomis kabojo voratinkliai, sienos nusid\u0117v\u0117jusios, apta\u0161kytos, o grindys ne\u0161varios ir riebaluotos.<\/p>\n<p>Dalis grind\u0173 dangos buvo pa\u017eeista, kai kur lik\u0119 atviri ply\u0161iai ir tarpai.<\/p>\n<p>\u012emon\u0117je nebuvo u\u017etikrintos tinkamos s\u0105lygos dar\u017eovi\u0173 ruo\u0161imui. Nors tam skirtos patalpos kavin\u0117je buvo \u012frengtos, ta\u010diau jos netinkamos naudoti, tod\u0117l dar\u017eov\u0117s laikytos ir ruo\u0161tos u\u017e pastato esan\u010diame kieme.<\/p>\n<p>\u0160i vieta nebuvo pritaikyta maisto gaminimui: joje nebuvo plautuvi\u0173 su tekan\u010diu vandeniu, dar\u017eov\u0117s neapsaugotos nuo aplinkos tar\u0161os ir kenk\u0117j\u0173, laikytos tiesiog ant pad\u0117kl\u0173, pridengtos audeklu.<\/p>\n<p>Kiemas, kuriame buvo vykdoma \u0161i veikla, buvo netvarkingas &#8211; jame sukrautas nenaudojamas inventorius, \u0161iuk\u0161l\u0117s, galimai gyv\u016bn\u0173 i\u0161draskyti atliek\u0173 mai\u0161ai. Toje pa\u010dioje aplinkoje buvo laikomas ir veikiantis g\u0117rimams skirt\u0173 leduk\u0173 gaminimo aparatas.<\/p>\n<p>Patikrinimo metu taip pat nustatyta, kad dalyje gamybini\u0173 ir personalo patalp\u0173 plautuvi\u0173 nebuvo kar\u0161to tekan\u010dio vandens, tr\u016bko rank\u0173 higienai reikaling\u0173 priemoni\u0173, o kai kurios plautuv\u0117s buvo u\u017ekrautos inventoriumi ir maisto produktais.<\/p>\n<p>Nebuvo u\u017etikrintos tinkamos s\u0105lygos nei darbuotoj\u0173 rank\u0173 higienai, nei gamybinio inventoriaus plovimui.<\/p>\n<p>Be to, inspektoriai rado lankytojams skirt\u0173 nepakankamai i\u0161plaut\u0173 ind\u0173, pasibaigusio tinkamumo vartoti maisto produkt\u0173 bei produkt\u0173, kuri\u0173 kilm\u0117s \u012fmon\u0117 negal\u0117jo pagr\u012fsti. Dalis j\u0173 buvo laikomi netinkamomis s\u0105lygomis.<\/p>\n<p>\u201eMaisto sauga prasideda nuo elementarios higienos ir atsakomyb\u0117s. \u0160iuo atveju nustatyti pa\u017eeidimai rodo ne pavienius tr\u016bkumus, o sisteming\u0105 maisto saugos ir higienos reikalavim\u0173 nepaisym\u0105. Kai maistas gali b\u016bti ruo\u0161iamas i\u0161 neai\u0161kios kilm\u0117s ar pasibaigusio galiojimo produkt\u0173, o jo tvarkymas vyksta tam nepritaikytoje ir nehigieni\u0161koje aplinkoje, rizika vartotoj\u0173 sveikatai tampa reali. Tokiais atvejais veiklos stabdymas yra b\u016btina priemon\u0117. Art\u0117jant didiesiems vasaros renginiams, kai maitinimo \u012fstaigose gerokai i\u0161auga lankytoj\u0173 srautai, maisto verslas tur\u0117t\u0173 ypa\u010d atsakingai \u012fvertinti ir suvaldyti visas su maisto gamyba, laikymu bei sand\u0117liavimu susijusias rizikas. Tokie pa\u017eeidimai gali sukelti rimt\u0173 pasekmi\u0173 vartotoj\u0173 sveikatai ir tapti masini\u0173 apsinuodijim\u0173 ar susirgim\u0173 prie\u017eastimi. Kartu norime pabr\u0117\u017eti, kad nema\u017eiau svarbus yra ir gyventoj\u0173 pilieti\u0161kumas ir neabejingumas  &#8211; pasteb\u0117j\u0119 galimus pa\u017eeidimus \u017emon\u0117s padeda grei\u010diau identifikuoti problemas ir u\u017ekirsti keli\u0105 nesaugiai maisto tvarkymo praktikai&#8221;,  &#8211; sako VMVT Klaip\u0117dos apygardos prie\u017ei\u016bros skyriaus ved\u0117jas Mindaugas Ka\u0161inskas.<\/p>\n<p>D\u0117l nustatyt\u0173 \u0161iurk\u0161\u010di\u0173 pa\u017eeidim\u0173 priimtas sprendimas stabdyti \u0161ios kavin\u0117s veikl\u0105.<\/p>\n<p>\u012emonei nurodyta pa\u0161alinti pa\u017eeidimus, o veikla gal\u0117s b\u016bti atnaujinta tik po pakartotinio VMVT patikrinimo.<\/p>\n","protected":false},"excerpt":{"rendered":"1 nuotr. Sustabdyta kavin\u0117s \u201eSporto lizdas\u201c veikla. Kavin\u0117s socialinio tinklo nuotr. \u00a0 Gavus vartotojo prane\u0161im\u0105, atliktas patikrinimas atskleid\u0117&hellip;\n","protected":false},"author":2,"featured_media":232036,"comment_status":"","ping_status":"","sticky":false,"template":"","format":"standard","meta":{"footnotes":"","_share_on_mastodon":"0"},"categories":[13],"tags":[25,30,31,34,35,24,2025,32,33,37,39,36,38,40,23,22,2801,9230,28,29,34553,34554,26,27,7413,1073],"class_list":["post-232035","post","type-post","status-publish","format-standard","has-post-thumbnail","category-lietuva","tag-antrastes","tag-breaking-news","tag-breakingnews","tag-featured-news","tag-featurednews","tag-headlines","tag-kavine","tag-latest-news","tag-latestnews","tag-lietuva","tag-lietuviu","tag-lithuania","tag-lithuanian","tag-lt","tag-naujienos","tag-news","tag-palanga","tag-pazeidimai","tag-populiariausios-naujienos","tag-populiariausiosnaujienos","tag-sporto-lizdas","tag-sustabdyta","tag-top-stories","tag-topstories","tag-veikla","tag-vmvt"],"share_on_mastodon":{"url":"https:\/\/pubeurope.com\/@lt\/116942651249936056","error":""},"_links":{"self":[{"href":"https:\/\/www.europesays.com\/lt\/wp-json\/wp\/v2\/posts\/232035","targetHints":{"allow":["GET"]}}],"collection":[{"href":"https:\/\/www.europesays.com\/lt\/wp-json\/wp\/v2\/posts"}],"about":[{"href":"https:\/\/www.europesays.com\/lt\/wp-json\/wp\/v2\/types\/post"}],"author":[{"embeddable":true,"href":"https:\/\/www.europesays.com\/lt\/wp-json\/wp\/v2\/users\/2"}],"replies":[{"embeddable":true,"href":"https:\/\/www.europesays.com\/lt\/wp-json\/wp\/v2\/comments?post=232035"}],"version-history":[{"count":0,"href":"https:\/\/www.europesays.com\/lt\/wp-json\/wp\/v2\/posts\/232035\/revisions"}],"wp:featuredmedia":[{"embeddable":true,"href":"https:\/\/www.europesays.com\/lt\/wp-json\/wp\/v2\/media\/232036"}],"wp:attachment":[{"href":"https:\/\/www.europesays.com\/lt\/wp-json\/wp\/v2\/media?parent=232035"}],"wp:term":[{"taxonomy":"category","embeddable":true,"href":"https:\/\/www.europesays.com\/lt\/wp-json\/wp\/v2\/categories?post=232035"},{"taxonomy":"post_tag","embeddable":true,"href":"https:\/\/www.europesays.com\/lt\/wp-json\/wp\/v2\/tags?post=232035"}],"curies":[{"name":"wp","href":"https:\/\/api.w.org\/{rel}","templated":true}]}}