{"id":232477,"date":"2026-07-19T12:41:12","date_gmt":"2026-07-19T12:41:12","guid":{"rendered":"https:\/\/www.europesays.com\/lt\/232477\/"},"modified":"2026-07-19T12:41:12","modified_gmt":"2026-07-19T12:41:12","slug":"uz-ismanuji-laikrodi-prie-vairo-235-euru-bauda","status":"publish","type":"post","link":"https:\/\/www.europesays.com\/lt\/232477\/","title":{"rendered":"U\u017e i\u0161man\u0173j\u012f laikrod\u012f prie vairo \u2013 235 eur\u0173 bauda?"},"content":{"rendered":"<p>  <img decoding=\"async\" src=\"https:\/\/www.europesays.com\/lt\/wp-content\/uploads\/2026\/07\/e870c736-f439-430e-9f3f-ef524c3e8230.jpg\" loading=\"eager\" fetchpriority=\"high\" alt=\"Vairuotojas tikrina i\u0161man\u0173j\u012f laikrod\u012f\"\/> <\/p>\n<p>Vairuotojas tikrina i\u0161man\u0173j\u012f laikrod\u012f<\/p>\n<p>FOTO:  Julija Sulkovska | Shutterstock<\/p>\n<p>Technologijoms spar\u010diai vystantis, vairuojant nusukti akis nuo kelio vilioja nebe tik mobilieji telefonai, bet ir kiti \u012frenginiai su ekranais, be perstojo siun\u010diantys prane\u0161imus. Tai kei\u010dia ir \u012fstatymus, pavyzd\u017eiui, Jungtin\u0117je Karalyst\u0117je vairuotojas gali gauti baud\u0105 u\u017e naudojim\u0105si i\u0161maniuoju laikrod\u017eiu. <\/p>\n","protected":false},"excerpt":{"rendered":"Vairuotojas tikrina i\u0161man\u0173j\u012f laikrod\u012f FOTO: Julija Sulkovska | Shutterstock Technologijoms spar\u010diai vystantis, vairuojant nusukti akis nuo kelio vilioja&hellip;\n","protected":false},"author":2,"featured_media":232478,"comment_status":"","ping_status":"","sticky":false,"template":"","format":"standard","meta":{"footnotes":"","_share_on_mastodon":"0"},"categories":[19],"tags":[3534,4578,37,39,36,38,40,27599,47,104,5751],"class_list":["post-232477","post","type-post","status-publish","format-standard","has-post-thumbnail","category-sportas","tag-bauda","tag-ismanusis-laikrodis","tag-lietuva","tag-lietuviu","tag-lithuania","tag-lithuanian","tag-lt","tag-saugaus-eismo-automobiliu-keliais-istatymas","tag-sportas","tag-sports","tag-susisiekimo-ministerija"],"share_on_mastodon":{"url":"https:\/\/pubeurope.com\/@lt\/116946697609537133","error":""},"_links":{"self":[{"href":"https:\/\/www.europesays.com\/lt\/wp-json\/wp\/v2\/posts\/232477","targetHints":{"allow":["GET"]}}],"collection":[{"href":"https:\/\/www.europesays.com\/lt\/wp-json\/wp\/v2\/posts"}],"about":[{"href":"https:\/\/www.europesays.com\/lt\/wp-json\/wp\/v2\/types\/post"}],"author":[{"embeddable":true,"href":"https:\/\/www.europesays.com\/lt\/wp-json\/wp\/v2\/users\/2"}],"replies":[{"embeddable":true,"href":"https:\/\/www.europesays.com\/lt\/wp-json\/wp\/v2\/comments?post=232477"}],"version-history":[{"count":0,"href":"https:\/\/www.europesays.com\/lt\/wp-json\/wp\/v2\/posts\/232477\/revisions"}],"wp:featuredmedia":[{"embeddable":true,"href":"https:\/\/www.europesays.com\/lt\/wp-json\/wp\/v2\/media\/232478"}],"wp:attachment":[{"href":"https:\/\/www.europesays.com\/lt\/wp-json\/wp\/v2\/media?parent=232477"}],"wp:term":[{"taxonomy":"category","embeddable":true,"href":"https:\/\/www.europesays.com\/lt\/wp-json\/wp\/v2\/categories?post=232477"},{"taxonomy":"post_tag","embeddable":true,"href":"https:\/\/www.europesays.com\/lt\/wp-json\/wp\/v2\/tags?post=232477"}],"curies":[{"name":"wp","href":"https:\/\/api.w.org\/{rel}","templated":true}]}}