{"id":232505,"date":"2026-07-19T13:05:06","date_gmt":"2026-07-19T13:05:06","guid":{"rendered":"https:\/\/www.europesays.com\/lt\/232505\/"},"modified":"2026-07-19T13:05:06","modified_gmt":"2026-07-19T13:05:06","slug":"cebureku-prekeiviu-palangoje-baudos-nestabdo","status":"publish","type":"post","link":"https:\/\/www.europesays.com\/lt\/232505\/","title":{"rendered":"\u010ceburek\u0173 prekeivi\u0173 Palangoje baudos nestabdo"},"content":{"rendered":"<p><a rel=\"noopener nofollow\" target=\"_blank\" href=\"https:\/\/www.delfi.lt\/temos\/palanga\" tag-id=\"45941495\">Palangos<\/a> gelb\u0117tojai ir patys stebisi \u2013 \u0161i\u0105 vasar\u0105 \u012f papl\u016bdimius dar n\u0117 karto nekviet\u0117 policijos. <\/p>\n<p>\u201eTikrai pastebime, kad papl\u016bdimiuose gerokai suma\u017e\u0117jo alkoholio vartojimo ir kit\u0173 pa\u017eeidim\u0173. Ta\u010diau turime nuvilti \u2013 labai didel\u0117 problema yra vaik\u0173 neprie\u017ei\u016bra. T\u0117vai stovi kopose, o vaikai vieni maudosi. Da\u017enai vaikai dingsta, t\u0117vai ateina ir klausia, ar j\u0173 vaikas nenuskendo. Tuomet kyla bereikalinga panika\u201c, \u2013 pasakojo Gelb\u0117jimo tarnybos vadovo pavaduotojas Kajus Piro\u017enikas.<\/p>\n<p>Prastoki orai, matyt, l\u0117m\u0117, kad net ir i\u0161k\u0117lus raudon\u0105, maudytis draud\u017eian\u010di\u0105 v\u0117liav\u0105 \u012f j\u016br\u0105 lindo nedaugelis.<\/p>\n<p>O \u0161tai prekeiviai su \u0161altkrep\u0161iais papl\u016bdimiuose vis dar pasirodo.<\/p>\n<p>\u201eJ\u0173 gerokai suma\u017e\u0117jo. Per dien\u0105 pasirodo vienas ar du, daugiau neb\u016bna. Jie tarpusavyje kalbasi, kaip sekasi. \u017dod\u017eiu, nesiseka\u201c, \u2013 kalb\u0117jo poilsiautojas.<\/p>\n<p>Kai kurie poilsiautojai prisimena, kaip smagu buvo prie j\u016bros ragauti \u0161alto alaus, keptos duonos ir <a rel=\"noopener nofollow\" target=\"_blank\" href=\"https:\/\/www.delfi.lt\/temos\/ceburekai\" tag-id=\"61417829\">\u010deburek\u0173<\/a>.<\/p>\n<p>\u201ePasiilgau, valgau ir nemir\u0161tu. Viskas labai gerai. Atne\u0161a da\u017enai \u2013 valgome, skanu\u201c, \u2013 pasakojo poilsiautoja.<\/p>\n<p>\u201eMes patys neperkame nei alaus, nei \u010deburek\u0173. Kiekvien\u0105 ryt\u0105 ateiname ir matome, kad \u010deburekus vis dar ne\u0161a. Ta\u010diau j\u0173 neperkame \u2013 valgome vietos kavin\u0117se arba namuose\u201c, \u2013 teig\u0117 poilsiautojas.<\/p>\n<p>Prekeiviai gaudomi<\/p>\n<p>Vie\u0161\u0105j\u0105 tvark\u0105 kurorte pri\u017ei\u016brintys pareig\u016bnai sako, kad leidim\u0173 prekiauti \u010deburekais papl\u016bdimiuose n\u0117ra i\u0161duota, tod\u0117l tokia veikla u\u017esiimantys prekeiviai gaudomi. Jau i\u0161ai\u0161kinti \u0161e\u0161i nelegal\u016bs prekeiviai, ta\u010diau visi jie \u2013 nepilname\u010diai.<\/p>\n<p>\u201eProcesas sud\u0117tingas, nes da\u017eniausiai \u0161iai veiklai samdomi nepilname\u010diai, o j\u0173 apsaug\u0105 grie\u017etai reglamentuoja \u012fstatymai. Tod\u0117l galime tik prevenci\u0161kai u\u017ekardyti toki\u0105 veikl\u0105. Vis d\u0117lto, kai pa\u017eeidimas akivaizdus, ir \u0161iemet policijai buvo perduota toki\u0173 atvej\u0173\u201c, \u2013 ai\u0161kino pareig\u016bnas Palangos vie\u0161osios tvarkos ir rinkliav\u0173 tarnybos vadovas Algimantas Blu\u0161kis.<\/p>\n<p>Prie papl\u016bdimio priplaukia ir \u017evej\u0173 valtys, ta\u010diau prekyba \u017euvimis ilgai netrunka, tod\u0117l ne visi poilsiautojai sp\u0117ja j\u0173 nusipirkti.<\/p>\n<p>\u201eKiek atva\u017eiuojame, tiek \u017euv\u0173 tais laiveliais atve\u017ea. Ne\u017einau, ar jie prekiauja legaliai ir ar tos \u017euvys saugios. Kartais teko nusipirkti \u2013 ragavome, buvo gana skanios ir nebrangios\u201c, \u2013 dalijosi poilsiautojas.<\/p>\n<p>\u201e\u0160iais prekeiviais nelabai pasitikiu. Turiu por\u0105 viet\u0173, kur, \u017einau, \u017euvys patikimesn\u0117s\u201c, \u2013 sak\u0117 kitas vyras.<\/p>\n<p>Baud\u017eiami ir \u017evejai<\/p>\n<p>Tarnyb\u0173 atstovai tikina, kad leidim\u0173 prekiauti \u017euvimis papl\u016bdimiuose taip pat n\u0117ra i\u0161dav\u0119. U\u017e toki\u0105 veikl\u0105 \u017evejai jau dukart bausti tiek Palangoje, tiek \u0160ventojoje.<\/p>\n<p>\u201eJie neatitinka sanitarini\u0173 ir higienos reikalavim\u0173, ta\u010diau vis dar prekiauja. Esame u\u017efiksav\u0119 toki\u0173 pa\u017eeidim\u0173. Yra nuolatini\u0173 prekeivi\u0173, ta\u010diau administracin\u0117 teisena tokia, kad \u017emon\u0117s renkasi, kas jiems naudingiau. Jiems nesvarbu, ar skiriama bauda, \u2013 jie piktybi\u0161kai prekiauja toliau\u201c, \u2013 pabr\u0117\u017e\u0117 A. Blu\u0161kis.<\/p>\n<p>Pareig\u016bnai sako, kad baudos u\u017e prekyb\u0105 be leidimo yra per ma\u017eos. Pirm\u0105 kart\u0105 jos siekia nuo 16 iki 30 eur\u0173, o pakartotinai \u012fkliuvus gali padid\u0117ti iki 80 eur\u0173.<\/p>\n<p>Kai kurie poilsiautojai bendruosiuose papl\u016bdimiuose vis dar \u012fsikuria ir su \u0161unimis.<\/p>\n<p>\u201e\u0160unims skirtas papl\u016bdimys yra Nemirsetoje, kuri yra gana toli. Ta\u010diau \u012fstatyme numatyta, kad bendruosiuose papl\u016bdimiuose su \u0161unimis vaik\u0161\u010dioti draud\u017eiama, tod\u0117l poilsiautojus nuolat \u012fsp\u0117jame\u201c, \u2013 nurod\u0117 K. Piro\u017enikas.<\/p>\n<p>\u201ePer bendrus reidus taikome ir administracin\u0119 atsakomyb\u0119, o kai tikriname vieni, da\u017eniausiai apsiribojame prevenciniu \u012fsp\u0117jimu. Kol kas visi \u017emon\u0117s supratingi, konflikt\u0173 \u0161iemet netur\u0117jome\u201c, \u2013 prid\u016br\u0117 pareig\u016bnas A. Blu\u0161kis.<\/p>\n<p>Pareig\u016bnai teigia, kad kone kasdien tenka \u012fsp\u0117ti ma\u017eiausiai penkis poilsiautojus, \u012f bendruosius papl\u016bdimius ateinan\u010dius su \u0161unimis.<\/p>\n","protected":false},"excerpt":{"rendered":"Palangos gelb\u0117tojai ir patys stebisi \u2013 \u0161i\u0105 vasar\u0105 \u012f papl\u016bdimius dar n\u0117 karto nekviet\u0117 policijos. \u201eTikrai pastebime, kad&hellip;\n","protected":false},"author":2,"featured_media":232506,"comment_status":"","ping_status":"","sticky":false,"template":"","format":"standard","meta":{"footnotes":"","_share_on_mastodon":"0"},"categories":[13],"tags":[25,30,31,34607,34,35,24,32,33,37,39,36,38,40,23,22,2801,28,29,26,27],"class_list":["post-232505","post","type-post","status-publish","format-standard","has-post-thumbnail","category-lietuva","tag-antrastes","tag-breaking-news","tag-breakingnews","tag-ceburekai","tag-featured-news","tag-featurednews","tag-headlines","tag-latest-news","tag-latestnews","tag-lietuva","tag-lietuviu","tag-lithuania","tag-lithuanian","tag-lt","tag-naujienos","tag-news","tag-palanga","tag-populiariausios-naujienos","tag-populiariausiosnaujienos","tag-top-stories","tag-topstories"],"share_on_mastodon":{"url":"https:\/\/pubeurope.com\/@lt\/116946791781774405","error":""},"_links":{"self":[{"href":"https:\/\/www.europesays.com\/lt\/wp-json\/wp\/v2\/posts\/232505","targetHints":{"allow":["GET"]}}],"collection":[{"href":"https:\/\/www.europesays.com\/lt\/wp-json\/wp\/v2\/posts"}],"about":[{"href":"https:\/\/www.europesays.com\/lt\/wp-json\/wp\/v2\/types\/post"}],"author":[{"embeddable":true,"href":"https:\/\/www.europesays.com\/lt\/wp-json\/wp\/v2\/users\/2"}],"replies":[{"embeddable":true,"href":"https:\/\/www.europesays.com\/lt\/wp-json\/wp\/v2\/comments?post=232505"}],"version-history":[{"count":0,"href":"https:\/\/www.europesays.com\/lt\/wp-json\/wp\/v2\/posts\/232505\/revisions"}],"wp:featuredmedia":[{"embeddable":true,"href":"https:\/\/www.europesays.com\/lt\/wp-json\/wp\/v2\/media\/232506"}],"wp:attachment":[{"href":"https:\/\/www.europesays.com\/lt\/wp-json\/wp\/v2\/media?parent=232505"}],"wp:term":[{"taxonomy":"category","embeddable":true,"href":"https:\/\/www.europesays.com\/lt\/wp-json\/wp\/v2\/categories?post=232505"},{"taxonomy":"post_tag","embeddable":true,"href":"https:\/\/www.europesays.com\/lt\/wp-json\/wp\/v2\/tags?post=232505"}],"curies":[{"name":"wp","href":"https:\/\/api.w.org\/{rel}","templated":true}]}}