{"id":232581,"date":"2026-07-19T14:52:12","date_gmt":"2026-07-19T14:52:12","guid":{"rendered":"https:\/\/www.europesays.com\/lt\/232581\/"},"modified":"2026-07-19T14:52:12","modified_gmt":"2026-07-19T14:52:12","slug":"zinia-galinti-pakeisti-visa-siu-metu-grudu-rinka","status":"publish","type":"post","link":"https:\/\/www.europesays.com\/lt\/232581\/","title":{"rendered":"\u017dinia, galinti pakeisti vis\u0105 \u0161i\u0173 met\u0173 gr\u016bd\u0173 rink\u0105"},"content":{"rendered":"<p>Prekybininkai neperka gr\u016bd\u0173 per uostus, o laivai bijo \u012fplaukti \u012f vanden\u0173 teritorij\u0105.<\/p>\n<p>Gr\u016bd\u0173 eksportas per Ukrainos giliavandenius uostus prakti\u0161kai visi\u0161kai sustabdytas d\u0117l masini\u0173 Rusijos atak\u0173 prie\u0161 uost\u0173 infrastrukt\u016br\u0105. Apie tai leidiniui \u201e<a rel=\"noopener nofollow\" href=\"http:\/\/Latifundist.com\" target=\"_blank\">Latifundist.com<\/a>\u201c komentavo konsultacin\u0117s bendrov\u0117s \u201eBarva Invest\u201c operacij\u0173 partneris Bogdanas Kosteckis.<\/p>\n<p>Pasak jo, dauguma did\u017ei\u0173j\u0173 gr\u016bd\u0173 prekybinink\u0173 laikinai nutrauk\u0117 gr\u016bd\u0173 pirkim\u0105 per giliavandenius uostus. Taip pat sustabd\u0117 veikl\u0105 kai kurie \u0161i\u0173 uost\u0173 terminalai.<\/p>\n<p>\u201eBeveik visi didieji rinkos dalyviai nutrauk\u0117 pirkimus per giliavandenius terminalus. I\u0161 esm\u0117s \u0161iandien giliavandenis eksportas pas mus sustojo\u201c, \u2013 prane\u0161\u0117 rinkos analitikas.<\/p>\n<p>Laiv\u0173 savininkai, savo ruo\u017etu, taip pat masi\u0161kai atsisako \u012fplaukti \u012f Ukrainos uostus, motyvuodami tai dideliu pavojumi.<\/p>\n<p>Kaip paai\u0161kino K. Kosteckis, \u0161i situacija jau daro spaudim\u0105 vidaus kainoms Ukrainoje. Pavyzd\u017eiui, perdirbimo \u012fmon\u0117s suma\u017eino raps\u0173 supirkimo kainas ma\u017edaug 1 t\u016bkst. griv\u0173 u\u017e ton\u0105. Pana\u0161iai ir kombikorm\u0173 gamyklos ma\u017eina gr\u016bd\u0173 supirkimo kainas.<\/p>\n<p>Tuo pa\u010diu metu alternatyv\u016bs logistikos mar\u0161rutai, ypa\u010d per Rumunij\u0105, lemia dideles transporto i\u0161laidas, pa\u017eymi ekspertas.<\/p>\n<p>Ta\u010diau K. Kosteckis mano, kad eksporto sustabdymas vargu ar bus ilgalaikis.<\/p>\n<p>    <img decoding=\"async\" src=\"https:\/\/www.europesays.com\/lt\/wp-content\/uploads\/2026\/07\/2b2dbf12-9f79-4c11-9889-faf96310c982.jpg\" loading=\"lazy\" alt=\"Nuotraukos - 87\"\/>      <\/p>\n<p>Kaip ra\u0161\u0117 \u201eUNIAN\u201c, penktadien\u012f Rusija sureng\u0117 raketin\u012f sm\u016bg\u012f \u012f Odesos srities uost\u0173 infrastrukt\u016br\u0105, d\u0117l kurio buvo apgadinti u\u017esienio krovininiai laivai, o tarp civili\u0173 gyventoj\u0173 yra \u017euvusi\u0173 ir su\u017eeist\u0173. Ukrainos kariniai j\u016breiviai i\u0161gelb\u0117jo 17 laivo \u201eVENTURO\u201c \u012fgulos nari\u0173. Taip pat buvo apgadinti infrastrukt\u016bros objektai ir speciali gelb\u0117jimo technika.<\/p>\n<p>Be to, prane\u0161\u0117me, kad \u0161i\u0105 savait\u0119 per raketin\u012f sm\u016bg\u012f Odesai \u017euvo Ukrainos Raudonojo Kry\u017eiaus savanor\u0117 ir pirmosios pagalbos instruktor\u0117 Jelena Archipova, trij\u0173 vaik\u0173 motina. Jos vaikai i\u0161gyveno ir gauna reikiam\u0105 pagalb\u0105.<\/p>\n","protected":false},"excerpt":{"rendered":"Prekybininkai neperka gr\u016bd\u0173 per uostus, o laivai bijo \u012fplaukti \u012f vanden\u0173 teritorij\u0105. Gr\u016bd\u0173 eksportas per Ukrainos giliavandenius uostus&hellip;\n","protected":false},"author":2,"featured_media":232582,"comment_status":"","ping_status":"","sticky":false,"template":"","format":"standard","meta":{"footnotes":"","_share_on_mastodon":"0"},"categories":[15],"tags":[25,30,31,34,35,2763,24,32,33,37,39,36,38,40,23,22,44,28,29,5698,26,27,360,74,75,76],"class_list":["post-232581","post","type-post","status-publish","format-standard","has-post-thumbnail","category-pasaulis","tag-antrastes","tag-breaking-news","tag-breakingnews","tag-featured-news","tag-featurednews","tag-grudai","tag-headlines","tag-latest-news","tag-latestnews","tag-lietuva","tag-lietuviu","tag-lithuania","tag-lithuanian","tag-lt","tag-naujienos","tag-news","tag-pasaulis","tag-populiariausios-naujienos","tag-populiariausiosnaujienos","tag-rusijos-agresija","tag-top-stories","tag-topstories","tag-ukraina","tag-world","tag-world-news","tag-worldnews"],"share_on_mastodon":{"url":"https:\/\/pubeurope.com\/@lt\/116947212697528387","error":""},"_links":{"self":[{"href":"https:\/\/www.europesays.com\/lt\/wp-json\/wp\/v2\/posts\/232581","targetHints":{"allow":["GET"]}}],"collection":[{"href":"https:\/\/www.europesays.com\/lt\/wp-json\/wp\/v2\/posts"}],"about":[{"href":"https:\/\/www.europesays.com\/lt\/wp-json\/wp\/v2\/types\/post"}],"author":[{"embeddable":true,"href":"https:\/\/www.europesays.com\/lt\/wp-json\/wp\/v2\/users\/2"}],"replies":[{"embeddable":true,"href":"https:\/\/www.europesays.com\/lt\/wp-json\/wp\/v2\/comments?post=232581"}],"version-history":[{"count":0,"href":"https:\/\/www.europesays.com\/lt\/wp-json\/wp\/v2\/posts\/232581\/revisions"}],"wp:featuredmedia":[{"embeddable":true,"href":"https:\/\/www.europesays.com\/lt\/wp-json\/wp\/v2\/media\/232582"}],"wp:attachment":[{"href":"https:\/\/www.europesays.com\/lt\/wp-json\/wp\/v2\/media?parent=232581"}],"wp:term":[{"taxonomy":"category","embeddable":true,"href":"https:\/\/www.europesays.com\/lt\/wp-json\/wp\/v2\/categories?post=232581"},{"taxonomy":"post_tag","embeddable":true,"href":"https:\/\/www.europesays.com\/lt\/wp-json\/wp\/v2\/tags?post=232581"}],"curies":[{"name":"wp","href":"https:\/\/api.w.org\/{rel}","templated":true}]}}