{"id":232583,"date":"2026-07-19T14:53:10","date_gmt":"2026-07-19T14:53:10","guid":{"rendered":"https:\/\/www.europesays.com\/lt\/232583\/"},"modified":"2026-07-19T14:53:10","modified_gmt":"2026-07-19T14:53:10","slug":"nuotraukose-minios-zmoniu-palangoje-poilsiautojai-plusta-ne-tik-i-papludimi-delfi","status":"publish","type":"post","link":"https:\/\/www.europesays.com\/lt\/232583\/","title":{"rendered":"Nuotraukose \u2013 minios \u017emoni\u0173 Palangoje: poilsiautojai pl\u016bsta ne tik \u012f papl\u016bdim\u012f &#8211; Delfi"},"content":{"rendered":"<ol>\n<li><a href=\"https:\/\/news.google.com\/rss\/articles\/CBMiwAFBVV95cUxNTFJCTEh5a0RLbHprdmFhYllLQm50TnlKVEFIS0cwdWZPcTQ2Nk5WMEV1Y2h2LUFubFAzNUk0X2NhN1lyTGYtMmhsTGI3Wk1UYzNhamFRS0dEZnVSeTItTlhWcWhkazhlbndCSTdSS3VDM0ZCbjk4Um82VHNzVmtMVS15bzNUcElvYzR1WVNtTjZlVUkzVXlsSzJqTEVOdE45WVpkWkdEeHFxQ1pMNlJUblRUaTRJRGtoRXRIeXhFOWI?oc=5\" target=\"_blank\" rel=\"nofollow noopener\">Nuotraukose \u2013 minios \u017emoni\u0173 Palangoje: poilsiautojai pl\u016bsta ne tik \u012f papl\u016bdim\u012f<\/a>&nbsp;&nbsp;Delfi<\/li>\n<li><a href=\"https:\/\/news.google.com\/rss\/articles\/CBMizwFBVV95cUxPSDBQT2w5YjY3Q01PZFF5V1JpREp3R3h4QW9Mc0VaYUFIMDY2WXlEQ1BlS2diUEN5RGptT1dIQ1c4WllzY0s3RDZaNVVNZmltWV9lVWVjTzlwaERvc3lyUk9fV04ybmFvcXFyVVBVc2pBZmpYMTNhdWwwdXY2ZmFwa0g4NmJIMGhic25uWDNwbHprdW1fc2F3S3JUVWFNanpvSkVuSUcyUW5zRlczcVlSQlozNzdaMjZtSkF5N2RZSU1VWmJwUVlmZjNHYUpsU3c?oc=5\" target=\"_blank\" rel=\"nofollow noopener\">Verslo pozicija &#8211; \u0160i\u0161kauskien\u0117: Palangoje nuo liepos 1-osios buvo tik dvi su puse geros dienos<\/a>&nbsp;&nbsp;\u017dini\u0173 radijas<\/li>\n<li><a href=\"https:\/\/news.google.com\/rss\/articles\/CBMi1AFBVV95cUxQODVDRFYtbUcyWDNDNGRVTmNobXRvNDdNenExaG9WVnBrbEpHajlwUmJQZnpSYXNLZ2FvMzJNcE9BdlRoanNUNjhmSTFRbjBaYnF5UkFydlN0ZjlldkVqMDZLdFU1LWJ4ZmFMTmt2eGpqb0NFdU1pLTlSd1AzaTgzeG82dkxkeEF3emd0bGtnYUJYeTlDN2JhRkVnVU9lV3B4MUllMDVRQmtnTjNUM0M0X1dwV0d3eGtTMWVfWXBTanRWc3RzU2tPTS1kOG10elhXdFJSZQ?oc=5\" target=\"_blank\" rel=\"nofollow noopener\">Nuotraukose \u2013 vasaros \u012fkar\u0161tis Palangoje: kaip laik\u0105 leid\u017eia kurort\u0105 u\u017epl\u016bd\u0119 poilsiautojai<\/a>&nbsp;&nbsp;Delfi<\/li>\n<li><a href=\"https:\/\/news.google.com\/rss\/articles\/CBMilAFBVV95cUxPMWNmUDN4ZHlZTkl2UDNyanBUcVBTYmE1N2tIbVJFeGlNMHhnY0FNbHVJWnZ3aWlQZm9DaDVpd0l0aEtudjhPU0gzX3RxTm90VnJqWEdidHRBb2kxSU1YV25Ka0R5V3MzaEJaeWdYa3ViY2xBT28tTTRlS3ZNZVVWM3FaUGlpVXNoQUtnLWRjdkk5OHFq?oc=5\" target=\"_blank\" rel=\"nofollow noopener\">Palanga, kuri\u0105 prarandame \u2013 net \u0161ird\u012f u\u017espaud\u0117<\/a>&nbsp;&nbsp;Delfi<\/li>\n<li><a href=\"https:\/\/news.google.com\/rss\/articles\/CBMib0FVX3lxTE56RG5zeDQxVTEwekpCZTRaM0dRQzNRT21kRms0bUVtMDNnUmlZT2FmYnVJN29maTRTeVpIN1dJRk9VQXpPRzhYODJDek1MMXp3cHB4SGhHX19rNEpkTjlPcGo3Ml9UcnlwWm1TS1dtbw?oc=5\" target=\"_blank\" rel=\"nofollow noopener\">I\u0161tu\u0161t\u0117jusi Palanga nakt\u012f<\/a>&nbsp;&nbsp;15min.lt<\/li>\n<\/ol>\n","protected":false},"excerpt":{"rendered":"Nuotraukose \u2013 minios \u017emoni\u0173 Palangoje: poilsiautojai pl\u016bsta ne tik \u012f papl\u016bdim\u012f&nbsp;&nbsp;Delfi Verslo pozicija &#8211; \u0160i\u0161kauskien\u0117: Palangoje nuo liepos&hellip;\n","protected":false},"author":2,"featured_media":232584,"comment_status":"","ping_status":"","sticky":false,"template":"","format":"standard","meta":{"footnotes":"","_share_on_mastodon":"0"},"categories":[13],"tags":[25,30,31,34,35,24,32,33,37,39,36,38,40,23,22,2801,28,29,26,27],"class_list":["post-232583","post","type-post","status-publish","format-standard","has-post-thumbnail","category-lietuva","tag-antrastes","tag-breaking-news","tag-breakingnews","tag-featured-news","tag-featurednews","tag-headlines","tag-latest-news","tag-latestnews","tag-lietuva","tag-lietuviu","tag-lithuania","tag-lithuanian","tag-lt","tag-naujienos","tag-news","tag-palanga","tag-populiariausios-naujienos","tag-populiariausiosnaujienos","tag-top-stories","tag-topstories"],"share_on_mastodon":{"url":"https:\/\/pubeurope.com\/@lt\/116947216091529740","error":""},"_links":{"self":[{"href":"https:\/\/www.europesays.com\/lt\/wp-json\/wp\/v2\/posts\/232583","targetHints":{"allow":["GET"]}}],"collection":[{"href":"https:\/\/www.europesays.com\/lt\/wp-json\/wp\/v2\/posts"}],"about":[{"href":"https:\/\/www.europesays.com\/lt\/wp-json\/wp\/v2\/types\/post"}],"author":[{"embeddable":true,"href":"https:\/\/www.europesays.com\/lt\/wp-json\/wp\/v2\/users\/2"}],"replies":[{"embeddable":true,"href":"https:\/\/www.europesays.com\/lt\/wp-json\/wp\/v2\/comments?post=232583"}],"version-history":[{"count":0,"href":"https:\/\/www.europesays.com\/lt\/wp-json\/wp\/v2\/posts\/232583\/revisions"}],"wp:featuredmedia":[{"embeddable":true,"href":"https:\/\/www.europesays.com\/lt\/wp-json\/wp\/v2\/media\/232584"}],"wp:attachment":[{"href":"https:\/\/www.europesays.com\/lt\/wp-json\/wp\/v2\/media?parent=232583"}],"wp:term":[{"taxonomy":"category","embeddable":true,"href":"https:\/\/www.europesays.com\/lt\/wp-json\/wp\/v2\/categories?post=232583"},{"taxonomy":"post_tag","embeddable":true,"href":"https:\/\/www.europesays.com\/lt\/wp-json\/wp\/v2\/tags?post=232583"}],"curies":[{"name":"wp","href":"https:\/\/api.w.org\/{rel}","templated":true}]}}