{"id":232846,"date":"2026-07-19T21:42:09","date_gmt":"2026-07-19T21:42:09","guid":{"rendered":"https:\/\/www.europesays.com\/lt\/232846\/"},"modified":"2026-07-19T21:42:09","modified_gmt":"2026-07-19T21:42:09","slug":"sios-profesijos-atstovus-imones-itin-saugo-universiteto-baigti-neuztenka-delfi","status":"publish","type":"post","link":"https:\/\/www.europesays.com\/lt\/232846\/","title":{"rendered":"\u0160ios profesijos atstovus \u012fmon\u0117s itin saugo: universiteto baigti neu\u017etenka &#8211; Delfi"},"content":{"rendered":"<ol>\n<li><a href=\"https:\/\/news.google.com\/rss\/articles\/CBMivgFBVV95cUxOTGprb2pXVk5DT29MY0RzVnhNZkl3WDhqRjNzMm5WY0pncllEVG5SRUVRVGt1NjhmZmpoRU1MbUM3dnh1MDFjdlRiZWFaZ1dTckpBcVVnaEpXUlJaUlBBU3NCczB6NjRBZ2xyZ0FwTkJEaTZQcTNOUTlDVGdyMXM2RHRscEJWd29aQUR2VGVSeEFZdEtEY2FTbFFfbzZoYzV6bnBIcWxZM2JkOTI0TjhQZk9zdXFKTU85QVpLejdR?oc=5\" target=\"_blank\" rel=\"nofollow noopener\">\u0160ios profesijos atstovus \u012fmon\u0117s itin saugo: universiteto baigti neu\u017etenka<\/a>&nbsp;&nbsp;Delfi<\/li>\n<li><a href=\"https:\/\/news.google.com\/rss\/articles\/CBMi3gFBVV95cUxORTRaM3NFc0VkOGt5a29pOFl5WnBJdTY5eWptam9tUGJwNHBZTlpDSDVGWk8zYTl0b2pxalAzYlNsWFZjR3pMa0VScVNGRENLS0FaMGo4Y1BRdjQ2QVk5a241WlZWNjczYUR4Ymx2VEtpbWxQUWtqMnEwdW02NGJta1Ywd2tuVHRBS2JNUDBUc0hnNWh5Q2NQWTBqb1Rfa1dfTWZGejFNVXRicWNpLTVhYXhpN0tNYTlVMGt3REJyd3BDV014aUppQXNXXzJCUlVWS2VCdDdLcGJPQ0F4clE?oc=5\" target=\"_blank\" rel=\"nofollow noopener\">Aludari\u0173 diena u\u017eliejo Kaun\u0105: gausiai susirinkusius \u017emones linksmino gars\u016bs atlik\u0117jai<\/a>&nbsp;&nbsp;Lrytas<\/li>\n<li><a href=\"https:\/\/news.google.com\/rss\/articles\/CBMiqAFBVV95cUxQSnVIMWJ6dDI0NW1UYjl1UE5CVUdjUC10bk1MUzN5TWhETUdyeXl4NGU2OXgtSWlGOEJTZ0l3OTlYdWVWRVdzNmk2dWI1cm1tNlBqUTYwOUVQZlRJaFczNms1TlY3dFZRa21BRXhsYVNhTTZxeVh0LV9wYlRQNHMzcl9venhZR2d6RC0zUHlFVUVKZmQ0YnFkR2x3amh4dTNVdmxuUVVKaVY?oc=5\" target=\"_blank\" rel=\"nofollow noopener\">Liepos 18-oji \u2013 Tarptautin\u0117 aludari\u0173 diena<\/a>&nbsp;&nbsp;KaunoDiena.lt<\/li>\n<li><a href=\"https:\/\/news.google.com\/rss\/articles\/CBMiiwFBVV95cUxNTTREU3hiWlotaDFialctWjg5TC1VS2JzNjJSdm1vODc3OXk3SWtPZE5GQnRPSUE3NXpWZ2ZlMm9IWFM2MjBrX0ExR2FCbEFMSk5CR04wY2liT3E0NmllbC1qYTFvcGh1eHRLRndWRTZ1VVpacDdzSy16cjR1TWpLWEE2NUNpRU85THBB?oc=5\" target=\"_blank\" rel=\"nofollow noopener\">Klaip\u0117da taps Aludari\u0173 dienos sostine<\/a>&nbsp;&nbsp;Atvira Klaip\u0117da<\/li>\n<li><a href=\"https:\/\/news.google.com\/rss\/articles\/CBMiiAFBVV95cUxPTkhFTm9lSndfVFlZYWZYb3FGaFV4OWphS01ONV94dmVybHJVTTZnS3F5bTNDM0dYRi13aEhBXy1tMzNhd05xNTJYX3dxVXJhT0o2b3R0eDJlRGNZel9Jc3pmdzE2NGxEblMwLVAzUDRJUXhqdnJNTjhsQjJGcDBRSVY1aTItcXJE?oc=5\" target=\"_blank\" rel=\"nofollow noopener\">Mieste \u0161urmuliuoja Aludari\u0173 dienos renginiai<\/a>&nbsp;&nbsp;Vakar\u0173 ekspresas<\/li>\n<\/ol>\n","protected":false},"excerpt":{"rendered":"\u0160ios profesijos atstovus \u012fmon\u0117s itin saugo: universiteto baigti neu\u017etenka&nbsp;&nbsp;Delfi Aludari\u0173 diena u\u017eliejo Kaun\u0105: gausiai susirinkusius \u017emones linksmino gars\u016bs&hellip;\n","protected":false},"author":2,"featured_media":232847,"comment_status":"","ping_status":"","sticky":false,"template":"","format":"standard","meta":{"footnotes":"","_share_on_mastodon":"0"},"categories":[13],"tags":[34647,25,30,31,34,35,24,32,33,37,39,36,38,40,23,22,28,29,26,27,2880],"class_list":["post-232846","post","type-post","status-publish","format-standard","has-post-thumbnail","category-lietuva","tag-aludariai","tag-antrastes","tag-breaking-news","tag-breakingnews","tag-featured-news","tag-featurednews","tag-headlines","tag-latest-news","tag-latestnews","tag-lietuva","tag-lietuviu","tag-lithuania","tag-lithuanian","tag-lt","tag-naujienos","tag-news","tag-populiariausios-naujienos","tag-populiariausiosnaujienos","tag-top-stories","tag-topstories","tag-volfas-engelman"],"share_on_mastodon":{"url":"https:\/\/pubeurope.com\/@lt\/116948824387715842","error":""},"_links":{"self":[{"href":"https:\/\/www.europesays.com\/lt\/wp-json\/wp\/v2\/posts\/232846","targetHints":{"allow":["GET"]}}],"collection":[{"href":"https:\/\/www.europesays.com\/lt\/wp-json\/wp\/v2\/posts"}],"about":[{"href":"https:\/\/www.europesays.com\/lt\/wp-json\/wp\/v2\/types\/post"}],"author":[{"embeddable":true,"href":"https:\/\/www.europesays.com\/lt\/wp-json\/wp\/v2\/users\/2"}],"replies":[{"embeddable":true,"href":"https:\/\/www.europesays.com\/lt\/wp-json\/wp\/v2\/comments?post=232846"}],"version-history":[{"count":0,"href":"https:\/\/www.europesays.com\/lt\/wp-json\/wp\/v2\/posts\/232846\/revisions"}],"wp:featuredmedia":[{"embeddable":true,"href":"https:\/\/www.europesays.com\/lt\/wp-json\/wp\/v2\/media\/232847"}],"wp:attachment":[{"href":"https:\/\/www.europesays.com\/lt\/wp-json\/wp\/v2\/media?parent=232846"}],"wp:term":[{"taxonomy":"category","embeddable":true,"href":"https:\/\/www.europesays.com\/lt\/wp-json\/wp\/v2\/categories?post=232846"},{"taxonomy":"post_tag","embeddable":true,"href":"https:\/\/www.europesays.com\/lt\/wp-json\/wp\/v2\/tags?post=232846"}],"curies":[{"name":"wp","href":"https:\/\/api.w.org\/{rel}","templated":true}]}}