{"id":233099,"date":"2026-07-20T09:03:18","date_gmt":"2026-07-20T09:03:18","guid":{"rendered":"https:\/\/www.europesays.com\/lt\/233099\/"},"modified":"2026-07-20T09:03:18","modified_gmt":"2026-07-20T09:03:18","slug":"ministras-siulo-sienu-kontrole-nauseda-nesutinka","status":"publish","type":"post","link":"https:\/\/www.europesays.com\/lt\/233099\/","title":{"rendered":"Ministras si\u016blo sien\u0173 kontrol\u0119: Naus\u0117da nesutinka"},"content":{"rendered":"<p>Nuo \u0160iauli\u0173 iki Rygos oro uosto \u2013 ma\u017edaug dvi valandos kelio. Anot gyventoj\u0173, skristi i\u0161 ten ir pigiau, ir patogiau.<\/p>\n<p>\u201eNet nejau\u010diame, kad esame kitoje valstyb\u0117je\u201c, \u2013 pasakojo gyventoja.<\/p>\n<p>Tod\u0117l pasi\u016blymu gr\u012f\u017eti por\u0105 de\u0161imtme\u010di\u0173 atgal ir pasienyje v\u0117l traukti pasus \u017emon\u0117s neliko su\u017eav\u0117ti.<\/p>\n<p>\u201eNe\u017einau. Blogai. Tik laiko gai\u0161imas\u201c, \u2013 svarst\u0117 gyventoja.<\/p>\n<p>\u201eJeigu sustabdyt\u0173 kelias ma\u0161inas, pavyzd\u017eiui, mikroautobusus ar autobusus, i\u0161 karto susidaryt\u0173 eil\u0117s\u201c, \u2013 teig\u0117 vyras.<\/p>\n<p>\u201eKartais gali pamir\u0161ti dokument\u0105 ar dar k\u0105 nors. Man tai b\u016bt\u0173 nepatogu\u201c, \u2013 kalb\u0117jo gyventoja.<\/p>\n<p>\u201e\u017dinoma, kad trukdyt\u0173. Manau, susidaryt\u0173 automobili\u0173 eil\u0117s\u201c, \u2013 sak\u0117 moteris.<\/p>\n<p>Kad taip v\u0117l gali nutikti, u\u017esimin\u0117 naujasis vidaus reikal\u0173 ministras M. Katelynas.<\/p>\n<p>\u201eMatome, kad lenkai yra \u012fved\u0119 patikras pasienyje su Lietuva ir savaitgaliais ten nusidriekia keli\u0173 kilometr\u0173 eil\u0117s. Tai sukelia nepatogum\u0173, ta\u010diau, jeigu tai yra saugumo klausimas, nepatogumai gali b\u016bti reikalingi\u201c, \u2013 ai\u0161kino M. Katelynas.<\/p>\n<p>    <img decoding=\"async\" src=\"https:\/\/www.europesays.com\/lt\/wp-content\/uploads\/2026\/07\/1784538195_692_fa7f0ced-73c5-4e6f-90ec-0d17670eb8d0.jpg\" loading=\"lazy\" alt=\"Martynas Katelynas\"\/>      <\/p>\n<p>Sien\u0173 kontrol\u0119 jis si\u016blo gr\u0105\u017einti, jeigu latviai ir toliau nesusitvarkys su nelegaliais migrantais, kurie Lietuva naudojasi kaip pereinamuoju kiemu.<\/p>\n<p>I\u0161 Baltarusijos jie patenka \u012f Latvij\u0105, o tuomet per Lietuv\u0105 keliauja \u012f Vakar\u0173 Europ\u0105. \u0160iemet tokia antrin\u0117 migracija, palyginti su pra\u0117jusiais metais, i\u0161augo keturis kartus.<\/p>\n<p>\u201eTurime antrin\u0117s migracijos problem\u0105 pasienyje su Latvija ir j\u0105 reikia spr\u0119sti, nes m\u016bs\u0173 pasienie\u010diai jau nebesusitvarko\u201c, \u2013 pabr\u0117\u017e\u0117 M. Katelynas.<\/p>\n<p>Migrantus sulaik\u0119 Lietuvos pareig\u016bnai tur\u0117t\u0173 juos gr\u0105\u017einti ten, i\u0161 kur \u0161ie at\u0117jo, \u2013 \u012f Latvij\u0105. Ta\u010diau tam reikia \u012frodym\u0173, kad jie \u012f Lietuv\u0105 tikrai pateko tokiu keliu. Daugelis migrant\u0173 neturi dokument\u0173 ir slepia, kur nelegaliai kirto sien\u0105.<\/p>\n<p>\u201ePirminis problemos \u0161altinis yra Latvijos siena su Baltarusija. Jie tur\u0117t\u0173 susitvarkyti, ta\u010diau jiems tr\u016bksta i\u0161tekli\u0173. Jau i\u0161siunt\u0117me antr\u0105 komand\u0105, kad pad\u0117t\u0173 jiems tvarkytis\u201c, \u2013 pasakojo M. Katelynas.<\/p>\n<p>\u201e\u0160ioje vietoje sud\u0117tinga laikytis \u017emogaus teisi\u0173 princip\u0173, ta\u010diau kartu matome, kad tai n\u0117ra nat\u016brali migracija. Tai \u2013 tam tikr\u0173 asmen\u0173 st\u016bmimas \u012f kitos valstyb\u0117s teritorij\u0105\u201c, \u2013 ai\u0161kino Kra\u0161to apsaugos ministras Robertas Kaunas.<\/p>\n<p>    <img decoding=\"async\" src=\"https:\/\/www.europesays.com\/lt\/wp-content\/uploads\/2026\/07\/e30cabe5-d124-4d2e-af2f-b894e37507f9.jpg\" loading=\"lazy\" alt=\"Robertas Kaunas\"\/>      <\/p>\n<p>Jeigu kyla gr\u0117sm\u0117 vie\u0161ajai tvarkai ir saugumui, pavyzd\u017eiui, d\u0117l migrant\u0173, \u0160engeno taisykl\u0117s leid\u017eia laikinai atkurti vidini\u0173 sien\u0173 kontrol\u0119.<\/p>\n<p>\u201eJeigu j\u0173 nepavyksta laiku sustabdyti ir identifikuoti, gali patekti ir asmen\u0173, kurie atvyksta tur\u0117dami labai ai\u0161k\u0173 tiksl\u0105 \u2013 galb\u016bt kelti neramumus Latvijoje, Estijoje ar Lietuvoje\u201c, \u2013 persp\u0117jo R. Kaunas.<\/p>\n<p>Ta\u010diau i\u0161 Lietuvos \u012f Lenkij\u0105 va\u017eiuojantys \u017emon\u0117s pasienyje stabdomi jau metus. Kontrol\u0117s termin\u0105 lenkai vis prat\u0119sia.<\/p>\n<p>Tokiam galimam Lietuvos \u017eingsniui Latvijos at\u017evilgiu prezidentas Gitanas Naus\u0117da nepritaria. Jis sien\u0173 kontrol\u0117s gr\u0105\u017einim\u0105 pavadino desperati\u0161ku sprendimu.<\/p>\n<p>\u201eTies\u0105 sakant, santykiuose su Latvija nesusiduriame su jokiomis ypatingomis problemomis. Mano akimis, vidini\u0173 sien\u0173 atk\u016brimas \u0160engeno erdv\u0117je b\u016bt\u0173 pralaim\u0117jimas, savoti\u0161ka kapituliacija prie\u0161 \u0161\u012f rei\u0161kin\u012f\u201c, \u2013 kalb\u0117jo G. Naus\u0117da.<\/p>\n<p>       <img decoding=\"async\" src=\"https:\/\/www.europesays.com\/lt\/wp-content\/uploads\/2026\/07\/fb88e528-28a4-4efa-afaf-9aa6eabbbf27.jpg\" loading=\"lazy\" alt=\"Edgaras Rinkevi\u010dius, Gitanas Naus\u0117da\"\/>      <\/p>\n<p>\u0160iemet nelegal\u016bs migrantai i\u0161 Baltarusijos \u012f Latvij\u0105 band\u0117 patekti, ta\u010diau buvo apgr\u0119\u017eti beveik 8 t\u016bkst. kart\u0173. Lietuvoje toki\u0173 bandym\u0173 u\u017efiksuota devynis kartus ma\u017eiau.<\/p>\n<p>\u201eKol kas netur\u0117tume kalb\u0117ti apie jokias grie\u017etas laikinas kontrol\u0117s priemones. Tai b\u016bt\u0173 katastrofa. Beveik visus savo paj\u0117gumus tur\u0117tume skirti i\u0161or\u0117s sienos apsaugai\u201c, \u2013 teig\u0117 Latvijos prezidentas Edgars Rink\u0113vi\u010ds.<\/p>\n<p>Migrantai pl\u016bsta per Latvij\u0105, nes jos sien\u0105 kirsti lengviausia. Tvor\u0105 latviai pagaliau pasistat\u0117, ta\u010diau problem\u0173 i\u0161lieka.<\/p>\n<p>\u201ePana\u0161u, kad jie dar ne visk\u0105 turi skaitmenine prasme. Kalbame apie filmavim\u0105 ir steb\u0117senos u\u017etikrinim\u0105, nes tai yra daugiau kaip 100 kilometr\u0173 ilgio siena\u201c, \u2013 ai\u0161kino premjeras Mindaugas Sinkevi\u010dius.<\/p>\n<p>       <img decoding=\"async\" src=\"https:\/\/www.europesays.com\/lt\/wp-content\/uploads\/2026\/07\/1784538198_158_86eff557-99c2-4f74-b21f-7decec7d583b.jpg\" loading=\"lazy\" alt=\"Mindaugas Sinkevi\u010dius\"\/>      <\/p>\n<p>Situacij\u0105 su Latvijos prezidentu aptar\u0117 ir premjeras M. Sinkevi\u010dius. Ta\u010diau jis palaiko prezidento, o ne savo ministro pozicij\u0105.<\/p>\n<p>\u201eJie pasi\u017ead\u0117jo \u012f situacij\u0105 pa\u017evelgti rimtai, tod\u0117l tikiuosi, kad poky\u010di\u0173 bus. Saky\u010diau, tai pirmieji diplomatiniai \u017eingsniai. Apie kra\u0161tutinumus ir pasienio post\u0173 atk\u016brim\u0105 kol kas dar per anksti kalb\u0117ti\u201c, \u2013 teig\u0117 M. Sinkevi\u010dius.<\/p>\n<p>Kol kas pasienyje su Latvija tik aktyviau patruliuojama. \u012e pagalb\u0105 latviams i\u0161si\u0173sta ir Lietuvos pasienie\u010di\u0173 komanda su tarnybiniais \u0161unimis.<\/p>\n<p>Nuo 2021 met\u0173, kai i\u0161 Baltarusijos \u012f rytines Europos S\u0105jungos \u0161alis prad\u0117jo pl\u016bsti migrantai, pasienie\u010diai \u012f Lietuv\u0105 ne\u012fleido daugiau kaip 25 t\u016bkst. migrant\u0173.<\/p>\n","protected":false},"excerpt":{"rendered":"Nuo \u0160iauli\u0173 iki Rygos oro uosto \u2013 ma\u017edaug dvi valandos kelio. Anot gyventoj\u0173, skristi i\u0161 ten ir pigiau,&hellip;\n","protected":false},"author":2,"featured_media":233100,"comment_status":"","ping_status":"","sticky":false,"template":"","format":"standard","meta":{"footnotes":"","_share_on_mastodon":"0"},"categories":[13],"tags":[25,30,31,34,35,67,24,32,33,37,39,36,38,40,19812,23,34672,22,28,29,34673,26,27],"class_list":["post-233099","post","type-post","status-publish","format-standard","has-post-thumbnail","category-lietuva","tag-antrastes","tag-breaking-news","tag-breakingnews","tag-featured-news","tag-featurednews","tag-gitanas-nauseda","tag-headlines","tag-latest-news","tag-latestnews","tag-lietuva","tag-lietuviu","tag-lithuania","tag-lithuanian","tag-lt","tag-martynas-katelynas","tag-naujienos","tag-nelegali-migracija","tag-news","tag-populiariausios-naujienos","tag-populiariausiosnaujienos","tag-sienu-kontrole","tag-top-stories","tag-topstories"],"share_on_mastodon":{"url":"","error":""},"_links":{"self":[{"href":"https:\/\/www.europesays.com\/lt\/wp-json\/wp\/v2\/posts\/233099","targetHints":{"allow":["GET"]}}],"collection":[{"href":"https:\/\/www.europesays.com\/lt\/wp-json\/wp\/v2\/posts"}],"about":[{"href":"https:\/\/www.europesays.com\/lt\/wp-json\/wp\/v2\/types\/post"}],"author":[{"embeddable":true,"href":"https:\/\/www.europesays.com\/lt\/wp-json\/wp\/v2\/users\/2"}],"replies":[{"embeddable":true,"href":"https:\/\/www.europesays.com\/lt\/wp-json\/wp\/v2\/comments?post=233099"}],"version-history":[{"count":0,"href":"https:\/\/www.europesays.com\/lt\/wp-json\/wp\/v2\/posts\/233099\/revisions"}],"wp:featuredmedia":[{"embeddable":true,"href":"https:\/\/www.europesays.com\/lt\/wp-json\/wp\/v2\/media\/233100"}],"wp:attachment":[{"href":"https:\/\/www.europesays.com\/lt\/wp-json\/wp\/v2\/media?parent=233099"}],"wp:term":[{"taxonomy":"category","embeddable":true,"href":"https:\/\/www.europesays.com\/lt\/wp-json\/wp\/v2\/categories?post=233099"},{"taxonomy":"post_tag","embeddable":true,"href":"https:\/\/www.europesays.com\/lt\/wp-json\/wp\/v2\/tags?post=233099"}],"curies":[{"name":"wp","href":"https:\/\/api.w.org\/{rel}","templated":true}]}}