{"id":233119,"date":"2026-07-20T09:17:14","date_gmt":"2026-07-20T09:17:14","guid":{"rendered":"https:\/\/www.europesays.com\/lt\/233119\/"},"modified":"2026-07-20T09:17:14","modified_gmt":"2026-07-20T09:17:14","slug":"isigaliojo-draudimas-naikinti-neparduotus-drabuzius","status":"publish","type":"post","link":"https:\/\/www.europesays.com\/lt\/233119\/","title":{"rendered":"\u012esigaliojo draudimas naikinti neparduotus drabu\u017eius"},"content":{"rendered":"<p>\u0160iemet draudimas \u012fsigalioja tik didel\u0117ms \u012fmon\u0117ms, toms, kurios atitinka 2 kriterijus i\u0161 3: turi 250 ir daugiau darbuotoj\u0173, metin\u0117s pajamos vir\u0161ija 50 mln. eur\u0173, o balansinio turto vert\u0117 \u2013 43 mln. eur\u0173.<\/p>\n<p>Vidutinio dyd\u017eio \u012fmon\u0117ms reglamento nuostatos prad\u0117s galioti nuo 2030 m., smulkiajam verslui termin\u0173 kol kas n\u0117ra.<\/p>\n<p>Advokat\u0173 kontoros \u201eEversheds Salad\u017eius\u201c atstov\u0117 Au\u0161ra Jefremovien\u0117 teigia, kad \u0161iuo metu Lietuvoje si\u016bloma reglamento pa\u017eeidimo sankcij\u0173 re\u017eim\u0105 \u012ftvirtinti per Produkt\u0173 saugos \u012fstatym\u0105 ir Administracini\u0173 nusi\u017eengim\u0173 kodeks\u0105.\u00a0<\/p>\n<p>Remiantis \u0161iais dokumentais, ekonomin\u0117s veiklos vykdytojams, paslaug\u0173 teik\u0117jams ir elektronini\u0173 prekyvie\u010di\u0173 paslaug\u0173 teik\u0117jams u\u017e pa\u017eeidimus b\u016bt\u0173 skiriama bauda nuo 1 iki 5 t\u016bkst. eur\u0173, o u\u017e rinkos prie\u017ei\u016bros institucijos sprendimo nevykdym\u0105 \u2013 nuo 2 iki 10 t\u016bkst. eur\u0173.<\/p>\n<p>Anot portalo, draudimas naikinti tekstil\u0117s gaminius \u012fvedamas pagal 2024 m. ES priimt\u0105 Tvari\u0173 gamini\u0173 ekologinio projektavimo reikalavim\u0173 reglament\u0105.\u00a0<\/p>\n<p>Lietuvos aprangos ir tekstil\u0117s \u012fmoni\u0173 asociacijos (LAT\u012eA) duomenimis, pagal i\u0161metamos tekstil\u0117s kiek\u012f \u0161alis gerokai lenkia ES vidurk\u012f.\u00a0<\/p>\n<p>Bendrijoje kasmet i\u0161metama apie 5,2 mln. ton\u0173 drabu\u017ei\u0173 ir avalyn\u0117s \u2013 apie 12 kilogram\u0173 vienam gyventojui. Lietuvos Aplinkos apsaugos agent\u016bros duomenimis, \u0161alyje kasmet susidaro apie 50 t\u016bkst. ton\u0173 tekstil\u0117s atliek\u0173 arba17\u201318 kg vienam gyventojui.<\/p>\n<p>78 proc. drabu\u017ei\u0173, avalyn\u0117s, nam\u0173 ir technin\u0117s tekstil\u0117s i\u0161metama su bendrosiomis atliekomis, tod\u0117l galiausiai yra sudeginama arba keliauja \u012f s\u0105vartynus.\u00a0<\/p>\n<p>I\u0161 surinkto kiekio tekstil\u0117s daugiau nei 62 proc. paruo\u0161iami pakartotiniam naudojimui, o lik\u0119s kiekis daugiausia sudeginamas.<\/p>\n","protected":false},"excerpt":{"rendered":"\u0160iemet draudimas \u012fsigalioja tik didel\u0117ms \u012fmon\u0117ms, toms, kurios atitinka 2 kriterijus i\u0161 3: turi 250 ir daugiau darbuotoj\u0173,&hellip;\n","protected":false},"author":2,"featured_media":233120,"comment_status":"","ping_status":"","sticky":false,"template":"","format":"standard","meta":{"footnotes":"","_share_on_mastodon":"0"},"categories":[13],"tags":[25,11430,30,31,6982,34,35,24,32,33,37,39,36,38,40,23,22,28,29,26,27],"class_list":["post-233119","post","type-post","status-publish","format-standard","has-post-thumbnail","category-lietuva","tag-antrastes","tag-baudos","tag-breaking-news","tag-breakingnews","tag-drabuziai","tag-featured-news","tag-featurednews","tag-headlines","tag-latest-news","tag-latestnews","tag-lietuva","tag-lietuviu","tag-lithuania","tag-lithuanian","tag-lt","tag-naujienos","tag-news","tag-populiariausios-naujienos","tag-populiariausiosnaujienos","tag-top-stories","tag-topstories"],"share_on_mastodon":{"url":"","error":""},"_links":{"self":[{"href":"https:\/\/www.europesays.com\/lt\/wp-json\/wp\/v2\/posts\/233119","targetHints":{"allow":["GET"]}}],"collection":[{"href":"https:\/\/www.europesays.com\/lt\/wp-json\/wp\/v2\/posts"}],"about":[{"href":"https:\/\/www.europesays.com\/lt\/wp-json\/wp\/v2\/types\/post"}],"author":[{"embeddable":true,"href":"https:\/\/www.europesays.com\/lt\/wp-json\/wp\/v2\/users\/2"}],"replies":[{"embeddable":true,"href":"https:\/\/www.europesays.com\/lt\/wp-json\/wp\/v2\/comments?post=233119"}],"version-history":[{"count":0,"href":"https:\/\/www.europesays.com\/lt\/wp-json\/wp\/v2\/posts\/233119\/revisions"}],"wp:featuredmedia":[{"embeddable":true,"href":"https:\/\/www.europesays.com\/lt\/wp-json\/wp\/v2\/media\/233120"}],"wp:attachment":[{"href":"https:\/\/www.europesays.com\/lt\/wp-json\/wp\/v2\/media?parent=233119"}],"wp:term":[{"taxonomy":"category","embeddable":true,"href":"https:\/\/www.europesays.com\/lt\/wp-json\/wp\/v2\/categories?post=233119"},{"taxonomy":"post_tag","embeddable":true,"href":"https:\/\/www.europesays.com\/lt\/wp-json\/wp\/v2\/tags?post=233119"}],"curies":[{"name":"wp","href":"https:\/\/api.w.org\/{rel}","templated":true}]}}