{"id":233321,"date":"2026-07-20T12:17:19","date_gmt":"2026-07-20T12:17:19","guid":{"rendered":"https:\/\/www.europesays.com\/lt\/233321\/"},"modified":"2026-07-20T12:17:19","modified_gmt":"2026-07-20T12:17:19","slug":"achema-vietine-trasu-gamyba-riboja-rinkos-salygos-respublika-lt","status":"publish","type":"post","link":"https:\/\/www.europesays.com\/lt\/233321\/","title":{"rendered":"\u201eAchema\u201c: vietin\u0119 tr\u0105\u0161\u0173 gamyb\u0105 riboja rinkos s\u0105lygos &#8211; Respublika.lt"},"content":{"rendered":"<p><img loading=\"lazy\" decoding=\"async\" src=\"https:\/\/www.respublika.lt\/lt\/naujienos\/lietuva\/verslas\/achema-vietine-trasu-gamyba-riboja-rinkos-salygos\/images\/ico_camera_white.gif\" class=\"camera\" width=\"22\" height=\"15\" alt=\"nuotr.\" style=\"position:relative; top:-2px; right:2px;\"\/> 1 nuotr.<\/p>\n<p>\u201eAchema\u201c jau beveik penkerius metus dirba ne visu paj\u0117gumu. Irmanto Sidarevi\u010diaus nuotr.<\/p>\n<p style=\"text-align: justify;\" class=\"desktop_banner\">\u00a0<\/p>\n<p style=\"text-align: left;\">\u00a0<\/p>\n<p style=\"text-align: left;\">\u201eAchemos grup\u0117s\u201c komunikacijos vadov\u0117 Jolita Macelyt\u0117 Eltai nurod\u0117, kad pilnu paj\u0117gumu gamyba b\u016bt\u0173 atnaujinta tik tuomet, kai tr\u0105\u0161\u0173 rinkos kainos padengt\u0173 pagrindines gamybos s\u0105naudas.<\/p>\n<p style=\"text-align: left;\">\u201eD\u0117l i\u0161\u0161\u016bki\u0173 gamtini\u0173 duj\u0173 ir tr\u0105\u0161\u0173 rinkose bei augan\u010dios ATL ka\u0161t\u0173 na\u0161tos, \u201eAchema\u201c daliniu paj\u0117gumu dirba nuo 2021-\u0173j\u0173 rudens. Gamyba pilnu paj\u0117gumu yra galima, kai tr\u0105\u0161\u0173 rinkos kaina padengia pagrindinius gamybos ka\u0161tus \u2013 gamtini\u0173 duj\u0173 ir ATL s\u0105naudas\u201c, \u2013 komentare Eltai teig\u0117 J. Macelyt\u0117.<\/p>\n<p style=\"text-align: left;\">Jos teigimu, did\u017eioji dalis Europos tr\u0105\u0161\u0173 gamintoj\u0173 taip pat jau ne vienerius metus dirba ne visu paj\u0117gumu.<\/p>\n<p style=\"text-align: left;\">\u201eAchema\u201c skai\u010diuoja, jog \u0161iemet, esant dabartin\u0117ms ATL kainoms, dirbant vienu amoniako agregatu u\u017e tar\u0161os leidimus bendrovei tekt\u0173 sumok\u0117ti apie 34 mln. eur\u0173, o gaminant visu paj\u0117gumu \u2013 apie 84 mln. eur\u0173.<\/p>\n<p style=\"text-align: left;\">\u201ePastaroji suma yra artima visoms fiksuotoms bendrov\u0117s s\u0105naudoms\u201c, \u2013 pa\u017eym\u0117jo J. Macelyt\u0117.<\/p>\n<p style=\"text-align: left;\">Ji taip pat atkreip\u0117 d\u0117mes\u012f, kad tr\u0105\u0161\u0173 kainoms did\u017eiausi\u0105 \u012ftak\u0105 daro gamtini\u0173 duj\u0173 kainos, energijos i\u0161tekli\u0173 rink\u0173 svyravimai, ATL s\u0105naudos ir situacija pasaulin\u0117je tr\u0105\u0161\u0173 rinkoje, tod\u0117l kain\u0173 poky\u010di\u0173 sieti vien su vietin\u0117s gamybos veiksniu neb\u016bt\u0173 tikslu.<\/p>\n<p style=\"text-align: left;\">Bendrov\u0117s vertinimu, geopolitin\u0117 \u012ftampa Artimuosiuose Rytuose papildomai didina gamtini\u0173 duj\u0173 ir naftos kainas, o tai didina azoto tr\u0105\u0161\u0173 gamybos savikain\u0105.<\/p>\n<p style=\"text-align: left;\">Kaip skelb\u0117 ELTA, naujasis \u017eem\u0117s \u016bkio ministras K\u0119stutis Ma\u017eeika teig\u0117 sieksiantis, jog vietos tr\u0105\u0161\u0173 gamintojai, kiek tai leid\u017eia galimyb\u0117s, didint\u0173 gamybos apimtis, politikas sak\u0117, jog tai gal\u0117t\u0173 prisid\u0117ti prie \u016bkininkams prieinamesni\u0173 tr\u0105\u0161\u0173 kain\u0173.<\/p>\n","protected":false},"excerpt":{"rendered":"1 nuotr. \u201eAchema\u201c jau beveik penkerius metus dirba ne visu paj\u0117gumu. Irmanto Sidarevi\u010diaus nuotr. \u00a0 \u00a0 \u201eAchemos grup\u0117s\u201c&hellip;\n","protected":false},"author":2,"featured_media":233322,"comment_status":"","ping_status":"","sticky":false,"template":"","format":"standard","meta":{"footnotes":"","_share_on_mastodon":"0"},"categories":[13],"tags":[12626,25,34694,30,31,1787,34,35,34695,14596,24,3672,32,33,37,39,36,38,40,23,22,20596,28,29,26,27,10318,9253],"class_list":["post-233321","post","type-post","status-publish","format-standard","has-post-thumbnail","category-lietuva","tag-achema","tag-antrastes","tag-atl","tag-breaking-news","tag-breakingnews","tag-dujos","tag-featured-news","tag-featurednews","tag-gamtines","tag-gamyba","tag-headlines","tag-kaina","tag-latest-news","tag-latestnews","tag-lietuva","tag-lietuviu","tag-lithuania","tag-lithuanian","tag-lt","tag-naujienos","tag-news","tag-pajegumai","tag-populiariausios-naujienos","tag-populiariausiosnaujienos","tag-top-stories","tag-topstories","tag-trasos","tag-ukininkai"],"share_on_mastodon":{"url":"https:\/\/pubeurope.com\/@lt\/116952265517043393","error":""},"_links":{"self":[{"href":"https:\/\/www.europesays.com\/lt\/wp-json\/wp\/v2\/posts\/233321","targetHints":{"allow":["GET"]}}],"collection":[{"href":"https:\/\/www.europesays.com\/lt\/wp-json\/wp\/v2\/posts"}],"about":[{"href":"https:\/\/www.europesays.com\/lt\/wp-json\/wp\/v2\/types\/post"}],"author":[{"embeddable":true,"href":"https:\/\/www.europesays.com\/lt\/wp-json\/wp\/v2\/users\/2"}],"replies":[{"embeddable":true,"href":"https:\/\/www.europesays.com\/lt\/wp-json\/wp\/v2\/comments?post=233321"}],"version-history":[{"count":0,"href":"https:\/\/www.europesays.com\/lt\/wp-json\/wp\/v2\/posts\/233321\/revisions"}],"wp:featuredmedia":[{"embeddable":true,"href":"https:\/\/www.europesays.com\/lt\/wp-json\/wp\/v2\/media\/233322"}],"wp:attachment":[{"href":"https:\/\/www.europesays.com\/lt\/wp-json\/wp\/v2\/media?parent=233321"}],"wp:term":[{"taxonomy":"category","embeddable":true,"href":"https:\/\/www.europesays.com\/lt\/wp-json\/wp\/v2\/categories?post=233321"},{"taxonomy":"post_tag","embeddable":true,"href":"https:\/\/www.europesays.com\/lt\/wp-json\/wp\/v2\/tags?post=233321"}],"curies":[{"name":"wp","href":"https:\/\/api.w.org\/{rel}","templated":true}]}}