{"id":233694,"date":"2026-07-20T21:58:54","date_gmt":"2026-07-20T21:58:54","guid":{"rendered":"https:\/\/www.europesays.com\/lt\/233694\/"},"modified":"2026-07-20T21:58:54","modified_gmt":"2026-07-20T21:58:54","slug":"sulaikyta-verslininke-rasa-zilevice-atsakysiu-bet-su-kai-kuo-nesutinku","status":"publish","type":"post","link":"https:\/\/www.europesays.com\/lt\/233694\/","title":{"rendered":"Sulaikyta verslinink\u0117 Rasa \u017dilevi\u010d\u0117: atsakysiu, bet su kai kuo nesutinku"},"content":{"rendered":"<p class=\"x_MsoNormal\">Anks\u010diau pirmosios instancijos Pranc\u016bzijos teismas buvo pripa\u017ein\u0119s ekstradicij\u0105 leistina, ta\u010diau \u0161is sprendimas buvo apsk\u0173stas. Dabar galutin\u012f \u017eod\u012f tars apeliacin\u0117s instancijos teis\u0117jai, ra\u0161oma spaudos prane\u0161ime.<\/p>\n<p class=\"x_MsoNormal\">Tuo metu \u0161ios istorijos atgarsiai jau seniai per\u017eeng\u0117 Lietuvos ribas. Netik\u0117tas Europos S\u0105jungos piliet\u0117s sulaikymas d\u0117l \u0160iaur\u0117s Kipro nekilnojamojo turto kriz\u0117s sulaukia vis didesnio tarptautinio d\u0117mesio \u2013 \u0161\u012f atvej\u012f analizuoja Graikijos, Pranc\u016bzijos ir Ukrainos televizijos bei naujien\u0173 portalai, keliantys klausimus, ar Europos S\u0105jungos pilie\u010diai gali tapti de\u0161imtme\u010dius trunkan\u010dio Kipro konflikto ir sud\u0117ting\u0173 nuosavyb\u0117s gin\u010d\u0173 \u012fkaitais.<\/p>\n<p>    <img decoding=\"async\" src=\"https:\/\/www.europesays.com\/lt\/wp-content\/uploads\/2026\/07\/9b48d197-93e4-44bd-a559-88d518b4f5e5.jpg\" loading=\"lazy\" alt=\"Rasa \u017dilevi\u010d\u0117\"\/>      <\/p>\n<p class=\"x_MsoNormal\">I\u0161skirtiniame interviu TV laidos \u201eGyvenimas yra gra\u017eus\u201c ved\u0117jui <a rel=\"noopener nofollow\" target=\"_blank\" href=\"https:\/\/www.delfi.lt\/temos\/edvardas-zickus\" tag-id=\"60080091\">Edvardui \u017di\u010dkui<\/a> 43-ej\u0173 met\u0173 tarptautinio nekilnojamojo turto konsultant\u0117 R. \u017dilevi\u010d\u0117 pirm\u0105 kart\u0105 taip atvirai prabilo apie sulaikym\u0105 Pranc\u016bzijoje, nakt\u012f are\u0161tin\u0117je, baim\u0119 d\u0117l savo vaik\u0173, visuomen\u0117s pasmerkim\u0105 ir tai, kaip \u0161iandien gyvena laukdama lemtingo teismo sprendimo.<\/p>\n<p class=\"x_MsoNormal\">\u201eJei suklydau \u2013 atsakysiu. Bet su lin\u010do teismu nesutinku, o Kipro Respublikoje jau ir be teismo esu nuteista\u201c, \u2013 YouTube platformoje transliuotoje laidoje kalb\u0117jo lietuv\u0117.<\/p>\n<p class=\"x_MsoNormal\">\u0160iuo metu Pranc\u016bzijoje su dviem nepilname\u010diais s\u016bnumis priversta b\u016bti Rasa neslepia, kad skaud\u017eiausias i\u0161gyvenimas buvo ne jos pa\u010dios sulaikymas, o ne\u017einia d\u0117l vaik\u0173. \u201eI\u0161 vienos pus\u0117s, tai buvo baisiausia dalis, kad a\u0161 atvykau ne viena, o su s\u016bnumi&#8230; Labai nemaloni naktis buvo\u201c, \u2013 prisipa\u017eino moteris, kuriai u\u017esienyje atstovauja itin stipri pranc\u016bz\u0173 advokat\u0173 komanda.<\/p>\n<p class=\"x_MsoNormal\">Pasak jos, iki \u0161iol sunkiausia prisiminti ne pa\u010di\u0105 are\u0161tin\u0119, o bej\u0117gi\u0161kumo jausm\u0105 ne\u017einant, kas bus su vaikais.<\/p>\n<p>    <img decoding=\"async\" src=\"https:\/\/www.europesays.com\/lt\/wp-content\/uploads\/2026\/07\/46e613e4-05ca-437a-a25e-c5a8da076bb8.jpg\" loading=\"lazy\" alt=\"Rasa \u017dilevi\u010d\u0117\"\/>    <\/p>\n<p class=\"x_MsoNormal\">Rasa pasakoja i\u0161 karto po sulaikymo kreipusis \u012f Lietuvos ambasad\u0105 Pary\u017eiuje, ta\u010diau nesulaukusi tokios konsulin\u0117s pagalbos, kokios tik\u0117josi. \u201eSusisiekiau ir su Lietuvos ambasada. Moteris buvo labai maloni, ta\u010diau pasak\u0117: atsipra\u0161ome, mes niekuo pad\u0117ti negalime&#8230; Tai buvo did\u017eiul\u0117 suma, kuri mane tikrai g\u0105sdino\u201c, \u2013 prisimena ji.<\/p>\n<p class=\"x_MsoNormal\">Po TV laidos \u201eGyvenimas yra gra\u017eus\u201c parodyto pasakojimo ir Lietuvos \u017einiasklaidos d\u0117mesio \u0161iai istorijai Rasai \u017dilevi\u010dei oficial\u0173 atsakym\u0105 pagaliau pateik\u0117 ir Lietuvos u\u017esienio reikal\u0173 ministerija. \u0160i patvirtino gavusi jos pra\u0161ymus d\u0117l skubios diplomatin\u0117s ir konsulin\u0117s pagalbos, ta\u010diau pa\u017eym\u0117jo, kad neturi teisini\u0173 \u012fgaliojim\u0173 ki\u0161tis \u012f Pranc\u016bzijos teism\u0173 procesus ar vertinti j\u0173 sprendim\u0173. Vis d\u0117lto kartu nurodyta, kad tam tikrais atvejais Lietuvos ambasada gali svarstyti galimyb\u0119 steb\u0117tojo teis\u0117mis dalyvauti vie\u0161uose teismo pos\u0117d\u017eiuose, jei b\u016bt\u0173 pagrindo manyti, jog gali b\u016bti pa\u017eeid\u017eiamos Lietuvos piliet\u0117s teis\u0117s.<\/p>\n<p class=\"x_MsoNormal\">Did\u017eiausi\u0105 skausm\u0105 Rasai \u0161iandien kelia ne tik teisin\u0117 kova, bet ir tai, kaip jos istorija buvo pateikta dalyje \u017einiasklaidos priemoni\u0173. \u201eI\u0161 man\u0119s suk\u016br\u0117 nusikalt\u0117l\u0117s \u012fvaizd\u012f. Pavert\u0117 mane 53 met\u0173 moterimi su dukra&#8230; Nenoriu, kad tai taip blogai paveikt\u0173 mano vaikus, juk jie visk\u0105 stebi\u201c, \u2013 sako du nepilname\u010dius s\u016bnus viena auginanti moteris.<\/p>\n<p class=\"x_MsoNormal\">Rasa tikina niekada nesiekusi niekam pakenkti ir tiki, kad jos istorija bus \u012fvertinta remiantis faktais, o ne i\u0161ankstin\u0117mis nuostatomis. \u201eVidin\u0117 j\u0117ga yra tai, kad a\u0161 niekada nieko nenor\u0117jau padaryti blogai. Visk\u0105, k\u0105 darau, darau i\u0161 tyros \u0161irdies\u201c, \u2013 atviravo ji.<\/p>\n<p>    <img decoding=\"async\" src=\"https:\/\/www.europesays.com\/lt\/wp-content\/uploads\/2026\/07\/b4aa49d4-d153-4e1b-b82f-62b28f08e3aa.jpg\" loading=\"lazy\" alt=\"Rasa \u017dilevi\u010d\u0117\"\/>    <\/p>\n<p class=\"x_MsoNormal\">Nepaisant vis\u0173 i\u0161gyvenim\u0173, moteris sako nepraradusi ry\u0161io su \u0161alimi, kurioje praleido didel\u0119 savo gyvenimo dal\u012f. \u201eA\u0161 matau savo ateit\u012f Kipre\u201c, \u2013 prisipa\u017e\u012fsta lietuv\u0117, kuri keliolika met\u0173 gyveno pietin\u0117je \u0161ios salos dalyje ir tik u\u017eklupus pandemijos sunkme\u010diui persik\u0117lusi \u012f \u0161iaurin\u0119.<\/p>\n<p class=\"x_MsoNormal\">Kol Aix-en-Provence apeliacinis teismas rengiasi priimti sprendim\u0105, nuo kurio priklausys ne tik Rasos \u017dilevi\u010d\u0117s, bet ir jos \u0161eimos ateitis, ji sako vis dar tikinti, kad jos istorija bus \u012fvertinta ne emocijomis ar vie\u0161u pasmerkimu, o faktais ir teisingumu. Juolab, kad tas pats teismas analogi\u0161koje byloje prie\u0161 kur\u012f laik\u0105 buvo pri\u0117m\u0119s sprendim\u0105 nei\u0161duoti u\u017esienio \u0161alies pilie\u010dio Kipro Respublikai.<\/p>\n<p class=\"x_MsoNormal\">Vis\u0105 TV laidos \u201eGyvenimas yra gra\u017eus\u201c reporta\u017e\u0105 apie \u0160iaur\u0117s Kipro nekilnojamojo turto kriz\u0119, Rasos \u017dilevi\u010d\u0117s dram\u0105 ir i\u0161skirtin\u012f interviu i\u0161 Pranc\u016bzijos galima pamatyti \u010dia: <\/p>\n","protected":false},"excerpt":{"rendered":"Anks\u010diau pirmosios instancijos Pranc\u016bzijos teismas buvo pripa\u017ein\u0119s ekstradicij\u0105 leistina, ta\u010diau \u0161is sprendimas buvo apsk\u0173stas. Dabar galutin\u012f \u017eod\u012f tars&hellip;\n","protected":false},"author":2,"featured_media":233695,"comment_status":"","ping_status":"","sticky":false,"template":"","format":"standard","meta":{"footnotes":"","_share_on_mastodon":"0"},"categories":[6],"tags":[25,30,31,7066,34,35,24,10379,32,33,37,39,36,38,40,23,22,28,29,26,27],"class_list":["post-233694","post","type-post","status-publish","format-standard","has-post-thumbnail","category-antrastes","tag-antrastes","tag-breaking-news","tag-breakingnews","tag-edvardas-zickus","tag-featured-news","tag-featurednews","tag-headlines","tag-kipras","tag-latest-news","tag-latestnews","tag-lietuva","tag-lietuviu","tag-lithuania","tag-lithuanian","tag-lt","tag-naujienos","tag-news","tag-populiariausios-naujienos","tag-populiariausiosnaujienos","tag-top-stories","tag-topstories"],"share_on_mastodon":{"url":"https:\/\/pubeurope.com\/@lt\/116954553954494188","error":""},"_links":{"self":[{"href":"https:\/\/www.europesays.com\/lt\/wp-json\/wp\/v2\/posts\/233694","targetHints":{"allow":["GET"]}}],"collection":[{"href":"https:\/\/www.europesays.com\/lt\/wp-json\/wp\/v2\/posts"}],"about":[{"href":"https:\/\/www.europesays.com\/lt\/wp-json\/wp\/v2\/types\/post"}],"author":[{"embeddable":true,"href":"https:\/\/www.europesays.com\/lt\/wp-json\/wp\/v2\/users\/2"}],"replies":[{"embeddable":true,"href":"https:\/\/www.europesays.com\/lt\/wp-json\/wp\/v2\/comments?post=233694"}],"version-history":[{"count":0,"href":"https:\/\/www.europesays.com\/lt\/wp-json\/wp\/v2\/posts\/233694\/revisions"}],"wp:featuredmedia":[{"embeddable":true,"href":"https:\/\/www.europesays.com\/lt\/wp-json\/wp\/v2\/media\/233695"}],"wp:attachment":[{"href":"https:\/\/www.europesays.com\/lt\/wp-json\/wp\/v2\/media?parent=233694"}],"wp:term":[{"taxonomy":"category","embeddable":true,"href":"https:\/\/www.europesays.com\/lt\/wp-json\/wp\/v2\/categories?post=233694"},{"taxonomy":"post_tag","embeddable":true,"href":"https:\/\/www.europesays.com\/lt\/wp-json\/wp\/v2\/tags?post=233694"}],"curies":[{"name":"wp","href":"https:\/\/api.w.org\/{rel}","templated":true}]}}