{"id":234149,"date":"2026-07-21T12:26:56","date_gmt":"2026-07-21T12:26:56","guid":{"rendered":"https:\/\/www.europesays.com\/lt\/234149\/"},"modified":"2026-07-21T12:26:56","modified_gmt":"2026-07-21T12:26:56","slug":"trumpas-paskelbe-apie-50-proc-tarifus-kanados-importui","status":"publish","type":"post","link":"https:\/\/www.europesays.com\/lt\/234149\/","title":{"rendered":"Trumpas paskelb\u0117 apie 50 proc. tarifus Kanados importui"},"content":{"rendered":"<p>Pasak JAV prekybos atstovo Jamiesono Greero, muitai bus taikomi ma\u017edaug 20 mlrd. JAV doleri\u0173 vert\u0117s importui i\u0161 Kanados, \u012fskaitant tokius produktus kaip ledo ritulio lazdos, vynas ir cementas. Jie tur\u0117t\u0173 \u012fsigalioti rugpj\u016b\u010dio 19 d., pra\u0117jus 30 dien\u0173, kai JAV prezidentas Donaldas Trumpas pasira\u0161\u0117 \u012fsak\u0105.\u00a0<\/p>\n<p>Baltieji r\u016bmai teig\u0117, jog tai atsakas \u012f Kanados \u201ediskriminacin\u0119, nelygi\u0105 ir nepagr\u012fst\u0105 tarif\u0173 sistem\u0105\u201c ir taip siekiama pagerinti JAV gaminam\u0173 automobili\u0173 eksporto s\u0105lygas.\u00a0<\/p>\n<p>Tarif\u0173 \u012fvedimas yra naujausias ilgalaikio prekybos gin\u010do tarp dviej\u0173 kaimyni\u0173 paa\u0161tr\u0117jimas. D. Trumpas ne kart\u0105 kaltino Kanad\u0105 bei kitais prekybos partneres palaikant nes\u0105\u017einingus prekybos santykius su Jungtin\u0117mis Valstijomis ir pavert\u0117 tarifus pagrindine savo antrosios kadencijos prekybos darbotvark\u0117s dalimi.\u00a0<\/p>\n<p>\u0160is prane\u0161imas pasirod\u0117 po to, kai JAV Auk\u0161\u010diausiasis Teismas u\u017edraud\u0117 D. Trumpui pasinaudoti nepaprastosios pad\u0117ties \u012fgaliojimais ir nustatyti pla\u010dius tarifus importui i\u0161 daugelio \u0161ali\u0173, tai privert\u0117 jo administracij\u0105 ie\u0161koti alternatyvi\u0173 teisini\u0173 b\u016bd\u0173. D. Trumpas ir anks\u010diau grasino tarifais, kurie galiausiai nebuvo \u012fvesti.<\/p>\n<p>Pra\u0117jusi\u0105 savait\u0119 D.Trumpas pagrasino Kanadai didesniais tarifais d\u0117l mi\u0161k\u0173 gaisr\u0173 d\u016bm\u0173, pasiekusi\u0173 JAV \u0161iaur\u0117s rytus. Jis teig\u0117, kad d\u0117l oro tar\u0161os \u0161alis patyr\u0117 i\u0161laid\u0173 ir jos tur\u0117t\u0173 b\u016bti prid\u0117tos prie esam\u0173 tarif\u0173 Kanados importui.<\/p>\n","protected":false},"excerpt":{"rendered":"Pasak JAV prekybos atstovo Jamiesono Greero, muitai bus taikomi ma\u017edaug 20 mlrd. JAV doleri\u0173 vert\u0117s importui i\u0161 Kanados,&hellip;\n","protected":false},"author":2,"featured_media":234150,"comment_status":"","ping_status":"","sticky":false,"template":"","format":"standard","meta":{"footnotes":"","_share_on_mastodon":"0"},"categories":[15],"tags":[25,30,31,194,3346,34,35,24,350,32,33,37,39,36,38,40,23,22,44,28,29,26,27,74,75,76],"class_list":["post-234149","post","type-post","status-publish","format-standard","has-post-thumbnail","category-pasaulis","tag-antrastes","tag-breaking-news","tag-breakingnews","tag-donaldas-trumpas","tag-elta-uzsienio-naujiena","tag-featured-news","tag-featurednews","tag-headlines","tag-kanada","tag-latest-news","tag-latestnews","tag-lietuva","tag-lietuviu","tag-lithuania","tag-lithuanian","tag-lt","tag-naujienos","tag-news","tag-pasaulis","tag-populiariausios-naujienos","tag-populiariausiosnaujienos","tag-top-stories","tag-topstories","tag-world","tag-world-news","tag-worldnews"],"share_on_mastodon":{"url":"https:\/\/pubeurope.com\/@lt\/116957967071344487","error":""},"_links":{"self":[{"href":"https:\/\/www.europesays.com\/lt\/wp-json\/wp\/v2\/posts\/234149","targetHints":{"allow":["GET"]}}],"collection":[{"href":"https:\/\/www.europesays.com\/lt\/wp-json\/wp\/v2\/posts"}],"about":[{"href":"https:\/\/www.europesays.com\/lt\/wp-json\/wp\/v2\/types\/post"}],"author":[{"embeddable":true,"href":"https:\/\/www.europesays.com\/lt\/wp-json\/wp\/v2\/users\/2"}],"replies":[{"embeddable":true,"href":"https:\/\/www.europesays.com\/lt\/wp-json\/wp\/v2\/comments?post=234149"}],"version-history":[{"count":0,"href":"https:\/\/www.europesays.com\/lt\/wp-json\/wp\/v2\/posts\/234149\/revisions"}],"wp:featuredmedia":[{"embeddable":true,"href":"https:\/\/www.europesays.com\/lt\/wp-json\/wp\/v2\/media\/234150"}],"wp:attachment":[{"href":"https:\/\/www.europesays.com\/lt\/wp-json\/wp\/v2\/media?parent=234149"}],"wp:term":[{"taxonomy":"category","embeddable":true,"href":"https:\/\/www.europesays.com\/lt\/wp-json\/wp\/v2\/categories?post=234149"},{"taxonomy":"post_tag","embeddable":true,"href":"https:\/\/www.europesays.com\/lt\/wp-json\/wp\/v2\/tags?post=234149"}],"curies":[{"name":"wp","href":"https:\/\/api.w.org\/{rel}","templated":true}]}}