{"id":234957,"date":"2026-07-22T12:35:22","date_gmt":"2026-07-22T12:35:22","guid":{"rendered":"https:\/\/www.europesays.com\/lt\/234957\/"},"modified":"2026-07-22T12:35:22","modified_gmt":"2026-07-22T12:35:22","slug":"vmi-ruosia-kasos-aparatu-naujove-individualiai-dirbantiems","status":"publish","type":"post","link":"https:\/\/www.europesays.com\/lt\/234957\/","title":{"rendered":"VMI ruo\u0161ia kasos aparat\u0173 naujov\u0119 individualiai dirbantiems"},"content":{"rendered":"<p>Apsilankius turguje Vilniuje galima matyti, kad ant Maryt\u0117s prekystalio i\u0161rikiuoti drabu\u017eiai kainuoja po 5-6 eurus. \u017dmon\u0117s, kaip sako, moka grynaisiais.<\/p>\n<p>\u201eA\u0161 tur\u0117jau anks\u010diau dirbdama \u010deki\u0173 knygut\u0119 ir i\u0161ra\u0161ai \u017emogui, jeigu jis papra\u0161o, bet ma\u017eai kas \u010dia pra\u0161o\u201c, \u2013 pasakojo prekybinink\u0117.<\/p>\n<p>Kasos aparat\u0173 Maryt\u0117 niekad nenaudojo ir neplanuoja. <\/p>\n<p>\u201eJau a\u0161 atsisaky\u010diau \u0161itos veiklos, kadangi \u010dia jau didelis dalykas, reikia pasiskai\u010diuoti visokias s\u0105skaitas\u201c, \u2013 prid\u016br\u0117 ji. <\/p>\n<p>Ta\u010diau dalis smulki\u0173j\u0173 verslinink\u0173 pernai buvo \u012fpareigoti \u012fsigyti i\u0161maniuosius kasos aparatus.<\/p>\n<p>\u201eMums tai labai patogu, nes ateina \u017emoni\u0173, kurie nori atsiskaityti kortele. Jei neturi korteli\u0173 aparato, papras\u010diausiai prek\u0117s neparduodi\u201c, \u2013 dalijosi \u201eVyvi Style\u201c drabu\u017ei\u0173 parduotuv\u0117s vadov\u0117 Vitalija Bagdon\u0117.<\/p>\n<p>Planuoja \u012fvesti kasos aparatus ir kitoms veikloms<\/p>\n<p>Tiesa, i\u0161im\u010di\u0173 s\u0105ra\u0161as \u2013 platus, kasos aparato vis dar nereikalaujama i\u0161 160 skirting\u0173 veikl\u0173, o milijonai mokes\u010di\u0173 valstyb\u0117s biud\u017eeto, tik\u0117tina, nepasiekia.<\/p>\n<p>Valstybin\u0117 mokes\u010di\u0173 inspekcija nusitaik\u0117 \u012f dirban\u010dius individualiai.<\/p>\n<p>\u201ePrie\u017eastis \u2013 didinti pajam\u0173 surinkim\u0105 ir ma\u017einti \u0161e\u0161\u0117lin\u0119 ekonomik\u0105\u201c, \u2013 komentavo Valstybin\u0117s mokes\u010di\u0173 inspekcijos vir\u0161inink\u0117s pavaduotojas Martynas Endrijaitis.<\/p>\n<p>    <img decoding=\"async\" src=\"https:\/\/www.europesays.com\/lt\/wp-content\/uploads\/2026\/07\/831fd763-b3b4-4513-a04f-8b48ea3297a8.jpg\" loading=\"lazy\" alt=\"Martynas Endrijaitis\"\/>      <\/p>\n<p>Kasos aparatus prival\u0117t\u0173 tur\u0117ti dirbantys patalpose, t. y. ne tik pastatuose, bet ir kioskuose, vagon\u0117liuose ar kilnojamame namelyje.<\/p>\n<p>\u201eTai i\u0161 esm\u0117s lie\u010dia gro\u017eio paslaug\u0173 teik\u0117jus, automobili\u0173 remont\u0105, statybininkus, konsultantus, kvalifikacijos specialistus\u201c, \u2013 ai\u0161kino M. Endrijaitis.<\/p>\n<p>I\u0161 30 t\u016bkst. individualiai dirban\u010di\u0173 kirpyklose ar gro\u017eio salonuose, kasos aparatus naudoja tik apie 220 darbuotoj\u0173. O deklaruojamos pajamos prasilenkia su realybe. Neretai m\u0117nesinis u\u017edarbis es\u0105 net nesiekia 800 eur\u0173.<\/p>\n<p>    <img decoding=\"async\" src=\"https:\/\/www.europesays.com\/lt\/wp-content\/uploads\/2026\/07\/334e7327-2868-4206-b6bb-c4f1eb9d96af.jpg\" loading=\"lazy\" alt=\"Mindaugas Ling\u0117\"\/>      <\/p>\n<p>\u201eDirba nuo ryto iki vakaro, atostogauja, ir ne vien\u0105 kart\u0105 metuose, demonstruoja prabang\u0173 gan\u0117tinai gyvenimo b\u016bd\u0105, bet deklaruotos pajamos yra labai kuklios, tad \u010dia yra atsakymas\u201c, \u2013 kalb\u0117jo Seimo narys Mindaugas Ling\u0117.<\/p>\n<p>Gro\u017eio srities atstov\u0117s teigimu, didesn\u0117 dalis dirba s\u0105\u017einingai, turi darbo sutartis arba renkasi verslo liudijimus. Ir abejoja, ar nuosavame bute s\u0117dintis darbuotojas staiga prad\u0117s dalinti \u010dekius.<\/p>\n<p>    <img decoding=\"async\" src=\"https:\/\/www.europesays.com\/lt\/wp-content\/uploads\/2026\/07\/5fddc9c0-6197-11ed-b88d-c5ab0ac9adb7.jpg\" loading=\"lazy\" alt=\"Jolanta Ma\u010diulien\u0117\"\/>      <\/p>\n<p>\u201eTas steb\u0117jimas po padidinamuoju stiklu, kad v\u0117l \u010dia galb\u016bt kirp\u0117ja ne\u012fmu\u0161 \u012f t\u0105 kas\u0105. Kirp\u0117ja, jei ir tur\u0117s aparat\u0105, ir taip gali \u012f t\u0105 kas\u0105 ne\u012fmu\u0161ti. Apie k\u0105 mes kalbame?\u201c, \u2013 svarst\u0117 Kirp\u0117j\u0173 ir gro\u017eio specialist\u0173 asociacijos prezident\u0117 Jolanta Ma\u010diulien\u0117.<\/p>\n<p>Dar daugiau b\u0117d\u0173 es\u0105 statyb\u0173 sektoriuje.<\/p>\n<p>\u201eM\u016bs\u0173 manymu, apie 24 t\u016bkst. asmen\u0173 dirba nelegaliai. Mes \u017ei\u016brime, kiek yra pastatyta ir parduota but\u0173 su daline apdaila. Jei paklausiu, kas t\u0105 dalin\u0119 apdail\u0105 atlieka, labai ma\u017eai kas atlieka oficialiai mok\u0117damas mokes\u010dius\u201c, \u2013 teig\u0117 Lietuvos statybinink\u0173 asociacijos prezidentas Dalius Gedvilas.<\/p>\n<p>    <img decoding=\"async\" src=\"https:\/\/www.europesays.com\/lt\/wp-content\/uploads\/2026\/07\/46160932-7890-426f-aedd-263359ad9b09.jpg\" loading=\"lazy\" alt=\"Dalius Gedvilas\"\/>      <\/p>\n<p>Naujausiais duomenimis, individualia veikl\u0105 turi apie 280 t\u016bkst. gyventoj\u0173, o kasos aparatus turi vos 7 t\u016bkst.<\/p>\n<p>\u201eTokios administracin\u0117s priemon\u0117s i\u0161 vienos pus\u0117s gali atrodyti kaip efektyvios, ta\u010diau, jei \u017emogus nenori mok\u0117ti mokes\u010di\u0173, aparato tur\u0117jimas jo nepriver\u010dia mok\u0117ti mokes\u010di\u0173. \u010cia toks dvia\u0161menis kardas\u201c, \u2013 komentavo Lietuvos verslo konfederacijos prezidentas Andrius Romanovskis.<\/p>\n<p>Valstietis Valius \u0104\u017euolas \u012fsitikin\u0119s, kad papildoma na\u0161ta paskatins dar daugiau versl\u0173 trauktis \u012f \u0161e\u0161\u0117l\u012f.<\/p>\n<p>    <img decoding=\"async\" src=\"https:\/\/www.europesays.com\/lt\/wp-content\/uploads\/2026\/07\/1784723721_575_6c142f38-f651-4836-a4ce-d666c37d6071.jpg\" loading=\"lazy\" alt=\"Valius \u0104\u017euolas\"\/>      <\/p>\n<p>\u201eNet 2025 metais Europos Komisija buvo pasisakiusi, kad smulkiajam verslui reikia ir PVM rib\u0105 didinti, administracin\u0119 na\u0161t\u0105 ma\u017einti ir s\u0105lygas gerinti\u201c, \u2013 sak\u0117 Seimo narys.<\/p>\n<p>\u201eTurime dal\u012f sektori\u0173, kurie i\u0161sigrynino. Pavyzd\u017eiui, vie\u0161ojo maitinimo, kur anks\u010diau tikrai buvo didelis \u0161e\u0161\u0117lis. Viena i\u0161 priemoni\u0173, kas ten ma\u017eino \u0161e\u0161\u0117l\u012f, tai PVM mokes\u010dio suma\u017einimas\u201c, \u2013 ai\u0161kino A. Romanovskis.<\/p>\n<p>    <img decoding=\"async\" src=\"https:\/\/www.europesays.com\/lt\/wp-content\/uploads\/2026\/07\/a5db5e92-746f-48dc-9ec3-ad44ec1095d1.jpg\" loading=\"lazy\" alt=\"Andrius Romanovskis\"\/>      <\/p>\n<p>Statybinink\u0173 sektoriaus vadovas jau prie\u0161 por\u0105 met\u0173 si\u016bl\u0117 sprendim\u0105 kovai su \u0161e\u0161\u0117liu \u2013 naudoti vadinam\u0105j\u012f \u201estatybininko ID\u201c. Toks modelis veikia Skandinavijos \u0161alyse, kur darbuotojai registruoja savo jud\u0117jim\u0105 ir atliktus darbus.<\/p>\n<p>\u201eMatyt\u0173si, kokiame objekte ir kiek laiko sugai\u0161o. Turime patvirtint\u0105 minimali\u0105 alg\u0105, turime vidutin\u012f atlyg\u012f nustatyt\u0105 statybos sektoriuje, tad b\u016bt\u0173 galima labai greitai suskai\u010diuoti, kiek gyventoj\u0173 pajam\u0173 mokes\u010dio, socialinio draudimo turi sumok\u0117ti \u0161is asmuo\u201c, \u2013 tikino D. Gedvilas.<\/p>\n<p>Verslas konstatuoja, kad kasos aparatai \u2013 ne visur tinkamas sprendimas, tod\u0117l dal\u012f i\u0161im\u010di\u0173 si\u016blo palikti.<\/p>\n<p>\u201ePasi\u016blymai yra vertinami bei analizuojama, kokios grup\u0117s gal\u0117t\u0173 tik\u0117tis i\u0161imties\u201c, \u2013 kalb\u0117jo M. Endrijaitis.<\/p>\n<p>S\u0105ra\u0161\u0105 Valstybin\u0117 mokes\u010di\u0173 inspekcija jau perdav\u0117 Finans\u0173 ministerijai, ta\u010diau, pana\u0161u, naujasis ministras su situacija dar nesusipa\u017eino.<\/p>\n<p>    <img decoding=\"async\" src=\"https:\/\/www.europesays.com\/lt\/wp-content\/uploads\/2026\/07\/f03fe3b6-d93a-41f7-819b-696f76352383.jpg\" loading=\"lazy\" alt=\"Taurimas Valys\"\/>      <\/p>\n<p>\u201e\u0160is klausimas bus m\u016bs\u0173 sud\u0117tin\u0117 priemon\u0117 kovos su \u0161e\u0161\u0117liu. Tikrai \u017einome \u0161i\u0105 problem\u0105, tikrai matome galimybes spr\u0119sti, bet j\u016bs\u0173 pasi\u016blyta priemon\u0117 gal\u0117t\u0173 b\u016bti ir platesn\u0117\u201c, \u2013 teig\u0117 finans\u0173 ministras Taurimas Valys.<\/p>\n<p>Tiesa, anks\u010diau kov\u0105 su \u0161e\u0161\u0117liu politikas \u012fvardijo kaip vien\u0105 prioritetini\u0173 darb\u0173 ministerijoje.<\/p>\n<p>Valstybin\u0117 mokes\u010di\u0173 inspekcija planuojamus poky\u010dius \u017eada pristatyti ruden\u012f.<\/p>\n<p>Vis\u0105 reporta\u017e\u0105 \u017ei\u016br\u0117kite LNK \u017einiose:<\/p>\n","protected":false},"excerpt":{"rendered":"Apsilankius turguje Vilniuje galima matyti, kad ant Maryt\u0117s prekystalio i\u0161rikiuoti drabu\u017eiai kainuoja po 5-6 eurus. \u017dmon\u0117s, kaip sako,&hellip;\n","protected":false},"author":2,"featured_media":234958,"comment_status":"","ping_status":"","sticky":false,"template":"","format":"standard","meta":{"footnotes":"","_share_on_mastodon":"0"},"categories":[6],"tags":[25,30,31,34,35,24,13778,4401,32,33,37,39,36,38,40,23,22,28,29,22508,26,27,1572],"class_list":["post-234957","post","type-post","status-publish","format-standard","has-post-thumbnail","category-antrastes","tag-antrastes","tag-breaking-news","tag-breakingnews","tag-featured-news","tag-featurednews","tag-headlines","tag-individuali-veikla","tag-kasos-aparatai","tag-latest-news","tag-latestnews","tag-lietuva","tag-lietuviu","tag-lithuania","tag-lithuanian","tag-lt","tag-naujienos","tag-news","tag-populiariausios-naujienos","tag-populiariausiosnaujienos","tag-seseline-ekonomika","tag-top-stories","tag-topstories","tag-vmi"],"share_on_mastodon":{"url":"https:\/\/pubeurope.com\/@lt\/116963660957167069","error":""},"_links":{"self":[{"href":"https:\/\/www.europesays.com\/lt\/wp-json\/wp\/v2\/posts\/234957","targetHints":{"allow":["GET"]}}],"collection":[{"href":"https:\/\/www.europesays.com\/lt\/wp-json\/wp\/v2\/posts"}],"about":[{"href":"https:\/\/www.europesays.com\/lt\/wp-json\/wp\/v2\/types\/post"}],"author":[{"embeddable":true,"href":"https:\/\/www.europesays.com\/lt\/wp-json\/wp\/v2\/users\/2"}],"replies":[{"embeddable":true,"href":"https:\/\/www.europesays.com\/lt\/wp-json\/wp\/v2\/comments?post=234957"}],"version-history":[{"count":0,"href":"https:\/\/www.europesays.com\/lt\/wp-json\/wp\/v2\/posts\/234957\/revisions"}],"wp:featuredmedia":[{"embeddable":true,"href":"https:\/\/www.europesays.com\/lt\/wp-json\/wp\/v2\/media\/234958"}],"wp:attachment":[{"href":"https:\/\/www.europesays.com\/lt\/wp-json\/wp\/v2\/media?parent=234957"}],"wp:term":[{"taxonomy":"category","embeddable":true,"href":"https:\/\/www.europesays.com\/lt\/wp-json\/wp\/v2\/categories?post=234957"},{"taxonomy":"post_tag","embeddable":true,"href":"https:\/\/www.europesays.com\/lt\/wp-json\/wp\/v2\/tags?post=234957"}],"curies":[{"name":"wp","href":"https:\/\/api.w.org\/{rel}","templated":true}]}}