{"id":235021,"date":"2026-07-22T14:14:11","date_gmt":"2026-07-22T14:14:11","guid":{"rendered":"https:\/\/www.europesays.com\/lt\/235021\/"},"modified":"2026-07-22T14:14:11","modified_gmt":"2026-07-22T14:14:11","slug":"lietuvos-bankas-panaikino-alphapay-licencija","status":"publish","type":"post","link":"https:\/\/www.europesays.com\/lt\/235021\/","title":{"rendered":"Lietuvos bankas panaikino \u201eAlphaPay\u201c licencij\u0105"},"content":{"rendered":"<p>Anot LB, nustatyta, kad \u012fstaiga nebeatitinka su vidaus kontrol\u0117s sistema ir informacini\u0173 bei ry\u0161i\u0173 technologijos infrastrukt\u016bra susijusi\u0173 reikalavim\u0173, neu\u017etikrina tinkamos mok\u0117jimo paslaug\u0173 vartotoj\u0173 l\u0117\u0161\u0173 apsaugos, nebevykdo nuosavo kapitalo reikalavim\u0173.\u00a0<\/p>\n<p>Be to, \u201eAlphaPay\u201c nepateik\u0117 audituot\u0173 pra\u0117jusi\u0173 met\u0173 finansini\u0173 ataskait\u0173, audito i\u0161vados bei visuotinio akcinink\u0173 susirinkimo sprendimo d\u0117l pelno ar nuostoli\u0173 paskirstymo.<\/p>\n<p>Dar \u0161\u012f baland\u012f Lietuvos bankas (LB) sustabd\u0117 \u201eAlphaPay\u201c \u00a0licencijos galiojim\u0105 ir apribojo prieig\u0105 prie \u012fstaigos s\u0105skait\u0173, kuriose yra klient\u0173 l\u0117\u0161\u0173.<\/p>\n<p>\u012emon\u0117 buvo \u012fpareigota per nustatyt\u0105 termin\u0105 pa\u0161alinti nustatytus teis\u0117s akt\u0173 reikalavim\u0173 pa\u017eeidimus, pateikti aktualius ir tikslius duomenis apie jos veikl\u0105 ir finansin\u0119 b\u016bkl\u0119, ta\u010diau reikalavim\u0173 ne\u012fvykd\u0117.<\/p>\n<p>\u201e\u012evertin\u0119s aplinkybi\u0173 visum\u0105, Lietuvos bankas konstatavo, kad \u012fstaiga yra nebepaj\u0117gi u\u017etikrinti saugi\u0105, patikim\u0105 ir stabili\u0105 veikl\u0105, d\u0117l to kyla gr\u0117sm\u0117 jos klient\u0173 interesams, ir panaikino (\u2026) mok\u0117jimo \u012fstaigos licencij\u0105. Tai rei\u0161kia, kad bendrov\u0117 negali teikti joki\u0173 finansini\u0173 paslaug\u0173&#8221;, \u2013 tre\u010diadien\u012f prane\u0161\u0117 LB.<\/p>\n<p>Centrinio banko duomenimis, \u012fstaiga yra nemoki \u2013 neturi pakankamai l\u0117\u0161\u0173 ir negeba \u012fvykdyti prievoli\u0173 pagal \u012fsipareigojimus, nuosavas kapitalas \u2013 neigiamas.\u00a0<\/p>\n<p>Atsi\u017evelgdamas \u012f tai LB kreipsis \u012f teism\u0105 d\u0117l bankroto bylos \u0161iai \u012fstaigai i\u0161k\u0117limo.<\/p>\n","protected":false},"excerpt":{"rendered":"Anot LB, nustatyta, kad \u012fstaiga nebeatitinka su vidaus kontrol\u0117s sistema ir informacini\u0173 bei ry\u0161i\u0173 technologijos infrastrukt\u016bra susijusi\u0173 reikalavim\u0173,&hellip;\n","protected":false},"author":2,"featured_media":235022,"comment_status":"","ping_status":"","sticky":false,"template":"","format":"standard","meta":{"footnotes":"","_share_on_mastodon":"0"},"categories":[13],"tags":[25,34917,3534,30,31,34,35,24,32,33,37,39,764,36,38,40,23,22,28,29,26,27],"class_list":["post-235021","post","type-post","status-publish","format-standard","has-post-thumbnail","category-lietuva","tag-antrastes","tag-bankroto-byla","tag-bauda","tag-breaking-news","tag-breakingnews","tag-featured-news","tag-featurednews","tag-headlines","tag-latest-news","tag-latestnews","tag-lietuva","tag-lietuviu","tag-lietuvos-bankas","tag-lithuania","tag-lithuanian","tag-lt","tag-naujienos","tag-news","tag-populiariausios-naujienos","tag-populiariausiosnaujienos","tag-top-stories","tag-topstories"],"share_on_mastodon":{"url":"https:\/\/pubeurope.com\/@lt\/116964049885168973","error":""},"_links":{"self":[{"href":"https:\/\/www.europesays.com\/lt\/wp-json\/wp\/v2\/posts\/235021","targetHints":{"allow":["GET"]}}],"collection":[{"href":"https:\/\/www.europesays.com\/lt\/wp-json\/wp\/v2\/posts"}],"about":[{"href":"https:\/\/www.europesays.com\/lt\/wp-json\/wp\/v2\/types\/post"}],"author":[{"embeddable":true,"href":"https:\/\/www.europesays.com\/lt\/wp-json\/wp\/v2\/users\/2"}],"replies":[{"embeddable":true,"href":"https:\/\/www.europesays.com\/lt\/wp-json\/wp\/v2\/comments?post=235021"}],"version-history":[{"count":0,"href":"https:\/\/www.europesays.com\/lt\/wp-json\/wp\/v2\/posts\/235021\/revisions"}],"wp:featuredmedia":[{"embeddable":true,"href":"https:\/\/www.europesays.com\/lt\/wp-json\/wp\/v2\/media\/235022"}],"wp:attachment":[{"href":"https:\/\/www.europesays.com\/lt\/wp-json\/wp\/v2\/media?parent=235021"}],"wp:term":[{"taxonomy":"category","embeddable":true,"href":"https:\/\/www.europesays.com\/lt\/wp-json\/wp\/v2\/categories?post=235021"},{"taxonomy":"post_tag","embeddable":true,"href":"https:\/\/www.europesays.com\/lt\/wp-json\/wp\/v2\/tags?post=235021"}],"curies":[{"name":"wp","href":"https:\/\/api.w.org\/{rel}","templated":true}]}}