{"id":235050,"date":"2026-07-22T15:00:16","date_gmt":"2026-07-22T15:00:16","guid":{"rendered":"https:\/\/www.europesays.com\/lt\/235050\/"},"modified":"2026-07-22T15:00:16","modified_gmt":"2026-07-22T15:00:16","slug":"palangos-verslininkai-pastarosiomis-naktimis-miega-neramiai-siaubiamas-ju-turtas","status":"publish","type":"post","link":"https:\/\/www.europesays.com\/lt\/235050\/","title":{"rendered":"Palangos verslininkai pastarosiomis naktimis miega neramiai: siaubiamas j\u0173 turtas"},"content":{"rendered":"<p>Garsiojoje Palangos J. Basanavi\u010diaus gatv\u0117je poilsiautojams skirtas smulki\u0173 pramog\u0173 paslaugas teikiantys verslininkai pastarosiomis naktimis miega neramiai.<\/p>\n<p>\u0160ioje gatv\u0117je naktimis \u0161eimininkauja vagys, kuri\u0173 taikinyje atsid\u016br\u0117 specifinis grobis.<\/p>\n<p>Patiems verslininkams ir teis\u0117saugininkams tai jokia naujiena.<\/p>\n<p>Tokie nusikaltimai kurorte fiksuojami kiekvieno vasaros sezono metu.<\/p>\n<p>Naujausias \u201eBasank\u0117je\u201c \u012fvykdytas antradienio (liepos 21 d.) nakt\u012f, pasteb\u0117tas ryte.<\/p>\n<p>Apie 7.15 val. J. Basanavi\u010diaus gatv\u0117je patruliuojantys pareig\u016bnai pasteb\u0117jo i\u0161lau\u017etus kelis vie\u0161oje vietoje stovin\u010dius \u017eaidim\u0173 aparatus.<\/p>\n<p>Padaryta \u017eala yra tikslinama.<\/p>\n<p>Nusikalt\u0117li\u0173 grobiu tapo \u012f \u017eaidimo aparat\u0173 pinig\u0173 saugyklas poilsiautoj\u0173 sumesti eurai.<\/p>\n<p>Kurorto policininkai ai\u0161kinasi \u012fvykio aplinkybes, bando nustatyti galimus \u012ftariamuosius.<\/p>\n<p>\u201eVakar\u0173 ekspreso\u201c duomenimis, kriminalist\u0173 akiratyje atsid\u016br\u0117 nepilname\u010diai asmenys.<\/p>\n<p>Palangos policijos komisariate prad\u0117tas ikiteisminis tyrimas d\u0117l vagyst\u0117s &#8211; svetimo turto pagrobimo.<\/p>\n<p>\u201eVakar\u0173 ekspresas\u201c ra\u0161\u0117, kad J. Basanavi\u010diaus gatv\u0117je, vie\u0161oje vietoje, stovin\u010dio \u017eaidimo aparato pinig\u0173 saugykla pary\u010diais pavogta pra\u0117jus\u012f sekmadien\u012f.<\/p>\n<p>Padaryta \u017eala \u012fvertinta 455 eurais.<\/p>\n<p>J. Basanavi\u010diaus gatv\u0117je stovintys \u017eaidim\u0173 aparatai \u0161iemet jau ne kart\u0105 nusiaubti bei apvogti.<\/p>\n","protected":false},"excerpt":{"rendered":"Garsiojoje Palangos J. Basanavi\u010diaus gatv\u0117je poilsiautojams skirtas smulki\u0173 pramog\u0173 paslaugas teikiantys verslininkai pastarosiomis naktimis miega neramiai. \u0160ioje gatv\u0117je&hellip;\n","protected":false},"author":2,"featured_media":235051,"comment_status":"","ping_status":"","sticky":false,"template":"","format":"standard","meta":{"footnotes":"","_share_on_mastodon":"0"},"categories":[13],"tags":[25,30,31,34,35,24,7765,32,33,37,39,36,38,40,23,22,2801,28,29,26,27,2341],"class_list":["post-235050","post","type-post","status-publish","format-standard","has-post-thumbnail","category-lietuva","tag-antrastes","tag-breaking-news","tag-breakingnews","tag-featured-news","tag-featurednews","tag-headlines","tag-ikiteisminis-tyrimas","tag-latest-news","tag-latestnews","tag-lietuva","tag-lietuviu","tag-lithuania","tag-lithuanian","tag-lt","tag-naujienos","tag-news","tag-palanga","tag-populiariausios-naujienos","tag-populiariausiosnaujienos","tag-top-stories","tag-topstories","tag-vagyste"],"share_on_mastodon":{"url":"https:\/\/pubeurope.com\/@lt\/116964230910027960","error":""},"_links":{"self":[{"href":"https:\/\/www.europesays.com\/lt\/wp-json\/wp\/v2\/posts\/235050","targetHints":{"allow":["GET"]}}],"collection":[{"href":"https:\/\/www.europesays.com\/lt\/wp-json\/wp\/v2\/posts"}],"about":[{"href":"https:\/\/www.europesays.com\/lt\/wp-json\/wp\/v2\/types\/post"}],"author":[{"embeddable":true,"href":"https:\/\/www.europesays.com\/lt\/wp-json\/wp\/v2\/users\/2"}],"replies":[{"embeddable":true,"href":"https:\/\/www.europesays.com\/lt\/wp-json\/wp\/v2\/comments?post=235050"}],"version-history":[{"count":0,"href":"https:\/\/www.europesays.com\/lt\/wp-json\/wp\/v2\/posts\/235050\/revisions"}],"wp:featuredmedia":[{"embeddable":true,"href":"https:\/\/www.europesays.com\/lt\/wp-json\/wp\/v2\/media\/235051"}],"wp:attachment":[{"href":"https:\/\/www.europesays.com\/lt\/wp-json\/wp\/v2\/media?parent=235050"}],"wp:term":[{"taxonomy":"category","embeddable":true,"href":"https:\/\/www.europesays.com\/lt\/wp-json\/wp\/v2\/categories?post=235050"},{"taxonomy":"post_tag","embeddable":true,"href":"https:\/\/www.europesays.com\/lt\/wp-json\/wp\/v2\/tags?post=235050"}],"curies":[{"name":"wp","href":"https:\/\/api.w.org\/{rel}","templated":true}]}}