{"id":235086,"date":"2026-07-22T15:47:35","date_gmt":"2026-07-22T15:47:35","guid":{"rendered":"https:\/\/www.europesays.com\/lt\/235086\/"},"modified":"2026-07-22T15:47:35","modified_gmt":"2026-07-22T15:47:35","slug":"utenoje-sustabdyto-automobilio-bagazineje-netiketas-radinys","status":"publish","type":"post","link":"https:\/\/www.europesays.com\/lt\/235086\/","title":{"rendered":"Utenoje sustabdyto automobilio baga\u017ein\u0117je \u2013 netik\u0117tas radinys"},"content":{"rendered":"<p>Sekmadienio vakar\u0105, gav\u0119 informacij\u0105 i\u0161 VSAT Vilniaus pasienio rinktin\u0117s Kriminalin\u0117s \u017evalgybos skyriaus, policijos pareig\u016bnai Utenoje sustabd\u0117 automobil\u012f \u201eToyota Yaris Cross\u201c. Krosover\u012f su lenki\u0161kais valstybinio numerio \u017eenklais vairavo 19-metis vyras. Automobilis buvo sausakim\u0161as \u2013 jame keliavo \u0161e\u0161i jauni svetim\u0161aliai.<\/p>\n<p>\u012e \u012fvykio viet\u0105 atvykusiems VSAT Vilniaus pasienio rinktin\u0117s Pu\u0161k\u0173 pasienio u\u017ekardos pareig\u016bnams penki i\u0161 j\u0173 prisistat\u0117 Afganistano pilie\u010diais, \u0161e\u0161tasis \u2013 Pakistano. Visi jie \u012f Lietuv\u0105 atvyko i\u0161 Latvijos ir prieglobs\u010dio m\u016bs\u0173 \u0161alyje nepra\u0161\u0117.<\/p>\n<p>Juos gaben\u0119s u\u017esienietis buvo sulaikytas ir u\u017edarytas \u012f VSAT Vilniaus pasienio rinktin\u0117s laikino sulaikymo patalpas.<\/p>\n<p>D\u0117l neteis\u0117to \u017emoni\u0173 gabenimo per valstyb\u0117s sien\u0105 savanaudi\u0161kais tikslais VSAT Vilniaus pasienio rinktin\u0117je prad\u0117tas ikiteisminis tyrimas, kuriam vadovauja Panev\u0117\u017eio apygardos prokurat\u016bros Organizuot\u0173 nusikaltim\u0173 ir korupcijos tyrimo skyriaus prokuroras.<\/p>\n<p>U\u017e toki\u0105 nusikalstam\u0105 veik\u0105 \u012fstatyme numatyta bauda arba laisv\u0117s at\u0117mimas iki a\u0161tuoneri\u0173 met\u0173.<\/p>\n<p>Vadinamu latvi\u0161kuoju keliu vykusius ir sulaikytus neteis\u0117tus migrantus, atlik\u0119 reikalingas proced\u016bras, Lietuvos pasienie\u010diai paprastai gr\u0105\u017eina kolegoms latviams.<\/p>\n<p>Antradien\u012f tojotos vairuotojui teismas skyr\u0117 kardom\u0105j\u0105 priemon\u0119 \u2013 su\u0117mim\u0105 trims m\u0117nesiams.<\/p>\n<p>Automobilis \u201eToyota Yaris Cross\u201c laikinai saugomas VSAT Vilniaus pasienio rinktin\u0117je.<\/p>\n","protected":false},"excerpt":{"rendered":"Sekmadienio vakar\u0105, gav\u0119 informacij\u0105 i\u0161 VSAT Vilniaus pasienio rinktin\u0117s Kriminalin\u0117s \u017evalgybos skyriaus, policijos pareig\u016bnai Utenoje sustabd\u0117 automobil\u012f \u201eToyota&hellip;\n","protected":false},"author":2,"featured_media":235087,"comment_status":"","ping_status":"","sticky":false,"template":"","format":"standard","meta":{"footnotes":"","_share_on_mastodon":"0"},"categories":[13],"tags":[25,30,31,34,35,24,7765,32,33,37,39,36,38,40,23,22,28,29,26,27,549],"class_list":["post-235086","post","type-post","status-publish","format-standard","has-post-thumbnail","category-lietuva","tag-antrastes","tag-breaking-news","tag-breakingnews","tag-featured-news","tag-featurednews","tag-headlines","tag-ikiteisminis-tyrimas","tag-latest-news","tag-latestnews","tag-lietuva","tag-lietuviu","tag-lithuania","tag-lithuanian","tag-lt","tag-naujienos","tag-news","tag-populiariausios-naujienos","tag-populiariausiosnaujienos","tag-top-stories","tag-topstories","tag-vsat"],"share_on_mastodon":{"url":"https:\/\/pubeurope.com\/@lt\/116964415453513565","error":""},"_links":{"self":[{"href":"https:\/\/www.europesays.com\/lt\/wp-json\/wp\/v2\/posts\/235086","targetHints":{"allow":["GET"]}}],"collection":[{"href":"https:\/\/www.europesays.com\/lt\/wp-json\/wp\/v2\/posts"}],"about":[{"href":"https:\/\/www.europesays.com\/lt\/wp-json\/wp\/v2\/types\/post"}],"author":[{"embeddable":true,"href":"https:\/\/www.europesays.com\/lt\/wp-json\/wp\/v2\/users\/2"}],"replies":[{"embeddable":true,"href":"https:\/\/www.europesays.com\/lt\/wp-json\/wp\/v2\/comments?post=235086"}],"version-history":[{"count":0,"href":"https:\/\/www.europesays.com\/lt\/wp-json\/wp\/v2\/posts\/235086\/revisions"}],"wp:featuredmedia":[{"embeddable":true,"href":"https:\/\/www.europesays.com\/lt\/wp-json\/wp\/v2\/media\/235087"}],"wp:attachment":[{"href":"https:\/\/www.europesays.com\/lt\/wp-json\/wp\/v2\/media?parent=235086"}],"wp:term":[{"taxonomy":"category","embeddable":true,"href":"https:\/\/www.europesays.com\/lt\/wp-json\/wp\/v2\/categories?post=235086"},{"taxonomy":"post_tag","embeddable":true,"href":"https:\/\/www.europesays.com\/lt\/wp-json\/wp\/v2\/tags?post=235086"}],"curies":[{"name":"wp","href":"https:\/\/api.w.org\/{rel}","templated":true}]}}