{"id":235339,"date":"2026-07-23T01:35:12","date_gmt":"2026-07-23T01:35:12","guid":{"rendered":"https:\/\/www.europesays.com\/lt\/235339\/"},"modified":"2026-07-23T01:35:12","modified_gmt":"2026-07-23T01:35:12","slug":"kroatijoje-is-vandens-isniro-nuskendes-laivas","status":"publish","type":"post","link":"https:\/\/www.europesays.com\/lt\/235339\/","title":{"rendered":"Kroatijoje i\u0161 vandens i\u0161niro nuskend\u0119s laivas"},"content":{"rendered":"<p>\u201eIstorija tiesiogine prasme i\u0161niro i\u0161 Dunojaus. Oficialioje Lovaso savivaldyb\u0117s interneto svetain\u0117je paskelb\u0117me nuotraukas ir informacij\u0105, siekdami surinkti kuo daugiau duomen\u0173 i\u0161 vietos gyventoj\u0173, istorik\u0173 ir vis\u0173, kurie gali k\u0105 nors \u017einoti apie \u0161\u012f laiv\u0105. Jau gavome verting\u0105 u\u017euomin\u0105 \u2013 1937 met\u0173 laikra\u0161\u010dio straipsn\u012f, kuriame apra\u0161oma, kad laivas nuskendo\u201c, \u2013 sak\u0117 Lovaso savivaldyb\u0117s, kuriai administraci\u0161kai priklauso Opatovacas, mer\u0117 Lea Vidi\u0107.<\/p>\n<p>Ji prid\u016br\u0117, kad \u0161iuo metu up\u0117je ai\u0161kiai matomas laivagalis.<\/p>\n<p>\u201eKai kurie gyventojai pasakoja, kad prie\u0161 penkiolika met\u0173 mat\u0117 tik neai\u0161kius kont\u016brus, ta\u010diau nepamena, kad laivas b\u016bt\u0173 buv\u0119s matomas taip gerai, kaip dabar\u201c, \u2013 prid\u016br\u0117 L. Vidi\u0107.<\/p>\n<p>Ji taip pat pamin\u0117jo, kad vienas Opatovaco gyventojas rado 1937 met\u0173 laikra\u0161\u010dio straipsn\u012f, kuriame i\u0161samiai apra\u0161yta nelaim\u0117, kuri, kaip manoma, susijusi b\u016btent su laivu, kurio liekanos \u0161iandien v\u0117l i\u0161niro \u012f pavir\u0161i\u0173, prane\u0161\u0117 \u201eJutarnji list\u201c.<\/p>\n<p>Remiantis straipsniu, Vengrijos krovininis laivas \u201eFulton\u201c vilko anglimi pakraut\u0105 Austrijos Garlaivi\u0173 bendrovei priklausiusi\u0105 bar\u017e\u0105 Naujojo Sado kryptimi. Netoli Opatovaco \u012fvyko nelaim\u0117, kurios prie\u017eastys taip ir nebuvo nustatytos \u2013 laivas kartu su kroviniu nuskendo.<\/p>\n<p>\u201eJei Dunojaus vandens lygis ir toliau kris, galb\u016bt pavyks pamatyti didesn\u0119 laivo konstrukcijos dal\u012f. Nors per de\u0161imtme\u010dius laivas tikriausiai buvo u\u017ene\u0161tas up\u0117s sm\u0117liu, tai i\u0161skirtin\u0117 proga u\u017efiksuoti dal\u012f m\u016bs\u0173 upi\u0173 istorijos\u201c, \u2013 sak\u0117 L. Vidi\u0107.<\/p>\n","protected":false},"excerpt":{"rendered":"\u201eIstorija tiesiogine prasme i\u0161niro i\u0161 Dunojaus. Oficialioje Lovaso savivaldyb\u0117s interneto svetain\u0117je paskelb\u0117me nuotraukas ir informacij\u0105, siekdami surinkti kuo&hellip;\n","protected":false},"author":2,"featured_media":235340,"comment_status":"","ping_status":"","sticky":false,"template":"","format":"standard","meta":{"footnotes":"","_share_on_mastodon":"0"},"categories":[15],"tags":[25,30,31,34,35,24,7574,3561,32,33,37,39,36,38,40,23,22,44,28,29,26,27,74,75,76],"class_list":["post-235339","post","type-post","status-publish","format-standard","has-post-thumbnail","category-pasaulis","tag-antrastes","tag-breaking-news","tag-breakingnews","tag-featured-news","tag-featurednews","tag-headlines","tag-kroatija","tag-laivas","tag-latest-news","tag-latestnews","tag-lietuva","tag-lietuviu","tag-lithuania","tag-lithuanian","tag-lt","tag-naujienos","tag-news","tag-pasaulis","tag-populiariausios-naujienos","tag-populiariausiosnaujienos","tag-top-stories","tag-topstories","tag-world","tag-world-news","tag-worldnews"],"share_on_mastodon":{"url":"https:\/\/pubeurope.com\/@lt\/116966727801930885","error":""},"_links":{"self":[{"href":"https:\/\/www.europesays.com\/lt\/wp-json\/wp\/v2\/posts\/235339","targetHints":{"allow":["GET"]}}],"collection":[{"href":"https:\/\/www.europesays.com\/lt\/wp-json\/wp\/v2\/posts"}],"about":[{"href":"https:\/\/www.europesays.com\/lt\/wp-json\/wp\/v2\/types\/post"}],"author":[{"embeddable":true,"href":"https:\/\/www.europesays.com\/lt\/wp-json\/wp\/v2\/users\/2"}],"replies":[{"embeddable":true,"href":"https:\/\/www.europesays.com\/lt\/wp-json\/wp\/v2\/comments?post=235339"}],"version-history":[{"count":0,"href":"https:\/\/www.europesays.com\/lt\/wp-json\/wp\/v2\/posts\/235339\/revisions"}],"wp:featuredmedia":[{"embeddable":true,"href":"https:\/\/www.europesays.com\/lt\/wp-json\/wp\/v2\/media\/235340"}],"wp:attachment":[{"href":"https:\/\/www.europesays.com\/lt\/wp-json\/wp\/v2\/media?parent=235339"}],"wp:term":[{"taxonomy":"category","embeddable":true,"href":"https:\/\/www.europesays.com\/lt\/wp-json\/wp\/v2\/categories?post=235339"},{"taxonomy":"post_tag","embeddable":true,"href":"https:\/\/www.europesays.com\/lt\/wp-json\/wp\/v2\/tags?post=235339"}],"curies":[{"name":"wp","href":"https:\/\/api.w.org\/{rel}","templated":true}]}}