{"id":235512,"date":"2026-07-23T07:47:10","date_gmt":"2026-07-23T07:47:10","guid":{"rendered":"https:\/\/www.europesays.com\/lt\/235512\/"},"modified":"2026-07-23T07:47:10","modified_gmt":"2026-07-23T07:47:10","slug":"atlikeja-vasha-ispilde-svajone-isigijo-nauja-automobili","status":"publish","type":"post","link":"https:\/\/www.europesays.com\/lt\/235512\/","title":{"rendered":"Atlik\u0117ja Vasha i\u0161pild\u0117 svajon\u0119: \u012fsigijo nauj\u0105 automobil\u012f"},"content":{"rendered":"<p>Dar prie\u0161 kur\u012f laik\u0105 G. Navick\u0117-Vasha nusprend\u0117 parduoti savo 2021 met\u0173 \u201eMercedes-Benz C220\u201c automobil\u012f bei pakeisti j\u012f naujesniu. <\/p>\n<p>Atlik\u0117ja i\u0161sirinko nauj\u0105 \u201eAudi Q5\u201c su kuriuo praeit\u0105 savait\u0119 i\u0161va\u017eiavo i\u0161 salono.<\/p>\n<p>\u201eKai svajon\u0117s tampa realybe!!!I Did it! Omg! Mano ma\u0161ina!\u201c \u2013 ra\u0161\u0117 garsi moteris \u0161alia vaizdo \u012fra\u0161o, kuriame \u012fam\u017eino naujos ma\u0161inos pirm\u0105sias \u012fsigijimo akimirkas.<\/p>\n<p>Po \u0161iuo vaizdo \u012fra\u0161u G. Navick\u0117-Vasha sulauk\u0117 ir daugyb\u0117s kompliment\u0173 bei sveikinim\u0173:<\/p>\n<ul>\n<li>\n<p>\u201eWow drauge, sveikinu, kokia gra\u017ei, laistysim\u201c;<\/p>\n<\/li>\n<li>\n<p>\u201eSveikinuuu\u201c;<\/p>\n<\/li>\n<li>\n<p>\u201eWow, kokia gra\u017ei\u201c;<\/p>\n<\/li>\n<li>\n<p>\u201eUnikali spalva, super\u201c;<\/p>\n<\/li>\n<li>\n<p>\u201eSveikinu \u012fstojus \u012f keturi\u0173 \u017eied\u0173 klub\u0105\u201c;<\/p>\n<\/li>\n<li>\n<p>\u201eLabai gra\u017ei spalva, sveikinimai, Gabriele!\u201c<\/p>\n<\/li>\n<\/ul>\n","protected":false},"excerpt":{"rendered":"Dar prie\u0161 kur\u012f laik\u0105 G. Navick\u0117-Vasha nusprend\u0117 parduoti savo 2021 met\u0173 \u201eMercedes-Benz C220\u201c automobil\u012f bei pakeisti j\u012f naujesniu.&hellip;\n","protected":false},"author":2,"featured_media":235513,"comment_status":"","ping_status":"","sticky":false,"template":"","format":"standard","meta":{"footnotes":"","_share_on_mastodon":"0"},"categories":[21],"tags":[113,37,39,36,38,40,114,7474],"class_list":["post-235512","post","type-post","status-publish","format-standard","has-post-thumbnail","category-pramogos","tag-entertainment","tag-lietuva","tag-lietuviu","tag-lithuania","tag-lithuanian","tag-lt","tag-pramogos","tag-vasha"],"share_on_mastodon":{"url":"https:\/\/pubeurope.com\/@lt\/116968190316450090","error":""},"_links":{"self":[{"href":"https:\/\/www.europesays.com\/lt\/wp-json\/wp\/v2\/posts\/235512","targetHints":{"allow":["GET"]}}],"collection":[{"href":"https:\/\/www.europesays.com\/lt\/wp-json\/wp\/v2\/posts"}],"about":[{"href":"https:\/\/www.europesays.com\/lt\/wp-json\/wp\/v2\/types\/post"}],"author":[{"embeddable":true,"href":"https:\/\/www.europesays.com\/lt\/wp-json\/wp\/v2\/users\/2"}],"replies":[{"embeddable":true,"href":"https:\/\/www.europesays.com\/lt\/wp-json\/wp\/v2\/comments?post=235512"}],"version-history":[{"count":0,"href":"https:\/\/www.europesays.com\/lt\/wp-json\/wp\/v2\/posts\/235512\/revisions"}],"wp:featuredmedia":[{"embeddable":true,"href":"https:\/\/www.europesays.com\/lt\/wp-json\/wp\/v2\/media\/235513"}],"wp:attachment":[{"href":"https:\/\/www.europesays.com\/lt\/wp-json\/wp\/v2\/media?parent=235512"}],"wp:term":[{"taxonomy":"category","embeddable":true,"href":"https:\/\/www.europesays.com\/lt\/wp-json\/wp\/v2\/categories?post=235512"},{"taxonomy":"post_tag","embeddable":true,"href":"https:\/\/www.europesays.com\/lt\/wp-json\/wp\/v2\/tags?post=235512"}],"curies":[{"name":"wp","href":"https:\/\/api.w.org\/{rel}","templated":true}]}}