{"id":235639,"date":"2026-07-23T09:21:09","date_gmt":"2026-07-23T09:21:09","guid":{"rendered":"https:\/\/www.europesays.com\/lt\/235639\/"},"modified":"2026-07-23T09:21:09","modified_gmt":"2026-07-23T09:21:09","slug":"vienas-didziausiu-metu-biuru-nuomos-sandoriu-vilniuje-paaiskejo-kas-isikurs-hero","status":"publish","type":"post","link":"https:\/\/www.europesays.com\/lt\/235639\/","title":{"rendered":"Vienas did\u017eiausi\u0173 met\u0173 biur\u0173 nuomos sandori\u0173 Vilniuje: paai\u0161k\u0117jo, kas \u012fsikurs \u201eHero\u201c"},"content":{"rendered":"<p class=\"wp-block-paragraph\">Verslo centre \u201eHero\u201c vienas po kito \u012fvyko trys patalp\u0173 nuomos sandoriai. Kaip buvo skelbta, baland\u012f sudaryta viena did\u017eiausi\u0173 nuomos sutar\u010di\u0173 Vilniuje\u00a0\u2013\u00a0i\u0161nuomota 5,4 t\u016bkst. kv. m ploto biuro patalp\u0173, kuriose \u012fsikurs viena i\u0161 pasaulyje pirmaujan\u010di\u0173 investicij\u0173 fond\u0173 administravimo bendrovi\u0173 \u201eCitco\u201c. Prie \u201eHero\u201c \u0161eimos prisijungia pasaulin\u0117 \u012fmoni\u0173 valdymo ir finansini\u0173 paslaug\u0173 grup\u0117 \u201eAmicorp\u201c, o savo padalin\u012f verslo centre ple\u010dia ten jau veikianti skaitmenin\u0117 sveikatingumo \u012fmon\u0117 \u201eWire Salad\u201c.<\/p>\n<p class=\"wp-block-paragraph\">\u201eKiekvienas sandoris mums yra itin svarbus, nes parodo, kad \u201eHero\u201c gali atliepti skirtingus \u012fmoni\u0173 poreikius. \u201eCitco\u201c tur\u0117jome galimyb\u0119 pasi\u016blyti didel\u0119, vienoje vietoje sutelkt\u0105 biuro erdv\u0119. \u201eAmicorp\u201c papildo \u010dia besikurian\u010di\u0173 tarptautini\u0173 bendrovi\u0173 rat\u0105. O \u201eWire Salad\u201c pl\u0117tra rodo, kad jau \u012fsik\u016brusios komandos \u010dia mato savo tolesn\u012f augim\u0105. Tai \u2013 geras signalas, kad verslo centras tampa ilgalaike \u012fmoni\u0173 veiklos ir augimo vieta\u201c, \u2013 sako nekilnojamojo turto (NT) bendrov\u0117s \u201eRealco\u201c NT vystymo vadov\u0117 Gintar\u0117 \u017demait\u0117.<\/p>\n<p>Darbuotojai gr\u012f\u017eta \u012f biurus<\/p>\n<p class=\"wp-block-paragraph\">Pasak G. \u017demait\u0117s, tokio masto sandoris \u2013 \u201eCitco\u201c i\u0161nuomotos 5,4 t\u016bkst. kv. m patalpos \u2013 atspindi tai, kas \u0161iandien svarbu didel\u0117ms organizacijoms renkantis biur\u0105.<\/p>\n<p class=\"wp-block-paragraph\">\u201eVertinamas ne tik jo plotas ar vieta, bet ir pastato funkcionalumas, darbo aplinkos kokyb\u0117, poilsio bei sporto erdv\u0117s ir kasdien\u0117s paslaugos darbuotojams. Tod\u0117l \u201eCitco\u201c \u012fsik\u016brim\u0105 laikome svarbiu projekto kokyb\u0117s \u012fvertinimu\u201c, \u2013 pa\u017eymi \u201eRealco\u201c NT vystymo vadov\u0117.<\/p>\n<p class=\"wp-block-paragraph\">Jos teigimu, dabar vyrauja tendencija gr\u012f\u017eti \u012f biurus, o per pandemij\u0105 susiformav\u0119s \u012fprotis dirbti i\u0161 nam\u0173 pama\u017eu nyksta.<\/p>\n<p class=\"wp-block-paragraph\">\u201eKuriant \u201eHero\u201c vizija buvo ai\u0161ki \u2013 pasi\u016blyti darbo viet\u0105, kurioje \u017emon\u0117s gal\u0117t\u0173 produktyviai dirbti ir gerai jaustis. Skirtingiems darbuotoj\u0173 poreikiams pritaikytas pastatas gali prisid\u0117ti ir prie didesnio darbo na\u0161umo, ir prie geresn\u0117s kasdien\u0117s patirties. Augantis verslo centro u\u017eimtumas rodo, kad \u0161i vizija atliepia \u012fmoni\u0173 bei j\u0173 darbuotoj\u0173 poreikius\u201c, \u2013 sako G. \u017demait\u0117.<\/p>\n<p>Dar du nuomos sandoriai<\/p>\n<p class=\"wp-block-paragraph\">Prie \u201eHero\u201c nuominink\u0173 prisijungusi tarptautin\u0117 \u012fmoni\u0173 grup\u0117 \u201eAmicorp\u201c i\u0161sinuomojo vir\u0161 227 kv. m biuro patalp\u0173. Ji veikia 33 metus, turi per 40 biur\u0173 daugiau kaip 30-yje \u0161ali\u0173, o jos Vilniaus padalinys Baltijos ir \u0160iaur\u0117s Europos rinkose veikia vir\u0161 19 met\u0173. Bendrov\u0117 teikia \u012fmoni\u0173 valdymo, apskaitos, mokes\u010di\u0173, finans\u0173 rink\u0173 ir fond\u0173 administravimo paslaugas.<\/p>\n<p class=\"wp-block-paragraph\">Verslo centre jau veikianti \u201eWire Salad\u201c pasira\u0161\u0117 sutart\u012f d\u0117l papildom\u0173 190 kv. m ploto. Skaitmeninius produktus sveikatingumo ir gro\u017eio sritims kurianti bendrov\u0117 \u0161iemet pateko \u012f spar\u010diausiai augan\u010di\u0173 Europos \u012fmoni\u0173 \u201eFT1000\u201c reiting\u0105. Dar rinkdamasi \u201eHero\u201c \u012fmon\u0117 pabr\u0117\u017e\u0117 ne tik verslo centro lokacij\u0105, bet ir jos veiklai artim\u0105 sveikatingumo krypt\u012f \u2013 komandai buvo svarbi \u012f darbuotoj\u0173 jud\u0117jim\u0105, sveikat\u0105 ir ger\u0105 savijaut\u0105 orientuota pastato koncepcija.<\/p>\n<p class=\"wp-block-paragraph\">\u201eTod\u0117l d\u017eiaugiam\u0117s, kad bendrov\u0117 nusprend\u0117 pl\u0117stis b\u016btent \u201eHero\u201c \u2013 tai laikome s\u0117kmingo bendradarbiavimo rezultatu. Projektuojant verslo centr\u0105 ir buvo siekiama, kad pastate gal\u0117t\u0173 \u012fsikurti skirtingo dyd\u017eio ir veikl\u0173 komandos. Pastarieji sandoriai rodo, kad \u201eHero\u201c savo darbo vietos vizij\u0105 mato \u012fvairios \u012fmon\u0117s, kurios esamas erdves gali lanks\u010diai pritaikyti savo darbo aplinkai kurti\u201c, \u2013 teigia \u201eRealco\u201c NT vystymo vadov\u0117.<\/p>\n","protected":false},"excerpt":{"rendered":"Verslo centre \u201eHero\u201c vienas po kito \u012fvyko trys patalp\u0173 nuomos sandoriai. Kaip buvo skelbta, baland\u012f sudaryta viena did\u017eiausi\u0173&hellip;\n","protected":false},"author":2,"featured_media":235640,"comment_status":"","ping_status":"","sticky":false,"template":"","format":"standard","meta":{"footnotes":"","_share_on_mastodon":"0"},"categories":[17],"tags":[81,28551,37,39,36,38,40,65,2050,46],"class_list":["post-235639","post","type-post","status-publish","format-standard","has-post-thumbnail","category-verslas","tag-business","tag-hero","tag-lietuva","tag-lietuviu","tag-lithuania","tag-lithuanian","tag-lt","tag-naujiena","tag-nt","tag-verslas"],"share_on_mastodon":{"url":"https:\/\/pubeurope.com\/@lt\/116968560216190027","error":""},"_links":{"self":[{"href":"https:\/\/www.europesays.com\/lt\/wp-json\/wp\/v2\/posts\/235639","targetHints":{"allow":["GET"]}}],"collection":[{"href":"https:\/\/www.europesays.com\/lt\/wp-json\/wp\/v2\/posts"}],"about":[{"href":"https:\/\/www.europesays.com\/lt\/wp-json\/wp\/v2\/types\/post"}],"author":[{"embeddable":true,"href":"https:\/\/www.europesays.com\/lt\/wp-json\/wp\/v2\/users\/2"}],"replies":[{"embeddable":true,"href":"https:\/\/www.europesays.com\/lt\/wp-json\/wp\/v2\/comments?post=235639"}],"version-history":[{"count":0,"href":"https:\/\/www.europesays.com\/lt\/wp-json\/wp\/v2\/posts\/235639\/revisions"}],"wp:featuredmedia":[{"embeddable":true,"href":"https:\/\/www.europesays.com\/lt\/wp-json\/wp\/v2\/media\/235640"}],"wp:attachment":[{"href":"https:\/\/www.europesays.com\/lt\/wp-json\/wp\/v2\/media?parent=235639"}],"wp:term":[{"taxonomy":"category","embeddable":true,"href":"https:\/\/www.europesays.com\/lt\/wp-json\/wp\/v2\/categories?post=235639"},{"taxonomy":"post_tag","embeddable":true,"href":"https:\/\/www.europesays.com\/lt\/wp-json\/wp\/v2\/tags?post=235639"}],"curies":[{"name":"wp","href":"https:\/\/api.w.org\/{rel}","templated":true}]}}