{"id":235670,"date":"2026-07-23T09:49:11","date_gmt":"2026-07-23T09:49:11","guid":{"rendered":"https:\/\/www.europesays.com\/lt\/235670\/"},"modified":"2026-07-23T09:49:11","modified_gmt":"2026-07-23T09:49:11","slug":"panevezyje-apdovanoti-simtukus-gave-abiturientai","status":"publish","type":"post","link":"https:\/\/www.europesays.com\/lt\/235670\/","title":{"rendered":"Panev\u0117\u017eyje apdovanoti \u0161imtukus gav\u0119 abiturientai"},"content":{"rendered":"<p>Valstybinius brandos egzaminus laik\u0117 798 Panev\u0117\u017eio abiturientai. 26 i\u0161 j\u0173 peln\u0117 32 \u0161imtukus, dar 6 gimnazistai mokykl\u0105 baig\u0117 su pagyrimu. Jaunuoliams pad\u0117kota u\u017e atkakl\u0173 darb\u0105 ir i\u0161skirtinius pasiekimus, o mokytojams \u2013 u\u017e profesionalum\u0105, perduotas \u017einias ir geb\u0117jim\u0105 pad\u0117ti kiekvienam mokiniui atskleisti savo galimybes.<\/p>\n<p>\u201eMieli abiturientai, \u0161iandien j\u016bs\u0173 rankose \u2013 ne tik brandos atestatai ir auk\u0161\u010diausi egzamin\u0173 \u012fvertinimai. Juose telpa daug met\u0173 darbo, smalsumo, atkaklumo ir dr\u0105sos siekti daugiau. Kiekvienas \u0161imtukas yra j\u016bs\u0173 asmeninis laim\u0117jimas ir viso Panev\u0117\u017eio pasidid\u017eiavimas. Miestui reikia i\u0161silavinusi\u0173, atsaking\u0173 ir k\u016brybing\u0173 jaun\u0173 \u017emoni\u0173, nebijan\u010di\u0173 kelti klausim\u0173, imtis iniciatyvos ir keisti aplink\u0105, kurioje gyvena. <\/p>\n<p>Linkiu jums dr\u0105siai rinktis savo keli\u0105, pa\u017einti pasaul\u012f ir auginti patirt\u012f. Ta\u010diau kad ir kur nuvest\u0173 studijos ar profesinis kelias, nepamir\u0161kite Panev\u0117\u017eio \u2013 miesto, kuriame prasid\u0117jo j\u016bs\u0173 istorija. Sugr\u012f\u017ekite \u010dia su savo \u017einiomis, id\u0117jomis ir ambicijomis, kurkite savo gyvenim\u0105 ir drauge \u2013 miest\u0105, kuriame norisi gyventi. <\/p>\n<p>Panev\u0117\u017eiui reikia J\u016bs\u0173. <\/p>\n<p>Nuo\u0161ird\u017eiai d\u0117koju mokytojams ir \u0161eimoms, lyd\u0117jusiems jaunuolius per vis\u0105 mokyklin\u012f keli\u0105. Did\u017eiuojam\u0117s jumis ir linkime, kad \u0161iandienos rezultatai tapt\u0173 tvirta prad\u017eia tam, k\u0105 dar atrasite, pasieksite ir sukursite\u201c, \u2013 sak\u0117 Panev\u0117\u017eio miesto mer\u0117 Loreta Masili\u016bnien\u0117.<\/p>\n<p>    <img decoding=\"async\" src=\"https:\/\/www.europesays.com\/lt\/wp-content\/uploads\/2026\/07\/ce5cb1f5-d122-45fb-b646-728ae09801b0.jpg\" loading=\"lazy\" alt=\"L. Masili\u016bnien\u0117\"\/>    <\/p>\n<p>Daugiausia \u0161imtuk\u0173 \u0161iemet pelnyta i\u0161 u\u017esienio (angl\u0173) kalbos \u2013 11, matematikos \u2013 8 ir informatikos \u2013 6 valstybini\u0173 brandos egzamin\u0173. Po 3 auk\u0161\u010diausius \u012fvertinimus gauta i\u0161 lietuvi\u0173 kalbos ir literat\u016bros bei geografijos, 1 \u2013 i\u0161 chemijos egzamino. I\u0161 26 \u0161imtukinink\u0173 22 peln\u0117 po vien\u0105 \u0161imtuk\u0105, 2 abiturient\u0117s \u2013 po du, dar 2 \u2013 po tris \u0161imtukus.<\/p>\n<p>Visiems \u0161imtukus pelniusiems abiturientams \u012fteiktos Panev\u0117\u017eio miesto mer\u0117s pad\u0117kos ir Savivaldyb\u0117s dovanos. Po tris \u0161imtukus pelniusioms abiturient\u0117ms skirtos 300 Eur, po du \u0161imtukus \u2013 200 Eur premijos. Po 200 Eur skirta ir brandos atestatus su pagyrimu gavusiems gimnazistams.<\/p>\n<p>    <img decoding=\"async\" src=\"https:\/\/www.europesays.com\/lt\/wp-content\/uploads\/2026\/07\/11c8d0e2-0c33-421d-969f-a6f8452e5453.jpg\" loading=\"lazy\" alt=\"Panev\u0117\u017eys pagerb\u0117 geriausius miesto abiturientus ir j\u0173 mokytojus.\"\/>    <\/p>\n<p>Trimis \u0161imtukais \u012fvertintos abiturient\u0117s:<\/p>\n<p>Panev\u0117\u017eio Kazimiero Paltaroko gimnazija<\/p>\n<p>M\u0117ja Letkauskait\u0117 \u2013 lietuvi\u0173 kalba ir literat\u016bra, matematika, chemija.Mokytojos \u2013 Genovait\u0117 Luko\u0161evi\u010dien\u0117, Lina Karazijien\u0117, Ina Kytrien\u0117.<\/p>\n<p>Panev\u0117\u017eio Juozo Bal\u010dikonio gimnazija<\/p>\n<p>Roberta \u017debryt\u0117 \u2013 lietuvi\u0173 kalba ir literat\u016bra, matematika, u\u017esienio (angl\u0173) kalba.Mokytojos \u2013 Gintvil\u0117 Juzul\u0117nien\u0117, Rita Miknevi\u010dien\u0117, Loreta Jusien\u0117.<\/p>\n<p>    <img decoding=\"async\" src=\"https:\/\/www.europesays.com\/lt\/wp-content\/uploads\/2026\/07\/b9e6ed9b-6070-446c-aa7e-bc5ef22d3639.jpg\" loading=\"lazy\" alt=\"Panev\u0117\u017eys pagerb\u0117 geriausius miesto abiturientus ir j\u0173 mokytojus.\"\/>    <\/p>\n<p>Dviem \u0161imtukais \u012fvertintos abiturient\u0117s:<\/p>\n<p>Panev\u0117\u017eio Juozo Bal\u010dikonio gimnazija<\/p>\n<p>Giedr\u0117 Kriau\u010di\u016bnait\u0117 \u2013 matematika ir informatika.Mokytojos \u2013 Gintvil\u0117 Juzul\u0117nien\u0117, Renata Burbait\u0117.<\/p>\n<p>Panev\u0117\u017eio Juozo Miltinio gimnazija<\/p>\n<p>Emilija Sta\u0161k\u016bnait\u0117 \u2013 geografija ir u\u017esienio (angl\u0173) kalba.Mokytojos \u2013 Asta Auksutien\u0117, Jurgita \u0160e\u0161elgien\u0117.<\/p>\n<p>    <img decoding=\"async\" src=\"https:\/\/www.europesays.com\/lt\/wp-content\/uploads\/2026\/07\/555e536a-f9b4-486e-b0fd-dabb109a03ef.jpg\" loading=\"lazy\" alt=\"Panev\u0117\u017eys pagerb\u0117 geriausius miesto abiturientus ir j\u0173 mokytojus.\"\/>    <\/p>\n<p>Po vien\u0105 \u0161imtuk\u0105 peln\u0119 abiturientai:<\/p>\n<p>Panev\u0117\u017eio Juozo Bal\u010dikonio gimnazija<\/p>\n<p>Matas Kireilis \u2013 matematika, mokytoja Asta Vy\u0161niauskien\u0117;<\/p>\n<p>Julius Paltanavi\u010dius \u2013 matematika, mokytoja Gitana \u017dilinskien\u0117;<\/p>\n<p>Vilius \u0160makotinas \u2013 matematika, mokytoja Gintvil\u0117 Juzul\u0117nien\u0117;<\/p>\n<p>Luna Zakarevi\u010di\u016bt\u0117 \u2013 matematika, mokytoja Gintvil\u0117 Juzul\u0117nien\u0117;<\/p>\n<p>Rugil\u0117 Gaili\u016bnait\u0117 \u2013 geografija, mokytoja Violeta Devindonien\u0117;<\/p>\n<p>Rusn\u0117 Jonelyt\u0117 \u2013 geografija, mokytoja Violeta Devindonien\u0117;<\/p>\n<p>Saimonas Bukelis \u2013 informatika, mokytoja Renata Burbait\u0117;<\/p>\n<p>Eduardas Karpec \u2013 informatika, mokytoja Renata Burbait\u0117;<\/p>\n<p>Gust\u0117 Dulevi\u010di\u016bt\u0117 \u2013 u\u017esienio (angl\u0173) kalba, mokytoja Nijol\u0117 Ko\u017eeniauskien\u0117;<\/p>\n<p>Kornelija Bukelyt\u0117 \u2013 u\u017esienio (angl\u0173) kalba, mokytoja Nijol\u0117 Ko\u017eeniauskien\u0117;<\/p>\n<p>Glorija M\u0117ja Mileikait\u0117 \u2013 u\u017esienio (angl\u0173) kalba, mokytoja Loreta Jusien\u0117;<\/p>\n<p>Emilija Beili\u016bnait\u0117 \u2013 u\u017esienio (angl\u0173) kalba, mokytoja Nida Glinskien\u0117;<\/p>\n<p>Vasar\u0117 Dijokait\u0117 \u2013 u\u017esienio (angl\u0173) kalba, mokytoja Nida Glinskien\u0117;<\/p>\n<p>Augustina Petrauskait\u0117 \u2013 u\u017esienio (angl\u0173) kalba, mokytoja Nida Glinskien\u0117.<\/p>\n<p>Panev\u0117\u017eio 5-oji gimnazija<\/p>\n<p>Ugn\u0117 \u017demonyt\u0117 \u2013 matematika, mokytoja Birut\u0117 Masiokien\u0117;<\/p>\n<p>Dovydas Gaurys \u2013 lietuvi\u0173 kalba ir literat\u016bra, mokytoja Laima Kuodien\u0117;<\/p>\n<p>Justinas Martusevi\u010dius \u2013 informatika, mokytoja Edita Janulionien\u0117;<\/p>\n<p>Nojus Prascienius \u2013 informatika, mokytoja Edita Janulionien\u0117;<\/p>\n<p>Up\u0117 Milinausk\u0117 \u2013 u\u017esienio (angl\u0173) kalba, mokytoja Dalia Bartkien\u0117.<\/p>\n<p>Panev\u0117\u017eio Juozo Miltinio gimnazija<\/p>\n<p>Titas Petronis \u2013 informatika, mokytoja Jolanta Vainauskien\u0117;<\/p>\n<p>Akvil\u0117 Kairyt\u0117 \u2013 u\u017esienio (angl\u0173) kalba, mokytoja Irina Dementjeva;<\/p>\n<p>Just\u0117 Ramelyt\u0117 \u2013 u\u017esienio (angl\u0173) kalba, mokytoja Laura \u0160kutien\u0117.<\/p>\n<p>    <img decoding=\"async\" src=\"https:\/\/www.europesays.com\/lt\/wp-content\/uploads\/2026\/07\/2f2ad1b4-b01d-44a3-bc52-23d10057fd95.jpg\" loading=\"lazy\" alt=\"Panev\u0117\u017eys pagerb\u0117 geriausius miesto abiturientus ir j\u0173 mokytojus.\"\/>    <\/p>\n<p>Brandos atestatus su pagyrimu gavo:<\/p>\n<p>Roberta \u017debryt\u0117 \u2013 Panev\u0117\u017eio Juozo Bal\u010dikonio gimnazija;<\/p>\n<p>Rokas Kecoris \u2013 Panev\u0117\u017eio Juozo Bal\u010dikonio gimnazija;<\/p>\n<p>Urt\u0117 \u0160ukyt\u0117 \u2013 Panev\u0117\u017eio Juozo Bal\u010dikonio gimnazija;<\/p>\n<p>Dovydas Gaurys \u2013 Panev\u0117\u017eio 5-oji gimnazija;<\/p>\n<p>Danielius Gaurys \u2013 Panev\u0117\u017eio 5-oji gimnazija;<\/p>\n<p>M\u0117ja Letkauskait\u0117 \u2013 Panev\u0117\u017eio Kazimiero Paltaroko gimnazija.<\/p>\n<p>Abiturient\u0173 pagerbimas jau tapo gra\u017eia Panev\u0117\u017eio tradicija. Kasmet miestas pad\u0117koja jaunuoliams, j\u0173 mokytojams ir \u0161eimoms u\u017e pasiektus rezultatus, kurie tampa ne tik asmeniniu kiekvieno mokinio \u012fvertinimu, bet ir visos miesto bendruomen\u0117s pasidid\u017eiavimu.<\/p>\n","protected":false},"excerpt":{"rendered":"Valstybinius brandos egzaminus laik\u0117 798 Panev\u0117\u017eio abiturientai. 26 i\u0161 j\u0173 peln\u0117 32 \u0161imtukus, dar 6 gimnazistai mokykl\u0105 baig\u0117&hellip;\n","protected":false},"author":2,"featured_media":235671,"comment_status":"","ping_status":"","sticky":false,"template":"","format":"standard","meta":{"footnotes":"","_share_on_mastodon":"0"},"categories":[13],"tags":[26154,25,30,31,34,35,24,32,33,37,39,36,38,40,23,22,7444,600,28,29,26,27,5979],"class_list":["post-235670","post","type-post","status-publish","format-standard","has-post-thumbnail","category-lietuva","tag-abiturientai","tag-antrastes","tag-breaking-news","tag-breakingnews","tag-featured-news","tag-featurednews","tag-headlines","tag-latest-news","tag-latestnews","tag-lietuva","tag-lietuviu","tag-lithuania","tag-lithuanian","tag-lt","tag-naujienos","tag-news","tag-panevezio-miesto-savivaldybe","tag-panevezys","tag-populiariausios-naujienos","tag-populiariausiosnaujienos","tag-top-stories","tag-topstories","tag-valstybiniai-brandos-egzaminai"],"share_on_mastodon":{"url":"https:\/\/pubeurope.com\/@lt\/116968670550056054","error":""},"_links":{"self":[{"href":"https:\/\/www.europesays.com\/lt\/wp-json\/wp\/v2\/posts\/235670","targetHints":{"allow":["GET"]}}],"collection":[{"href":"https:\/\/www.europesays.com\/lt\/wp-json\/wp\/v2\/posts"}],"about":[{"href":"https:\/\/www.europesays.com\/lt\/wp-json\/wp\/v2\/types\/post"}],"author":[{"embeddable":true,"href":"https:\/\/www.europesays.com\/lt\/wp-json\/wp\/v2\/users\/2"}],"replies":[{"embeddable":true,"href":"https:\/\/www.europesays.com\/lt\/wp-json\/wp\/v2\/comments?post=235670"}],"version-history":[{"count":0,"href":"https:\/\/www.europesays.com\/lt\/wp-json\/wp\/v2\/posts\/235670\/revisions"}],"wp:featuredmedia":[{"embeddable":true,"href":"https:\/\/www.europesays.com\/lt\/wp-json\/wp\/v2\/media\/235671"}],"wp:attachment":[{"href":"https:\/\/www.europesays.com\/lt\/wp-json\/wp\/v2\/media?parent=235670"}],"wp:term":[{"taxonomy":"category","embeddable":true,"href":"https:\/\/www.europesays.com\/lt\/wp-json\/wp\/v2\/categories?post=235670"},{"taxonomy":"post_tag","embeddable":true,"href":"https:\/\/www.europesays.com\/lt\/wp-json\/wp\/v2\/tags?post=235670"}],"curies":[{"name":"wp","href":"https:\/\/api.w.org\/{rel}","templated":true}]}}