{"id":23572,"date":"2025-10-23T08:47:21","date_gmt":"2025-10-23T08:47:21","guid":{"rendered":"https:\/\/www.europesays.com\/lt\/23572\/"},"modified":"2025-10-23T08:47:21","modified_gmt":"2025-10-23T08:47:21","slug":"norvegijos-turto-fondas-klimato-rizikai-valdyti-naudos-di","status":"publish","type":"post","link":"https:\/\/www.europesays.com\/lt\/23572\/","title":{"rendered":"Norvegijos turto fondas klimato rizikai valdyti naudos DI"},"content":{"rendered":"\n<p>Did\u017eiausi\u0105 pasaulyje valstybin\u012f fond\u0105 i\u0161laikyti padeda did\u017eiuliai Norvegijos naftos ir gamtini\u0173 duj\u0173 i\u0161tekliai, ta\u010diau jis reikalauja, kad bendrov\u0117s, \u012f kurias investuoja, imt\u0173si veiksm\u0173 u\u017ekirsti keli\u0105 su aplinka susijusiai rizikai, \u012fskaitant visuotin\u012f at\u0161ilim\u0105.<\/p>\n<p>Naujajame 2030 m. klimato kaitos veiksm\u0173 plane fondo aktyvios nuosavyb\u0117s skyriaus vadovas Wilhelmas Mohnas teig\u0117, kad dirbtinis intelektas ir jo suteikiamos analiz\u0117s priemon\u0117s pad\u0117s \u201esupaprastinti procesus ir pagerinti sprendim\u0173 pri\u0117mim\u0105\u201c.<\/p>\n<p>\u201eDuomen\u0173 kokyb\u0117 ir prieinamumas visada trukd\u0117 u\u017etikrinti tvar\u0173 finansavim\u0105, o dirbtinis intelektas i\u0161 ties\u0173 gali pad\u0117ti \u0161i\u0105 kli\u016bt\u012f \u012fveikti\u201c, \u2013 kalb\u0117damas su \u017eurnalistais sak\u0117 jis.<\/p>\n<p>Norvegijos centrinio banko \u201eNorges Bank\u201c valdomas ma\u017edaug 2 trilijon\u0173 JAV doleri\u0173 vert\u0117s fondas ragina daugiau nei 8,6 t\u016bkst. viso pasaulio bendrovi\u0173, \u012f kurias investuoja, \u012fsipareigoti iki 2050 m. u\u017etikrinti nulines anglies dioksido emisijas.<\/p>\n<p>Fondas ketina parduoti savo turimus akcij\u0173 paketus, jei manys, kad \u012fmon\u0117s i\u0161meta per daug ter\u0161al\u0173 arba j\u0173 veikla yra pernelyg rizikinga aplinkos at\u017evilgiu.<\/p>\n<p>\u201eKlimato kaita toliau kelia finansin\u0119 rizik\u0105, ir \u0161i rizika tik did\u0117ja\u201c, \u2013 sak\u0117 fondo vyriausioji valdymo ir atitikties pareig\u016bn\u0117 Carine Smith Ihenacho.<\/p>\n<p>Kai kurios aktyvist\u0173 grup\u0117s palankiai \u012fvertino naujus fondo tikslus klimato kaitos srityje, ta\u010diau kartu paragino fond\u0105 labiau pasistengti.<\/p>\n<p>\u201eDid\u017eioji plano dalis skirta analitikai, informacijos atskleidimui ir \u012fsitraukimui \u2013 visoms svarbioms priemon\u0117ms tobulinti\u201c, \u2013 paai\u0161kino Australazijos \u012fmoni\u0173 atsakomyb\u0117s centro vykdomoji direktor\u0117 Brynn O&#8217;Brien.<\/p>\n<p>\u201eDabar tereikia nuo rizikos apib\u016bdinimo pereiti prie aktyvios pagalbos j\u0105 ma\u017einant\u201c, \u2013 sak\u0117 ji.<\/p>\n<p>Patiko straipsnis? <a href=\"https:\/\/www.tv3.lt\/prenumeruoti\" rel=\"nofollow noopener\" target=\"_blank\">U\u017esiprenumeruokite m\u016bs\u0173 naujienlai\u0161k\u012f ir gaukite svarbiausias dienos naujienas bei \u012fdomiausius straipsnius kiekvien\u0105 darbo dien\u0105 11 val. Tiesiai \u012f J\u016bs\u0173 el. pa\u0161t\u0105!<\/a><\/p>\n","protected":false},"excerpt":{"rendered":"Did\u017eiausi\u0105 pasaulyje valstybin\u012f fond\u0105 i\u0161laikyti padeda did\u017eiuliai Norvegijos naftos ir gamtini\u0173 duj\u0173 i\u0161tekliai, ta\u010diau jis reikalauja, kad bendrov\u0117s,&hellip;\n","protected":false},"author":2,"featured_media":23573,"comment_status":"","ping_status":"","sticky":false,"template":"","format":"standard","meta":{"footnotes":""},"categories":[15],"tags":[7326,25,30,31,57,43,34,35,55,48,24,54,51,49,50,32,33,37,39,36,38,40,45,23,22,44,28,29,53,42,56,47,26,27,41,46,58,74,75,76,52],"class_list":{"0":"post-23572","1":"post","2":"type-post","3":"status-publish","4":"format-standard","5":"has-post-thumbnail","7":"category-pasaulis","8":"tag-2025-10-22-165100","9":"tag-antrastes","10":"tag-breaking-news","11":"tag-breakingnews","12":"tag-daiktai","13":"tag-dienos-kronika","14":"tag-featured-news","15":"tag-featurednews","16":"tag-gatves-tekstai","17":"tag-gyvenimas","18":"tag-headlines","19":"tag-interneto-pievos","20":"tag-keliones","21":"tag-kultura","22":"tag-laisvalaikis","23":"tag-latest-news","24":"tag-latestnews","25":"tag-lietuva","26":"tag-lietuviu","27":"tag-lithuania","28":"tag-lithuanian","29":"tag-lt","30":"tag-mokslas-ir-it","31":"tag-naujienos","32":"tag-news","33":"tag-pasaulis","34":"tag-populiariausios-naujienos","35":"tag-populiariausiosnaujienos","36":"tag-projektai","37":"tag-rinktiniai-tekstai","38":"tag-simtmecio-portalas","39":"tag-sportas","40":"tag-top-stories","41":"tag-topstories","42":"tag-tv3-lt","43":"tag-verslas","44":"tag-video","45":"tag-world","46":"tag-world-news","47":"tag-worldnews","48":"tag-zaidimai"},"share_on_mastodon":{"url":"","error":"Validation failed: Text character limit of 500 exceeded"},"_links":{"self":[{"href":"https:\/\/www.europesays.com\/lt\/wp-json\/wp\/v2\/posts\/23572","targetHints":{"allow":["GET"]}}],"collection":[{"href":"https:\/\/www.europesays.com\/lt\/wp-json\/wp\/v2\/posts"}],"about":[{"href":"https:\/\/www.europesays.com\/lt\/wp-json\/wp\/v2\/types\/post"}],"author":[{"embeddable":true,"href":"https:\/\/www.europesays.com\/lt\/wp-json\/wp\/v2\/users\/2"}],"replies":[{"embeddable":true,"href":"https:\/\/www.europesays.com\/lt\/wp-json\/wp\/v2\/comments?post=23572"}],"version-history":[{"count":0,"href":"https:\/\/www.europesays.com\/lt\/wp-json\/wp\/v2\/posts\/23572\/revisions"}],"wp:featuredmedia":[{"embeddable":true,"href":"https:\/\/www.europesays.com\/lt\/wp-json\/wp\/v2\/media\/23573"}],"wp:attachment":[{"href":"https:\/\/www.europesays.com\/lt\/wp-json\/wp\/v2\/media?parent=23572"}],"wp:term":[{"taxonomy":"category","embeddable":true,"href":"https:\/\/www.europesays.com\/lt\/wp-json\/wp\/v2\/categories?post=23572"},{"taxonomy":"post_tag","embeddable":true,"href":"https:\/\/www.europesays.com\/lt\/wp-json\/wp\/v2\/tags?post=23572"}],"curies":[{"name":"wp","href":"https:\/\/api.w.org\/{rel}","templated":true}]}}