{"id":235728,"date":"2026-07-23T10:53:56","date_gmt":"2026-07-23T10:53:56","guid":{"rendered":"https:\/\/www.europesays.com\/lt\/235728\/"},"modified":"2026-07-23T10:53:56","modified_gmt":"2026-07-23T10:53:56","slug":"manila-rusija-perspejo-jav-del-ginklu-tiekimo-ukrainai-respublika-lt","status":"publish","type":"post","link":"https:\/\/www.europesays.com\/lt\/235728\/","title":{"rendered":"Manila: Rusija persp\u0117jo JAV d\u0117l ginkl\u0173 tiekimo Ukrainai &#8211; Respublika.lt"},"content":{"rendered":"<p>    \u00d7<\/p>\n<p>    (1\/1) Rusijos u\u017esienio reikal\u0173 ministras Sergejus Lavrovas. EPA-Eltos nuotr. <a href=\"https:\/\/www.respublika.lt\/uploads\/img\/catalog\/1\/photo_1_57867959.jpg\" class=\"swiper-photo-download\" download=\"\" rel=\"nofollow noopener\" target=\"_blank\">Atsisi\u0173sti<\/a><\/p>\n<p><img loading=\"lazy\" decoding=\"async\" src=\"https:\/\/www.respublika.lt\/lt\/naujienos\/pasaulis\/pasaulio_politika\/rusija-perspejo-jav-del-ginklu-tiekimo-ukrainai\/images\/ico_camera_white.gif\" class=\"camera\" width=\"22\" height=\"15\" alt=\"nuotr.\" style=\"position:relative; top:-2px; right:2px;\"\/> 1 nuotr.<\/p>\n<p>Rusijos u\u017esienio reikal\u0173 ministras Sergejus Lavrovas. EPA-Eltos nuotr.<\/p>\n<p style=\"text-align: left;\">Ketvirtadien\u012f Rusija persp\u0117jo Jungtines Amerikos Valstijas d\u0117l nepriimtino ginkl\u0173 tiekimo Ukrainai, prane\u0161\u0117 Rusijos u\u017esienio reikal\u0173 ministerija.<\/p>\n<p style=\"text-align: justify;\" class=\"desktop_banner\">\u00a0<\/p>\n<p style=\"text-align: left;\">U\u017esienio reikal\u0173 ministras Sergejus Lavrovas per susitikim\u0105 Maniloje su JAV valstyb\u0117s sekretoriumi Marco Rubio pabr\u0117\u017e\u0117, kad &#8222;nepriimtina toliau tiekti ginklus Kijevo re\u017eimui\u201c, sakoma ministerijos prane\u0161ime.<\/p>\n<p style=\"text-align: left;\">S. Lavrovas pasmerk\u0117 \u201edestabilizuojan\u010di\u0105 Europos \u0161ali\u0173, vis dar siekian\u010di\u0173 strateginio Rusijos pralaim\u0117jimo\u201c, politik\u0105.<\/p>\n<p style=\"text-align: left;\">Jis pakartojo, kad Rusija yra pasirengusi \u201epolitiniam ir diplomatiniam konflikto sureguliavimui\u201c, prane\u0161\u0117 U\u017esienio reikal\u0173 ministerija.\u00a0<\/p>\n<p style=\"text-align: left;\">Tai buvo pirmasis S. Lavrovo ir M. Rubio susitikimas nuo 2025 m. rugs\u0117jo.<\/p>\n<p style=\"text-align: left;\">Jis \u00a0\u012fvyko tokiu metu, kai Rusijai ir Ukrainai tarpininkaujantis Va\u0161ingtonas nukreip\u0117 d\u0117mes\u012f nuo Ukrainos \u012f kar\u0105 Artimuosiuose Rytuose.<\/p>\n<p style=\"text-align: left;\">M. Rubio ir S. Lavrovas atvyko \u012f Filipinus dalyvauti Pietry\u010di\u0173 Azijos valstybi\u0173 asociacijos (ASEAN) susitikimuose.<\/p>\n<p style=\"text-align: left;\">M. Rubio antradien\u012f trumpai \u0161nektel\u0117jo su S. Lavrovu per i\u0161kilming\u0105 vakarien\u0119, ketvirtadienio ryt\u0105 abu dalyvavo ASEAN regioninio forumo susitikime.\u00a0<\/p>\n<p>Patiko straipsnis? Leisk mums apie tai su\u017einoti. Nepamir\u0161k pasidalinti Facebook! <\/p>\n<p><img loading=\"lazy\" decoding=\"async\" class=\"p2_social_circle_icon\" src=\"https:\/\/www.respublika.lt\/images\/thumbs_up.svg\" width=\"21\" height=\"22\" alt=\"L\"\/><\/p>\n<p><img loading=\"lazy\" decoding=\"async\" class=\"p2_social_circle_icon\" src=\"https:\/\/www.respublika.lt\/images\/facebook.svg\" alt=\"F\" width=\"22\" height=\"22\" style=\"filter: invert(37%) sepia(55%) saturate(2351%) hue-rotate(187deg) brightness(102%) contrast(106%);\"\/><\/p>\n<p>&#13;<br \/>\n\tNesutinkate &#8211; diskutuokime!<br \/>&#13;<br \/>\n\tNepykite komentatoriai, bet komentarai su keiksma\u017eod\u017eiais bus \u0161alinami automati\u0161kai, be atsipra\u0161ymo.\n    <\/p>\n<p>&#13;<br \/>\n              Respublika.lt pasilieka teis\u0119 pa\u0161alinti nekult\u016bringus, keiksma\u017eod\u017eiais pagardintus, su tema nesusijusius, kito asmens vardu pasira\u0161ytus, \u012fstatymus pa\u017eeid\u017eian\u010dius, \u0161lam\u0161t\u0105 reklamuojan\u010dius ar nusikalsti kurstan\u010dius komentarus. Jei kurstysite smurt\u0105, rasin\u0119, tautin\u0119, religin\u0119 ar kitokio pob\u016bd\u017eio neapykant\u0105, \u017evirbliu i\u0161skrid\u0119 j\u016bs\u0173 \u017eod\u017eiai gr\u012f\u017edami gali virsti ton\u0105 sverian\u010diu jau\u010diu &#8211; specialiosioms Lietuvos tarnyboms pareikalavus suteiksime j\u016bs\u0173 duomenis.\n            <\/p>\n","protected":false},"excerpt":{"rendered":"\u00d7 (1\/1) Rusijos u\u017esienio reikal\u0173 ministras Sergejus Lavrovas. EPA-Eltos nuotr. Atsisi\u0173sti 1 nuotr. Rusijos u\u017esienio reikal\u0173 ministras Sergejus&hellip;\n","protected":false},"author":2,"featured_media":235729,"comment_status":"","ping_status":"","sticky":false,"template":"","format":"standard","meta":{"footnotes":"","_share_on_mastodon":"0"},"categories":[6],"tags":[25,30,31,34,35,225,24,223,32,33,2024,37,39,36,38,40,23,22,28,29,10156,119,26,27,360],"class_list":["post-235728","post","type-post","status-publish","format-standard","has-post-thumbnail","category-antrastes","tag-antrastes","tag-breaking-news","tag-breakingnews","tag-featured-news","tag-featurednews","tag-ginklai","tag-headlines","tag-jav","tag-latest-news","tag-latestnews","tag-lavrovas","tag-lietuva","tag-lietuviu","tag-lithuania","tag-lithuanian","tag-lt","tag-naujienos","tag-news","tag-populiariausios-naujienos","tag-populiariausiosnaujienos","tag-rubio","tag-rusija","tag-top-stories","tag-topstories","tag-ukraina"],"share_on_mastodon":{"url":"https:\/\/pubeurope.com\/@lt\/116968926031009126","error":""},"_links":{"self":[{"href":"https:\/\/www.europesays.com\/lt\/wp-json\/wp\/v2\/posts\/235728","targetHints":{"allow":["GET"]}}],"collection":[{"href":"https:\/\/www.europesays.com\/lt\/wp-json\/wp\/v2\/posts"}],"about":[{"href":"https:\/\/www.europesays.com\/lt\/wp-json\/wp\/v2\/types\/post"}],"author":[{"embeddable":true,"href":"https:\/\/www.europesays.com\/lt\/wp-json\/wp\/v2\/users\/2"}],"replies":[{"embeddable":true,"href":"https:\/\/www.europesays.com\/lt\/wp-json\/wp\/v2\/comments?post=235728"}],"version-history":[{"count":0,"href":"https:\/\/www.europesays.com\/lt\/wp-json\/wp\/v2\/posts\/235728\/revisions"}],"wp:featuredmedia":[{"embeddable":true,"href":"https:\/\/www.europesays.com\/lt\/wp-json\/wp\/v2\/media\/235729"}],"wp:attachment":[{"href":"https:\/\/www.europesays.com\/lt\/wp-json\/wp\/v2\/media?parent=235728"}],"wp:term":[{"taxonomy":"category","embeddable":true,"href":"https:\/\/www.europesays.com\/lt\/wp-json\/wp\/v2\/categories?post=235728"},{"taxonomy":"post_tag","embeddable":true,"href":"https:\/\/www.europesays.com\/lt\/wp-json\/wp\/v2\/tags?post=235728"}],"curies":[{"name":"wp","href":"https:\/\/api.w.org\/{rel}","templated":true}]}}