{"id":235788,"date":"2026-07-23T11:51:12","date_gmt":"2026-07-23T11:51:12","guid":{"rendered":"https:\/\/www.europesays.com\/lt\/235788\/"},"modified":"2026-07-23T11:51:12","modified_gmt":"2026-07-23T11:51:12","slug":"es-skyre-google-890-mln-euru-bauda","status":"publish","type":"post","link":"https:\/\/www.europesays.com\/lt\/235788\/","title":{"rendered":"ES skyr\u0117 \u201eGoogle\u201c 890 mln. eur\u0173 baud\u0105"},"content":{"rendered":"<p>Europos Komisija nustat\u0117, kad \u201eGoogle\u201c savo paie\u0161kos sistemai ir program\u0117li\u0173 parduotuvei \u201eGoogle play\u201c teik\u0117 pirmenyb\u0119 ir taip nes\u0105\u017einingai i\u0161kraip\u0117 konkurencij\u0105.<\/p>\n<p>\u201eNustat\u0117me, kad \u201eGoogle\u201c kenkia pana\u0161ias paslaugas \u2013 pavyzd\u017eiui, apsipirkimo ar sporto \u2013 si\u016blan\u010dioms \u012fmon\u0117ms, nes nesuteikia joms tokio pat matomumo lygio \u201eGoogle\u201c paie\u0161koje\u201c, \u2013 teig\u0117 Europos Komisijos vykdomoji pirminink\u0117s pavaduotoja Henna Virkkunen.<\/p>\n<p>\u201eTaip pat nustat\u0117me, kad \u201eGoogle\u201c ribojo program\u0117li\u0173 k\u016br\u0117j\u0173 galimybes \u201eGoogle Play\u201c parduotuv\u0117je klientams pasi\u016blyti pigesnius pasi\u016blymus\u201c, \u2013 prid\u016br\u0117 H. Virkkunen.<\/p>\n<p>Kiek anks\u010diau buvo prane\u0161ta, kad Europos S\u0105jungos auk\u0161\u010diausiasis teismas pri\u0117m\u0117 sprendim\u0105 d\u0117l daugiau nei 4 mlrd. eur\u0173 dyd\u017eio baudos \u201eGoogle\u201c u\u017e piktnaud\u017eiavim\u0105 dominuojan\u010dia savo operacin\u0117s sistemos \u201eAndroid\u201c pad\u0117timi. Pla\u010diau<a rel=\"noopener follow nofollow\" target=\"_blank\" href=\"https:\/\/www.delfi.lt\/verslas\/naujienos\/google-skirta-rekordine-4-1-mlrd-euru-bauda-120271795\" data-rel-date-range=\"[]\"> \u010dia.<\/a> <\/p>\n","protected":false},"excerpt":{"rendered":"Europos Komisija nustat\u0117, kad \u201eGoogle\u201c savo paie\u0161kos sistemai ir program\u0117li\u0173 parduotuvei \u201eGoogle play\u201c teik\u0117 pirmenyb\u0119 ir taip nes\u0105\u017einingai&hellip;\n","protected":false},"author":2,"featured_media":235789,"comment_status":"","ping_status":"","sticky":false,"template":"","format":"standard","meta":{"footnotes":"","_share_on_mastodon":"0"},"categories":[17],"tags":[4406,81,78,1068,37,39,36,38,40,46],"class_list":["post-235788","post","type-post","status-publish","format-standard","has-post-thumbnail","category-verslas","tag-google","tag-business","tag-europos-komisija","tag-europos-sajunga","tag-lietuva","tag-lietuviu","tag-lithuania","tag-lithuanian","tag-lt","tag-verslas"],"share_on_mastodon":{"url":"https:\/\/pubeurope.com\/@lt\/116969149788159449","error":""},"_links":{"self":[{"href":"https:\/\/www.europesays.com\/lt\/wp-json\/wp\/v2\/posts\/235788","targetHints":{"allow":["GET"]}}],"collection":[{"href":"https:\/\/www.europesays.com\/lt\/wp-json\/wp\/v2\/posts"}],"about":[{"href":"https:\/\/www.europesays.com\/lt\/wp-json\/wp\/v2\/types\/post"}],"author":[{"embeddable":true,"href":"https:\/\/www.europesays.com\/lt\/wp-json\/wp\/v2\/users\/2"}],"replies":[{"embeddable":true,"href":"https:\/\/www.europesays.com\/lt\/wp-json\/wp\/v2\/comments?post=235788"}],"version-history":[{"count":0,"href":"https:\/\/www.europesays.com\/lt\/wp-json\/wp\/v2\/posts\/235788\/revisions"}],"wp:featuredmedia":[{"embeddable":true,"href":"https:\/\/www.europesays.com\/lt\/wp-json\/wp\/v2\/media\/235789"}],"wp:attachment":[{"href":"https:\/\/www.europesays.com\/lt\/wp-json\/wp\/v2\/media?parent=235788"}],"wp:term":[{"taxonomy":"category","embeddable":true,"href":"https:\/\/www.europesays.com\/lt\/wp-json\/wp\/v2\/categories?post=235788"},{"taxonomy":"post_tag","embeddable":true,"href":"https:\/\/www.europesays.com\/lt\/wp-json\/wp\/v2\/tags?post=235788"}],"curies":[{"name":"wp","href":"https:\/\/api.w.org\/{rel}","templated":true}]}}