{"id":23603,"date":"2025-10-23T09:31:14","date_gmt":"2025-10-23T09:31:14","guid":{"rendered":"https:\/\/www.europesays.com\/lt\/23603\/"},"modified":"2025-10-23T09:31:14","modified_gmt":"2025-10-23T09:31:14","slug":"savivaldybe-perka-sklypa-vilniuje-erdve-issaugos-nuo-uzstatymo","status":"publish","type":"post","link":"https:\/\/www.europesays.com\/lt\/23603\/","title":{"rendered":"Savivaldyb\u0117 perka sklyp\u0105 Vilniuje: erdv\u0119 i\u0161saugos nuo u\u017estatymo"},"content":{"rendered":"<p><a style=\"font-weight:bold;\" href=\"https:\/\/madeinvilnius.lt\/tema\/vilniaus-miesto-savivaldybe\/\" target=\"_blank\" rel=\"nofollow noopener\">Vilniaus miesto savivaldyb\u0117s<\/a> taryba pri\u0117m\u0117 sprendim\u0105 \u012fsigyti 0,33 ha ploto \u017eem\u0117s sklyp\u0105 Baltupio g. 51A. \u0160iuo sprendimu siekiama i\u0161saugoti vietos bendruomen\u0117s naudojam\u0105 \u017eali\u0105j\u0105 erdv\u0119 nuo naujo u\u017estatymo tankiai apgyvendintoje miesto dalyje.<\/p>\n<p>Savivaldyb\u0117 \u0117m\u0117si ry\u017eting\u0173 veiksm\u0173, siekdama sustabdyti neplanuot\u0105 daugiabu\u010di\u0173 pl\u0117tr\u0105 nurodytu adresu. Pasak Vilniaus miesto mero Valdo Benkunsko, \u0161is sprendimas suteiks ilgalaik\u0119 naud\u0105 bendruomenei \u2013 bus i\u0161saugoti brand\u016bs med\u017eiai, sukurta kokybi\u0161ka vie\u0161oji erdv\u0117 poilsiui bei rekreacijai.<\/p>\n<p>\u201eMiesto pl\u0117tra negali vykti \u017eali\u0173j\u0173 erdvi\u0173 s\u0105skaita. Atlikome i\u0161sami\u0105 analiz\u0119 ir nustat\u0117me vietas, kuriose kyla rizika prarasti bendruomeni\u0173 naudojamas \u017eali\u0105sias erdves. Baltupi\u0173 sklypas yra viena i\u0161 j\u0173, tod\u0117l nusprend\u0117me veikti proaktyviai \u2013 inicijavome jo i\u0161pirkim\u0105. Tai leis apsaugoti vilnie\u010di\u0173 poilsio ir rekreacines zonas nuo u\u017estatymo daugiabu\u010diais. Tokie sprendimai padeda i\u0161saugoti balans\u0105 tarp pl\u0117tros ir gyvenimo kokyb\u0117s,\u201c \u2013 sako Vilniaus meras <a style=\"font-weight:bold;\" href=\"https:\/\/madeinvilnius.lt\/tema\/valdas-benkunskas\/\" target=\"_blank\" rel=\"nofollow noopener\">Valdas Benkunskas<\/a>.<\/p>\n<p>\u017deldynas \u2013 svarbi Baltupi\u0173 ekosistemos dalis<\/p>\n<p>Sklype \u0161iuo metu auga 118 \u012fvairi\u0173 \u017eeldini\u0173, kurie atlieka ekologines, apsaugines, rekreacines ir socialines funkcijas. Teritorija formuoja svarbi\u0105 \u017ealiosios strukt\u016bros jungt\u012f tarp tankiai u\u017estatyt\u0173 kvartal\u0173, ma\u017eina triuk\u0161m\u0105 bei oro tar\u0161\u0105, gerina oro kokyb\u0119 ir kuria vizualin\u0119 bei emocin\u0119 atokv\u0117pio zon\u0105 gyventojams.<\/p>\n<p>Pagal Vilniaus miesto bendr\u0105j\u012f plan\u0105 \u0161i teritorija patenka \u012f \u017eeldyn\u0173 nepasiekiamumo zon\u0105, tod\u0117l jos i\u0161saugojimas yra itin svarbus siekiant u\u017etikrinti minimali\u0105 \u017ealiosios infrastrukt\u016bros prieig\u0105 \u0161ioje miesto dalyje.<\/p>\n<p>\u017daliasis sklypas taps vie\u0161\u0105ja erdve<\/p>\n<p>Savivaldyb\u0117s atliktoje analiz\u0117je buvo \u012fvertintos kelios galimos sklypo panaudojimo kryptys. \u012evertinus alternatyvas, pasirinktas sklypo i\u0161pirkimo kelias, kuris labiausiai atitinka miesto planavimo, ekologinius ir bendruomen\u0117s interesus.<\/p>\n<p>Numatoma, kad \u012fsigytas sklypas bus suformuotas kaip atskir\u0173j\u0173 \u017eeldyn\u0173 sklypas ir pritaikytas vie\u0161ajam naudojimui \u2013 jame bus galima \u012frengti poilsio, \u017eaidim\u0173 ir sporto aik\u0161teles, p\u0117s\u010di\u0173j\u0173 takus, i\u0161saugant esamus med\u017eius ir \u017eeldinius. Tai u\u017etikrins kokybi\u0161k\u0105 gyvenam\u0105j\u0105 aplink\u0105 Baltupi\u0173 gyventojams.<\/p>\n<p>Sklypas \u0161iuo metu nuosavyb\u0117s teise priklauso UAB \u201eRatoka\u201c.<\/p>\n","protected":false},"excerpt":{"rendered":"Vilniaus miesto savivaldyb\u0117s taryba pri\u0117m\u0117 sprendim\u0105 \u012fsigyti 0,33 ha ploto \u017eem\u0117s sklyp\u0105 Baltupio g. 51A. \u0160iuo sprendimu siekiama&hellip;\n","protected":false},"author":2,"featured_media":23604,"comment_status":"","ping_status":"","sticky":false,"template":"","format":"standard","meta":{"footnotes":""},"categories":[6],"tags":[25,7329,30,31,34,35,24,32,33,37,39,36,38,40,65,23,22,28,29,26,27],"class_list":{"0":"post-23603","1":"post","2":"type-post","3":"status-publish","4":"format-standard","5":"has-post-thumbnail","7":"category-antrastes","8":"tag-antrastes","9":"tag-baltupiai","10":"tag-breaking-news","11":"tag-breakingnews","12":"tag-featured-news","13":"tag-featurednews","14":"tag-headlines","15":"tag-latest-news","16":"tag-latestnews","17":"tag-lietuva","18":"tag-lietuviu","19":"tag-lithuania","20":"tag-lithuanian","21":"tag-lt","22":"tag-naujiena","23":"tag-naujienos","24":"tag-news","25":"tag-populiariausios-naujienos","26":"tag-populiariausiosnaujienos","27":"tag-top-stories","28":"tag-topstories"},"share_on_mastodon":{"url":"https:\/\/pubeurope.com\/@lt\/115422788573373486","error":""},"_links":{"self":[{"href":"https:\/\/www.europesays.com\/lt\/wp-json\/wp\/v2\/posts\/23603","targetHints":{"allow":["GET"]}}],"collection":[{"href":"https:\/\/www.europesays.com\/lt\/wp-json\/wp\/v2\/posts"}],"about":[{"href":"https:\/\/www.europesays.com\/lt\/wp-json\/wp\/v2\/types\/post"}],"author":[{"embeddable":true,"href":"https:\/\/www.europesays.com\/lt\/wp-json\/wp\/v2\/users\/2"}],"replies":[{"embeddable":true,"href":"https:\/\/www.europesays.com\/lt\/wp-json\/wp\/v2\/comments?post=23603"}],"version-history":[{"count":0,"href":"https:\/\/www.europesays.com\/lt\/wp-json\/wp\/v2\/posts\/23603\/revisions"}],"wp:featuredmedia":[{"embeddable":true,"href":"https:\/\/www.europesays.com\/lt\/wp-json\/wp\/v2\/media\/23604"}],"wp:attachment":[{"href":"https:\/\/www.europesays.com\/lt\/wp-json\/wp\/v2\/media?parent=23603"}],"wp:term":[{"taxonomy":"category","embeddable":true,"href":"https:\/\/www.europesays.com\/lt\/wp-json\/wp\/v2\/categories?post=23603"},{"taxonomy":"post_tag","embeddable":true,"href":"https:\/\/www.europesays.com\/lt\/wp-json\/wp\/v2\/tags?post=23603"}],"curies":[{"name":"wp","href":"https:\/\/api.w.org\/{rel}","templated":true}]}}