{"id":236072,"date":"2026-07-23T17:05:56","date_gmt":"2026-07-23T17:05:56","guid":{"rendered":"https:\/\/www.europesays.com\/lt\/236072\/"},"modified":"2026-07-23T17:05:56","modified_gmt":"2026-07-23T17:05:56","slug":"lnk-prisijungia-prie-interneto-ziniasklaidos-asociacijos","status":"publish","type":"post","link":"https:\/\/www.europesays.com\/lt\/236072\/","title":{"rendered":"LNK prisijungia prie interneto \u017einiasklaidos asociacijos"},"content":{"rendered":"<p>Pastaraisiais metais I\u017dA nuosekliai auga ir stiprina savo vaidmen\u012f atstovaudama skaitmenin\u0117s \u017einiasklaidos sektoriui. Kasmet did\u0117jantis nari\u0173 skai\u010dius rodo augant\u012f poreik\u012f vieningai atstovauti profesionalios interneto \u017einiasklaidos interesams. I\u017dA \u0161iandien yra pagrindinis profesionalios interneto \u017einiasklaidos balsas Lietuvoje, atstovaujantis nari\u0173 interesams teis\u0117k\u016bros procesuose, dialoge su valstyb\u0117s institucijomis, autori\u0173 teisi\u0173, medij\u0173 finansavimo, skaitmenin\u0117s ekonomikos ir dirbtinio intelekto reguliavimo klausimais. Asociacija aktyviai gina leid\u0117j\u0173 interesus, teikia pasi\u016blymus teis\u0117k\u016bros iniciatyvoms, dalyvauja vie\u0161osios politikos formavimo procesuose ir telkia rinkos dalyvius bendriems tikslams.<\/p>\n<p>Pasak Interneto \u017einiasklaidos asociacijos pirminink\u0117s Linos Bu\u0161inskait\u0117s, prie asociacijos prisijungian\u010dios organizacijos stiprina visos rinkos bals\u0105.<\/p>\n<p>\u201eD\u017eiaugiam\u0117s, kad prie asociacijos prisijungia LNK \u2013 vienas geriausiai \u017einom\u0173 ir stipriausi\u0173 Lietuvos \u017einiasklaidos prek\u0117s \u017eenkl\u0173. Nuosekliai augantis asociacijos nari\u0173 ratas rodo, kad rinkos dalyviai mato vert\u0119 veikti kartu. \u0160iandien interneto \u017einiasklaida susiduria su daugybe i\u0161\u0161\u016bki\u0173 \u2013 nuo autori\u0173 teisi\u0173 apsaugos iki dirbtinio intelekto reguliavimo ir s\u0105\u017einingos konkurencin\u0117s aplinkos u\u017etikrinimo. Kuo daugiau stipri\u0173 rinkos \u017eaid\u0117j\u0173 telksis asociacijoje, tuo efektyviau gal\u0117sime atstovauti sektoriaus interesams ir prisid\u0117ti prie jo tvarios ateities k\u016brimo\u201c, \u2013 sako L. Bu\u0161inskait\u0117.<\/p>\n<p>       <img decoding=\"async\" src=\"https:\/\/www.europesays.com\/lt\/wp-content\/uploads\/2026\/07\/7733f11f-18c8-4fd7-8285-2ff92d63537d.jpg\" loading=\"lazy\" alt=\"Lina Bu\u0161inskait\u0117\"\/>    <\/p>\n<p>\u0160is \u017eingsnis atspindi nuosekli\u0105 bendrov\u0117s strategij\u0105 pl\u0117toti veikl\u0105 skaitmenin\u0117je \u017einiasklaidoje. \u0160iandien LNK kanal\u0173 grup\u0117 auditorij\u0105 pasiekia ne tik per televizijos kanalus, bet ir per naujien\u0173 portal\u0105 lnk.lt, kuriame kasdien skelbiamos aktualios Lietuvos ir pasaulio naujienos, bei vaizdo turinio platform\u0105 LNKGO, si\u016blan\u010di\u0105 plat\u0173 televizijos laid\u0173, serial\u0173, film\u0173 ir tiesiogini\u0173 transliacij\u0173 pasirinkim\u0105. Spar\u010diai auganti veikla skaitmenin\u0117je erdv\u0117je ir besikei\u010diantys turinio vartojimo \u012fpro\u010diai skatina bendrov\u0119 aktyviau \u012fsitraukti \u012f visam sektoriui svarbi\u0173 klausim\u0173 sprendim\u0105 ir prisid\u0117ti prie profesionalios skaitmenin\u0117s \u017einiasklaidos ateities formavimo.<\/p>\n<p>LNK kanal\u0173 grup\u0117s generalin\u0117s direktor\u0117s Zitos Sarakien\u0117s teigimu, prisijungimas prie Interneto \u017einiasklaidos asociacijos yra nat\u016bralus \u017eingsnis, atspindintis bendrov\u0117s veiklos raid\u0105 ir siek\u012f prisid\u0117ti prie visos Lietuvos skaitmenin\u0117s \u017einiasklaidos stiprinimo.<\/p>\n<p>\u201eSkaitmenin\u0117 \u017einiasklaida \u0161iandien vystosi itin spar\u010diai, tod\u0117l svarbu ne tik prisitaikyti prie poky\u010di\u0173, bet ir aktyviai prisid\u0117ti prie j\u0173 formavimo. Naryst\u0117 Interneto \u017einiasklaidos asociacijoje suteikia galimyb\u0119 kartu su kitais profesionalios \u017einiasklaidos rinkos dalyviais ie\u0161koti sprendim\u0173 visam sektoriui aktualiais klausimais. Tikiu, kad tik bendradarbiaudami galime kurti aplink\u0105, kurioje profesionali \u017einiasklaida i\u0161likt\u0173 stipri, gal\u0117t\u0173 investuoti \u012f kokybi\u0161k\u0105 lietuvi\u0161k\u0105 turin\u012f ir i\u0161saugot\u0173 visuomen\u0117s pasitik\u0117jim\u0105\u201c, \u2013 sako LNK kanal\u0173 grup\u0117s generalin\u0117 direktor\u0117 Zita Sarakien\u0117.<\/p>\n<p>    <img decoding=\"async\" src=\"https:\/\/www.europesays.com\/lt\/wp-content\/uploads\/2026\/07\/363abfe0-60f4-11ed-b88d-c5ab0ac9adb7.jpg\" loading=\"lazy\" alt=\"Zita Sarakien\u0117\"\/>    <\/p>\n<p>\u201eDirbdami skaitmenin\u0117je \u017einiasklaidoje kasdien matome, kaip greitai kei\u010diasi auditorijos \u012fpro\u010diai, technologijos ir informacijos vartojimo b\u016bdai. LNK.LT nuolat auga kartu su \u0161iais poky\u010diais, tod\u0117l prisijungimas prie Interneto \u017einiasklaidos asociacijos yra nat\u016bralus \u017eingsnis, leid\u017eiantis aktyviau prisid\u0117ti prie visam sektoriui svarbi\u0173 sprendim\u0173\u201c, \u2013 sako naujien\u0173 portalo <a rel=\"noopener nofollow\" href=\"http:\/\/www.lnk.lt\" target=\"_blank\">www.lnk.lt<\/a> vadov\u0117 Monika Skelt\u0117.<\/p>\n<p>I\u017dA vienija pagrindinius Lietuvos interneto \u017einiasklaidos rinkos dalyvius ir siekia kurti palanki\u0105 aplink\u0105 nepriklausomos, profesionalios bei tvarios skaitmenin\u0117s \u017einiasklaidos pl\u0117trai. Prie asociacijos prisijungusi lnk.lt dar labiau sustiprins I\u017dA atstovaujam\u0105 rinkos dal\u012f ir prisid\u0117s prie bendr\u0173 tiksl\u0173 \u012fgyvendinimo spar\u010diai besikei\u010dian\u010dioje medij\u0173 aplinkoje.<\/p>\n<p>\u0160iuo metu I\u017dA vienija Delfi, 15min.lt, lrytas.lt, vz.lt, tv3.lt, alfa.lt, Alytus plius, bernardinai.lt, Basketnews, Made in Vilnius, Vakar\u0173 ekspresas, etaplius.lt, iq.lt, Kas vyksta Kaune ir lnk.lt.<\/p>\n","protected":false},"excerpt":{"rendered":"Pastaraisiais metais I\u017dA nuosekliai auga ir stiprina savo vaidmen\u012f atstovaudama skaitmenin\u0117s \u017einiasklaidos sektoriui. Kasmet did\u0117jantis nari\u0173 skai\u010dius rodo&hellip;\n","protected":false},"author":2,"featured_media":236073,"comment_status":"","ping_status":"","sticky":false,"template":"","format":"standard","meta":{"footnotes":"","_share_on_mastodon":"0"},"categories":[17],"tags":[81,35048,37,39,35049,36,38,2574,40,46],"class_list":["post-236072","post","type-post","status-publish","format-standard","has-post-thumbnail","category-verslas","tag-business","tag-interneto-ziniasklaidos-asociacija","tag-lietuva","tag-lietuviu","tag-lina-businskaite","tag-lithuania","tag-lithuanian","tag-lnk","tag-lt","tag-verslas"],"share_on_mastodon":{"url":"https:\/\/pubeurope.com\/@lt\/116970389011461265","error":""},"_links":{"self":[{"href":"https:\/\/www.europesays.com\/lt\/wp-json\/wp\/v2\/posts\/236072","targetHints":{"allow":["GET"]}}],"collection":[{"href":"https:\/\/www.europesays.com\/lt\/wp-json\/wp\/v2\/posts"}],"about":[{"href":"https:\/\/www.europesays.com\/lt\/wp-json\/wp\/v2\/types\/post"}],"author":[{"embeddable":true,"href":"https:\/\/www.europesays.com\/lt\/wp-json\/wp\/v2\/users\/2"}],"replies":[{"embeddable":true,"href":"https:\/\/www.europesays.com\/lt\/wp-json\/wp\/v2\/comments?post=236072"}],"version-history":[{"count":0,"href":"https:\/\/www.europesays.com\/lt\/wp-json\/wp\/v2\/posts\/236072\/revisions"}],"wp:featuredmedia":[{"embeddable":true,"href":"https:\/\/www.europesays.com\/lt\/wp-json\/wp\/v2\/media\/236073"}],"wp:attachment":[{"href":"https:\/\/www.europesays.com\/lt\/wp-json\/wp\/v2\/media?parent=236072"}],"wp:term":[{"taxonomy":"category","embeddable":true,"href":"https:\/\/www.europesays.com\/lt\/wp-json\/wp\/v2\/categories?post=236072"},{"taxonomy":"post_tag","embeddable":true,"href":"https:\/\/www.europesays.com\/lt\/wp-json\/wp\/v2\/tags?post=236072"}],"curies":[{"name":"wp","href":"https:\/\/api.w.org\/{rel}","templated":true}]}}