{"id":236127,"date":"2026-07-23T18:09:11","date_gmt":"2026-07-23T18:09:11","guid":{"rendered":"https:\/\/www.europesays.com\/lt\/236127\/"},"modified":"2026-07-23T18:09:11","modified_gmt":"2026-07-23T18:09:11","slug":"avarija-vilniaus-rajone-baigesi-tragiskai-is-bmw-isvaduota-19-mete-zuvo","status":"publish","type":"post","link":"https:\/\/www.europesays.com\/lt\/236127\/","title":{"rendered":"Avarija Vilniaus rajone baig\u0117si tragi\u0161kai \u2013 i\u0161 BMW i\u0161vaduota 19-met\u0117 \u017euvo"},"content":{"rendered":"<p>Kaip prane\u0161ama, liepos 23 d. apie 14.58 val. tarnybos sulauk\u0117 prane\u0161imo, kad Vilniaus rajone, A\u017eulauk\u0117s kaime, Nemen\u010din\u0117s link vedan\u010diame kelyje susid\u016br\u0117 BMW automobilis ir \u0161iuk\u0161li\u0173 sunkve\u017eimis.<\/p>\n<p>Prane\u0161\u0117jas nurod\u0117, kad sunkve\u017eimis atsid\u016br\u0117 griovyje, o BMW automobilyje buvo prispausta moteris.<\/p>\n<p>Pirminiais duomenimis, nukent\u0117jusioji buvo s\u0105moninga.<\/p>\n<p>Prie\u0161gaisrin\u0117s apsaugos ir gelb\u0117jimo departamentas patikslino, kad per avarij\u0105 susid\u016br\u0117 trys transporto priemon\u0117s \u2013 sunkve\u017eimis, BMW ir \u201eFord\u201c.<\/p>\n<p>I\u0161 BMW automobilio gelb\u0117tojai i\u0161vadavo prispaust\u0105 moter\u012f. Ji buvo perduota greitosios medicinos pagalbos medikams.<\/p>\n<p>Mergina \u017euvo <\/p>\n<p>Pirminiais duomenimis, BMW vairuotoja (gim. 2007 m.) lenk\u0117 \u201eFord\u201c automobil\u012f, i\u0161va\u017eiavo \u012f prie\u0161prie\u0161in\u0119 eismo juost\u0105 ir susid\u016br\u0117 su vilkiku. Po sm\u016bgio vilkikas nul\u0117k\u0117 \u012f griov\u012f, o mergina buvo \u012fkalinta savo transporto priemon\u0117je.<\/p>\n<p>Pasirodo, kad medikams nepavyko i\u0161gelb\u0117ti merginos gyvyb\u0117s, ji mir\u0117 GMP automobilyje.<\/p>\n<p>Teigiama, jog kiti vairuotojai avarijos metu nenukent\u0117jo.<\/p>\n<p>Pareig\u016bnai tiria nelaim\u0117s aplinkybes. <\/p>\n","protected":false},"excerpt":{"rendered":"Kaip prane\u0161ama, liepos 23 d. apie 14.58 val. tarnybos sulauk\u0117 prane\u0161imo, kad Vilniaus rajone, A\u017eulauk\u0117s kaime, Nemen\u010din\u0117s link&hellip;\n","protected":false},"author":2,"featured_media":236128,"comment_status":"","ping_status":"","sticky":false,"template":"","format":"standard","meta":{"footnotes":"","_share_on_mastodon":"0"},"categories":[13],"tags":[25,2130,30,31,34,35,24,32,33,37,39,36,38,40,23,22,28,29,26,27,2808],"class_list":["post-236127","post","type-post","status-publish","format-standard","has-post-thumbnail","category-lietuva","tag-antrastes","tag-bmw","tag-breaking-news","tag-breakingnews","tag-featured-news","tag-featurednews","tag-headlines","tag-latest-news","tag-latestnews","tag-lietuva","tag-lietuviu","tag-lithuania","tag-lithuanian","tag-lt","tag-naujienos","tag-news","tag-populiariausios-naujienos","tag-populiariausiosnaujienos","tag-top-stories","tag-topstories","tag-zuvo"],"share_on_mastodon":{"url":"https:\/\/pubeurope.com\/@lt\/116970636289700765","error":""},"_links":{"self":[{"href":"https:\/\/www.europesays.com\/lt\/wp-json\/wp\/v2\/posts\/236127","targetHints":{"allow":["GET"]}}],"collection":[{"href":"https:\/\/www.europesays.com\/lt\/wp-json\/wp\/v2\/posts"}],"about":[{"href":"https:\/\/www.europesays.com\/lt\/wp-json\/wp\/v2\/types\/post"}],"author":[{"embeddable":true,"href":"https:\/\/www.europesays.com\/lt\/wp-json\/wp\/v2\/users\/2"}],"replies":[{"embeddable":true,"href":"https:\/\/www.europesays.com\/lt\/wp-json\/wp\/v2\/comments?post=236127"}],"version-history":[{"count":0,"href":"https:\/\/www.europesays.com\/lt\/wp-json\/wp\/v2\/posts\/236127\/revisions"}],"wp:featuredmedia":[{"embeddable":true,"href":"https:\/\/www.europesays.com\/lt\/wp-json\/wp\/v2\/media\/236128"}],"wp:attachment":[{"href":"https:\/\/www.europesays.com\/lt\/wp-json\/wp\/v2\/media?parent=236127"}],"wp:term":[{"taxonomy":"category","embeddable":true,"href":"https:\/\/www.europesays.com\/lt\/wp-json\/wp\/v2\/categories?post=236127"},{"taxonomy":"post_tag","embeddable":true,"href":"https:\/\/www.europesays.com\/lt\/wp-json\/wp\/v2\/tags?post=236127"}],"curies":[{"name":"wp","href":"https:\/\/api.w.org\/{rel}","templated":true}]}}