{"id":236168,"date":"2026-07-23T19:00:44","date_gmt":"2026-07-23T19:00:44","guid":{"rendered":"https:\/\/www.europesays.com\/lt\/236168\/"},"modified":"2026-07-23T19:00:44","modified_gmt":"2026-07-23T19:00:44","slug":"kanadoje-gyvenantis-kaunietis-menininkas-t-zaicikas-sulauke-jav-prezidento-gerbeju-demesio","status":"publish","type":"post","link":"https:\/\/www.europesays.com\/lt\/236168\/","title":{"rendered":"Kanadoje gyvenantis kaunietis menininkas T. Zai\u010dikas sulauk\u0117 JAV prezidento gerb\u0117j\u0173 d\u0117mesio"},"content":{"rendered":"<p>I\u0161 Kauno kil\u0119s ir Kanadoje pastar\u0105j\u012f de\u0161imtmet\u012f gyvenantis menininkas Tadas Zai\u010dikas sulauk\u0117 kvietimo pateikti savo darbus spalvinimo knygelei, kuri bus i\u0161leista <a href=\"https:\/\/kaunas.kasvyksta.lt\/jav\" title=\"JAV\" rel=\"nofollow noopener\" target=\"_blank\">JAV<\/a> nepriklausomyb\u0117s jubiliejui pamin\u0117ti. Jis yra bene vienintelis tapytojas lietuvis, kurio k\u016briniai bus pristatyti ypatingai progai skirtame leidinyje.<\/p>\n<p>Naujas projektas<\/p>\n<p>I\u0161 viso knygel\u0117je bus 250-ies autori\u0173 <a href=\"https:\/\/kaunas.kasvyksta.lt\/paveikslai\" title=\"Paveikslai\" rel=\"nofollow noopener\" target=\"_blank\">paveikslai<\/a> \u2013 tiek, kiek JAV nepriklausomybei yra met\u0173. Vis\u0173 darb\u0173 tema \u2013 prezidentas <a href=\"https:\/\/kaunas.kasvyksta.lt\/donaldas-trumpas\" title=\"Donaldas Trumpas\" rel=\"nofollow noopener\" target=\"_blank\">Donaldas Trumpas<\/a>.Spalvinimo knygel\u0117s i\u0161leidimu r\u016bpinsis prezidento Donaldo J. Trumpo meno <a href=\"https:\/\/kaunas.kasvyksta.lt\/muziejus\" title=\"Muziejus\" rel=\"nofollow noopener\" target=\"_blank\">muziejus<\/a> \u2013 nepriklausomas tarptautinis meno projektas, skirtas pristatyti menines JAV lyderio savyb\u0117ms i\u0161ry\u0161kinti skirtas interpretacijas ir kartu pagerbti talentingus menininkus, kurie jas kuria.<\/p>\n<p>\u201eMuziej\u0173 \u012fk\u016briau 2026 m. sausio 20 d., i\u0161klausiusi Prezidento D. Trumpo apm\u0105stym\u0173 apie pirmuosius jo sugr\u012f\u017eimo \u012f pareigas metus\u201c, \u2013 portalo \u201eKas vyksta Kaune\u201c \u017eurnalistei ra\u0161\u0117 socialiniuose tinkluose matomo projekto \u012fk\u016br\u0117ja, norinti kol kas i\u0161saugoti savo privatum\u0105.<\/p>\n<p>Pa\u0161nekov\u0117 patikino kol kas nenorinti vie\u0161ai atskleisti, kas esanti, nes taip tikisi sulaukti tikr\u0173 meninink\u0173 atsiliepim\u0173 apie \u0161i\u0173 dien\u0173 JAV lyder\u012f.<\/p>\n<p>\u201ePrezidentas D. Trumpas visuomen\u0117je kelia itin stiprias emocijas. Nors dauguma su muziejumi bendraujan\u010di\u0173 \u017emoni\u0173 projekt\u0105 sutinka palankiai, netr\u016bksta ir ar\u0161i\u0173 kritik\u0173, kurie nepritaria id\u0117jai kurti jo garbei skirt\u0105 pozityv\u0173 meno projekt\u0105. B\u016btent tod\u0117l renkuosi likti anonime \u2013 tai padeda apsaugoti mane, mano \u0161eim\u0105 ir pat\u012f projekt\u0105, kol jis dar vystomas\u201c, \u2013 ra\u0161o muziejaus \u012fk\u016br\u0117ja ir spalvinimo knygel\u0117s iniciator\u0117.<\/p>\n<p>Kaunietis i\u0161siskyr\u0117 i\u0161 kit\u0173<\/p>\n<p>Ji pasidalino ir pa\u017einties su T. Zai\u010diku istorija.<\/p>\n<p>\u201eKai pirm\u0105 kart\u0105 pama\u010diau Tado Zai\u010diko darbus, i\u0161 karto susi\u017eav\u0117jau. I\u0161 t\u016bkstan\u010di\u0173 meno k\u016brini\u0173, kuriuos buvau per\u017ei\u016br\u0117jusi, jo Prezidento Trumpo interpretacijos i\u0161siskyr\u0117 akimirksniu. Iki tol dar nebuvau ma\u010diusi taip vaizduojamo Prezidento Trumpo, \u2013 pastebi \u012f \u017eurnalist\u0117s klausimus atsakyti sutikusi amerikiet\u0117, \u2013 Tadas j\u012f pristato kaip stiling\u0105, didesn\u012f u\u017e gyvenim\u0105, \u017eaisming\u0105, mai\u0161ting\u0105, patrioti\u0161k\u0105 ir kone roko \u017evaig\u017ed\u0119. Jo k\u016bryboje dera ry\u0161kios spalvos, popkult\u016bra, mada, grafi\u010diai, humoras ir nepaprastai stipri energija\u201c.<\/p>\n<p>Labiausiai j\u0105 \u017eavi tai, kokia savita ir originali yra T. Zai\u010diko menin\u0117 kalba.<\/p>\n<p>\u201eJo paveikslai \u2013 \u0161iuolaiki\u0161ki, \u012fsimintini, i\u0161skirtiniai ir neabejotinai atpa\u017e\u012fstami kaip jo paties k\u016briniai, \u2013 ra\u0161oma socialiniais tinklais gautoje \u017einut\u0117je, \u2013 Taip pat mane su\u017eav\u0117jo Tado kuklumas ir nuo\u0161irdumas. Nors jis yra pripa\u017eintas menininkas, rengiantis parodas \u012fvairiose pasaulio \u0161alyse ir turintis gaus\u0173 gerb\u0117j\u0173 rat\u0105, jis buvo labai paprastas bendrauti ir noriai sutiko bendradarbiauti. Man didel\u0117 garb\u0117 \u012ftraukti jo k\u016brinius \u012f \u0161i\u0105 tarptautin\u0119 kolekcij\u0105\u201c.<\/p>\n<p><img decoding=\"async\" width=\"720\" height=\"405\" loading=\"lazy\" src=\"https:\/\/www.europesays.com\/lt\/wp-content\/uploads\/2026\/07\/kauniecio-tado-zaiciko-darbai-6a61d81d5f903.jpg@webp.webp\" class=\"w-auto h-auto\" alt=\"Kaunie\u010dio Tado Zai\u010diko darbai\"\/><\/p>\n<p>Kaunie\u010dio Tado Zai\u010diko darbai \/ asmen. archyv. nuotr.<\/p>\n<p>\u0160iandien muziejus daugiausia veikia internete ir pristato meninink\u0173 i\u0161 viso pasaulio k\u016brinius. Pasak jo \u012fk\u016br\u0117jos, kiekvienam autoriui suteikiamas deramas pripa\u017einimas, o kai tik \u012fmanoma, lankytojai nukreipiami \u012f paties menininko puslap\u012f, kad gal\u0117t\u0173 susipa\u017einti ir su kitais jo darbais: \u201eMenininkai \u010dia n\u0117ra tik pavard\u0117s po paveikslais. Man svarbu, kad \u017emon\u0117s su\u017einot\u0173, kas jie yra, i\u0161 kur atvyk\u0119 ir kuo ypatingas j\u0173 k\u016brybinis brai\u017eas\u201c.<\/p>\n<p>Anot jos, muziejuje labai svarbi vieta tenka ir muzikai \u2013 prie kiekvieno meno k\u016brinio kruop\u0161\u010diai parenkama daina, kuri sustiprina jo charakter\u012f, emocij\u0105, humor\u0105, patrioti\u0161kum\u0105 ar perteikiam\u0105 \u017einut\u0119. D. Trumpo gerb\u0117jos \u012fsitikinimu, muzika gali pakeisti nuotaik\u0105 ir pakviesti pa\u017evelgti \u012f k\u016brin\u012f i\u0161 kitos perspektyvos, tod\u0117l b\u016btent meno ir muzikos derm\u0117 tapo vienu i\u0161 i\u0161skirtiniausi\u0173 muziejaus bruo\u017e\u0173.<\/p>\n<p>Knygel\u0117 \u2013 ne tik vaikams<\/p>\n<p>\u012ek\u016brusi internetin\u012f D. Trumpo paveiksl\u0173 muziej\u0173, amerikiet\u0117 suman\u0117 \u012fgyvendinti ir spalvinimo bei dar vieno JAV nepriklausomyb\u0117s jubiliejui skirto leidinio id\u0117j\u0105.<\/p>\n<p>Kiekvienas projekte dalyvaujantis menininkas, anot jos, bus pristatytas ir \u012fvertintas individualiai. Patvirtintame autoriaus profilyje gali b\u016bti pateikiama jo nuotrauka, biografija, gyvenamoji vieta, \u201eInstagram\u201c paskyra arba interneto svetain\u0117, k\u016brinio pavadinimas, atlikimo technika ir specialiai jam parinkta muzikin\u0117 kompozicija.<\/p>\n<p>\u201eNoriu, kad skaitytojai pa\u017eint\u0173 pat\u012f meninink\u0105, o ne tik \u017ei\u016br\u0117t\u0173 \u012f jo k\u016brin\u012f\u201c, \u2013 patikina id\u0117jos autor\u0117.<\/p>\n<p><img decoding=\"async\" width=\"720\" height=\"405\" loading=\"lazy\" src=\"https:\/\/www.europesays.com\/lt\/wp-content\/uploads\/2026\/07\/kauniecio-tado-zaiciko-darbai-6a61d81d79f86.jpg@webp.webp\" class=\"w-auto h-auto\" alt=\"Kaunie\u010dio Tado Zai\u010diko darbai\"\/><\/p>\n<p>Kaunie\u010dio Tado Zai\u010diko darbai \/ asmen. archyv. nuotr.<\/p>\n<p>Anot jos, leidin\u012f papildys knyga \u201ePrezidento Donaldo J. Trumpo meno muziejaus spalvinimo knyga\u201c \u2013 \u012f j\u0105, gavus meninink\u0173 sutikimus, bus \u012ftraukti atrinkti meno k\u016briniai, paversti kruop\u0161\u010diai parengtais nespalvotais spalvinimo puslapiais. Tikslas \u2013 kuo tiksliau i\u0161saugoti originali\u0105 kompozicij\u0105, k\u016brinio charakter\u012f ir lengvai atpa\u017e\u012fstam\u0105 autoriaus menin\u012f brai\u017e\u0105.<\/p>\n<p>\u201eSpalvinimas taip pat yra tiesiog smagus u\u017esi\u0117mimas, kuris gali b\u016bti nepaprastai atpalaiduojantis. Man labai patikdavo su vaikais lankytis muziejuose, o gr\u012f\u017eus namo kartu spalvinti paveikslus. Tai buvo puikus b\u016bdas prat\u0119sti muziejuje patirtus \u012fsp\u016bd\u017eius ir praleisti laik\u0105 drauge. Spalvinimas skatina \u017emones sul\u0117tinti temp\u0105, \u012fsigilinti \u012f detales ir bent trumpam atitr\u016bkti nuo kasdienio streso. Kai vaikai spalvina k\u0105 tik matyt\u0105 meno k\u016brin\u012f, jie pradeda daug atid\u017eiau tyrin\u0117ti formas, veido i\u0161rai\u0161kas, drabu\u017eius, fon\u0105 ir smulkiausias detales. T\u0105 akimirk\u0105 jie patys pasijunta tikrais menininkais. B\u016btent tok\u012f jausm\u0105 ir siekiu sukurti \u0161ia papildoma knyga \u2013 vaikams, \u0161eimoms ir suaugusiesiems\u201c, \u2013 sako muziejaus \u012fk\u016br\u0117ja.<\/p>\n<p>\u012esp\u016bdingi pasiekimai<\/p>\n<p>Kaunietis T. Zai\u010dikas Kanad\u0105 kaip pagrindin\u0119 savo rezidencijos viet\u0105 pasirinko prie\u0161 13 met\u0173. Tiesa, meninink\u0105 gali sutikti ir Did\u017eiojoje Britanijoje, kur gyvena jo \u0161eima, ir Pranc\u016bzijoje, kurios dailinink\u0173 s\u0105jungos narys jis yra, ir kituose pasaulio miestuose.<\/p>\n<p><img decoding=\"async\" width=\"720\" height=\"405\" loading=\"lazy\" src=\"https:\/\/www.europesays.com\/lt\/wp-content\/uploads\/2026\/07\/tadas-zaicikas-6a61d81d19ce0.jpg@webp.webp\" class=\"w-auto h-auto\" alt=\"Tadas Zai\u010dikas\"\/><\/p>\n<p>Tadas Zai\u010dikas \/ asmen. archyv. nuotr.<\/p>\n<p>Jo darb\u0173 yra Holivudo \u017evaig\u017ed\u017ei\u0173 namuose, jie eksponuoti ir pristatyti tarptautin\u0117se galerijose bei meno mug\u0117se Pary\u017eiuje, Tokijuje, Milane, Niujorke, Majamyje, Toronte, Amsterdame, Antverpene, Bazelyje, Seule bei Vienoje. Vien\u0105 i\u0161 T. Zai\u010diko k\u016brini\u0173, vaizduojan\u010di\u0173 D. Trump\u0105, gyvai galima i\u0161vysti ir Kaune, senamiestyje esan\u010diame kokteili\u0173 bare \u201eROO bar&amp;kitchen\u201c.<\/p>\n<p>Nors \u012f spalvinimo knyg\u0105 pateksiantys T. Zai\u010diko darbai vaizduoja JAV prezident\u0105 Donald\u0105 Trump\u0105, pats menininkas sako nesiekiantis kurti politini\u0173 manifest\u0173.<\/p>\n<p>\u201eMan visada buvo \u012fdomios stiprios asmenyb\u0117s. Nesvarbu, ar tai b\u016bt\u0173 politikas, muzikantas, aktorius ar sportininkas \u2013 ie\u0161kau charakterio, emocijos ir energijos. Mane domina ne politika, o \u017emogus ir jo kuriamas \u012fsp\u016bdis, \u2013 sako T. Zai\u010dikas.<\/p>\n<p>Menininko k\u016bryba lengvai atpa\u017e\u012fstama d\u0117l ry\u0161ki\u0173 spalv\u0173, poparto estetikos, grafi\u010di\u0173 element\u0173 ir ekspresyvios tapybos. Jo darbuose da\u017enai susilieja \u0161iuolaikin\u0117 kult\u016bra, mada, miesto ritmas ir ironija, tod\u0117l portretai tampa ne tik atvaizdais, bet ir savoti\u0161kais charakteri\u0173 pasakojimais.<\/p>\n<p><img decoding=\"async\" width=\"720\" height=\"405\" loading=\"lazy\" src=\"https:\/\/www.europesays.com\/lt\/wp-content\/uploads\/2026\/07\/kauniecio-tado-zaiciko-darbai-6a61d81cd803f.jpg@webp.webp\" class=\"w-auto h-auto\" alt=\"Kaunie\u010dio Tado Zai\u010diko darbai\"\/><\/p>\n<p>Kaunie\u010dio Tado Zai\u010diko darbai \/ asmen. archyv. nuotr.<\/p>\n<p>\u201eNiekada nesistengiu tapyti fotografi\u0161kai. Man svarbiau sukurti nuotaik\u0105, perteikti \u017emogaus energij\u0105 ir emocij\u0105. Noriu, kad paveikslas tur\u0117t\u0173 savo charakter\u012f ir kalb\u0117t\u0173 su \u017ei\u016brovu, \u2013 pasakoja menininkas.<\/p>\n<p>Pasak jo, kvietimas prisijungti prie tarptautinio projekto buvo netik\u0117tas.<\/p>\n<p>\u201eMenas neturi sien\u0173. Jis neprivalo visiems patikti, ta\u010diau jis turi kelti emocijas ir skatinti dialog\u0105. Jeigu mano k\u016briniai priver\u010dia sustoti, \u012fsi\u017ei\u016br\u0117ti ir sukelia diskusij\u0105, vadinasi, jie atlieka savo paskirt\u012f\u201c, \u2013 \u012fsitikin\u0119s kaunietis.<\/p>\n","protected":false},"excerpt":{"rendered":"I\u0161 Kauno kil\u0119s ir Kanadoje pastar\u0105j\u012f de\u0161imtmet\u012f gyvenantis menininkas Tadas Zai\u010dikas sulauk\u0117 kvietimo pateikti savo darbus spalvinimo knygelei,&hellip;\n","protected":false},"author":2,"featured_media":236169,"comment_status":"","ping_status":"","sticky":false,"template":"","format":"standard","meta":{"footnotes":"","_share_on_mastodon":"0"},"categories":[15],"tags":[25,30,31,194,34,35,24,223,1061,49,32,33,37,39,36,38,40,5210,366,23,22,44,35056,28,29,19966,26,27,74,75,76],"class_list":["post-236168","post","type-post","status-publish","format-standard","has-post-thumbnail","category-pasaulis","tag-antrastes","tag-breaking-news","tag-breakingnews","tag-donaldas-trumpas","tag-featured-news","tag-featurednews","tag-headlines","tag-jav","tag-kaunas","tag-kultura","tag-latest-news","tag-latestnews","tag-lietuva","tag-lietuviu","tag-lithuania","tag-lithuanian","tag-lt","tag-menas","tag-muziejus","tag-naujienos","tag-news","tag-pasaulis","tag-paveikslai","tag-populiariausios-naujienos","tag-populiariausiosnaujienos","tag-rekomenduojame","tag-top-stories","tag-topstories","tag-world","tag-world-news","tag-worldnews"],"share_on_mastodon":{"url":"https:\/\/pubeurope.com\/@lt\/116970837582818250","error":""},"_links":{"self":[{"href":"https:\/\/www.europesays.com\/lt\/wp-json\/wp\/v2\/posts\/236168","targetHints":{"allow":["GET"]}}],"collection":[{"href":"https:\/\/www.europesays.com\/lt\/wp-json\/wp\/v2\/posts"}],"about":[{"href":"https:\/\/www.europesays.com\/lt\/wp-json\/wp\/v2\/types\/post"}],"author":[{"embeddable":true,"href":"https:\/\/www.europesays.com\/lt\/wp-json\/wp\/v2\/users\/2"}],"replies":[{"embeddable":true,"href":"https:\/\/www.europesays.com\/lt\/wp-json\/wp\/v2\/comments?post=236168"}],"version-history":[{"count":0,"href":"https:\/\/www.europesays.com\/lt\/wp-json\/wp\/v2\/posts\/236168\/revisions"}],"wp:featuredmedia":[{"embeddable":true,"href":"https:\/\/www.europesays.com\/lt\/wp-json\/wp\/v2\/media\/236169"}],"wp:attachment":[{"href":"https:\/\/www.europesays.com\/lt\/wp-json\/wp\/v2\/media?parent=236168"}],"wp:term":[{"taxonomy":"category","embeddable":true,"href":"https:\/\/www.europesays.com\/lt\/wp-json\/wp\/v2\/categories?post=236168"},{"taxonomy":"post_tag","embeddable":true,"href":"https:\/\/www.europesays.com\/lt\/wp-json\/wp\/v2\/tags?post=236168"}],"curies":[{"name":"wp","href":"https:\/\/api.w.org\/{rel}","templated":true}]}}