{"id":236383,"date":"2026-07-24T06:41:34","date_gmt":"2026-07-24T06:41:34","guid":{"rendered":"https:\/\/www.europesays.com\/lt\/236383\/"},"modified":"2026-07-24T06:41:34","modified_gmt":"2026-07-24T06:41:34","slug":"dalia-grybauskaite-uzsimojo-tapti-naujuoju-vinstonu-cerciliu-respublika-lt","status":"publish","type":"post","link":"https:\/\/www.europesays.com\/lt\/236383\/","title":{"rendered":"Dalia Grybauskait\u0117 u\u017esimojo tapti naujuoju Vinstonu \u010cer\u010diliu &#8211; Respublika.lt"},"content":{"rendered":"<p><img loading=\"lazy\" decoding=\"async\" src=\"https:\/\/www.respublika.lt\/lt\/naujienos\/lietuva\/lietuvos_politika\/dalia-grybauskaite-uzsimojo-tapti-naujuoju-vinstonu-cerciliu\/images\/ico_camera_white.gif\" class=\"camera\" width=\"22\" height=\"15\" alt=\"nuotr.\" style=\"position:relative; top:-2px; right:2px;\"\/> 1 nuotr.<\/p>\n<p>Ar\u016bno Bernacko kolia\u017eas<\/p>\n<p style=\"text-align: justify;\" class=\"desktop_banner\">\u00a0<\/p>\n<p>Dabar Grybauskait\u0117 nori prilygti ir Vinstonui \u010cer\u010diliui, nes, jo pavyzd\u017eiu sekdama, si\u016blo tarp Europos ir Rusijos pastatyti gele\u017ein\u0119 u\u017edang\u0105.<\/p>\n<p>Visa Europa d\u016bsauja, kad tr\u016bksta tikr\u0173 lyderi\u0173, toki\u0173 kaip \u010cer\u010dilis ar bent Te\u010der.<\/p>\n<p>Grybauskait\u0117 turb\u016bt mano, kad prilygt\u0173 abiems Did\u017eiosios Britanijos politikos korif\u0117jams, o gal ir juos pranokt\u0173.<\/p>\n<p>D\u0117l gele\u017ein\u0117s ledi Te\u010der tai net kalb\u0173 n\u0117ra, Vakaruose Grybauskait\u0119 taip vadino dar jai einant prezident\u0117s pareigas.<\/p>\n<p>Paklausite, prie ko \u010dia \u010cer\u010dilis?<\/p>\n<p>Ogi prie to, kad Grybauskait\u0117, duodama interviu u\u017esienio \u017einiasklaidai ir kalb\u0117dama apie Rusij\u0105, prabilo beveik kaip r\u016bstusis brit\u0173 premjeras.<\/p>\n<p>Anot jos, b\u016bt\u0173 geriausia, jeigu Rusija tapt\u0173 demokratine valstybe.<\/p>\n<p>Jeigu ne, reikia tarp jos ir Europos pastatyti gele\u017ein\u0119 sien\u0105.<\/p>\n<p>Terminas \u0161iek tiek kitoks nei gele\u017ein\u0117 u\u017edanga, kuri i\u0161populiar\u0117jo po \u010cer\u010dilio kalbos, bet labai pana\u0161us.<\/p>\n<p>Grybauskait\u0117 gal\u0117t\u0173 tapti tiek sienos architekte, tiek darb\u0173 vykdytoja.<\/p>\n<p>Nekr\u016bp\u010diodama, vis\u0173 m\u016bs\u0173 s\u0105skaita pastatyt\u0173 toki\u0105 gele\u017ein\u0119 sien\u0105, kad net \u010cer\u010dilis pavyd\u0117t\u0173.<\/p>\n","protected":false},"excerpt":{"rendered":"1 nuotr. Ar\u016bno Bernacko kolia\u017eas \u00a0 Dabar Grybauskait\u0117 nori prilygti ir Vinstonui \u010cer\u010diliui, nes, jo pavyzd\u017eiu sekdama, si\u016blo&hellip;\n","protected":false},"author":2,"featured_media":236384,"comment_status":"","ping_status":"","sticky":false,"template":"","format":"standard","meta":{"footnotes":"","_share_on_mastodon":"0"},"categories":[6],"tags":[25,30,31,11936,34,35,35080,3333,24,32,33,37,39,36,38,40,23,22,28,29,119,35082,26,27,35081],"class_list":["post-236383","post","type-post","status-publish","format-standard","has-post-thumbnail","category-antrastes","tag-antrastes","tag-breaking-news","tag-breakingnews","tag-cercilis","tag-featured-news","tag-featurednews","tag-gelezine","tag-grybauskaite","tag-headlines","tag-latest-news","tag-latestnews","tag-lietuva","tag-lietuviu","tag-lithuania","tag-lithuanian","tag-lt","tag-naujienos","tag-news","tag-populiariausios-naujienos","tag-populiariausiosnaujienos","tag-rusija","tag-tecer","tag-top-stories","tag-topstories","tag-uzdanga"],"share_on_mastodon":{"url":"https:\/\/pubeurope.com\/@lt\/116973593557517804","error":""},"_links":{"self":[{"href":"https:\/\/www.europesays.com\/lt\/wp-json\/wp\/v2\/posts\/236383","targetHints":{"allow":["GET"]}}],"collection":[{"href":"https:\/\/www.europesays.com\/lt\/wp-json\/wp\/v2\/posts"}],"about":[{"href":"https:\/\/www.europesays.com\/lt\/wp-json\/wp\/v2\/types\/post"}],"author":[{"embeddable":true,"href":"https:\/\/www.europesays.com\/lt\/wp-json\/wp\/v2\/users\/2"}],"replies":[{"embeddable":true,"href":"https:\/\/www.europesays.com\/lt\/wp-json\/wp\/v2\/comments?post=236383"}],"version-history":[{"count":0,"href":"https:\/\/www.europesays.com\/lt\/wp-json\/wp\/v2\/posts\/236383\/revisions"}],"wp:featuredmedia":[{"embeddable":true,"href":"https:\/\/www.europesays.com\/lt\/wp-json\/wp\/v2\/media\/236384"}],"wp:attachment":[{"href":"https:\/\/www.europesays.com\/lt\/wp-json\/wp\/v2\/media?parent=236383"}],"wp:term":[{"taxonomy":"category","embeddable":true,"href":"https:\/\/www.europesays.com\/lt\/wp-json\/wp\/v2\/categories?post=236383"},{"taxonomy":"post_tag","embeddable":true,"href":"https:\/\/www.europesays.com\/lt\/wp-json\/wp\/v2\/tags?post=236383"}],"curies":[{"name":"wp","href":"https:\/\/api.w.org\/{rel}","templated":true}]}}