{"id":236631,"date":"2026-07-24T11:23:15","date_gmt":"2026-07-24T11:23:15","guid":{"rendered":"https:\/\/www.europesays.com\/lt\/236631\/"},"modified":"2026-07-24T11:23:15","modified_gmt":"2026-07-24T11:23:15","slug":"nauseda-sveikina-karo-akademijos-absolventus-lietuvoje","status":"publish","type":"post","link":"https:\/\/www.europesays.com\/lt\/236631\/","title":{"rendered":"Naus\u0117da sveikina karo akademijos absolventus Lietuvoje"},"content":{"rendered":"<p>\u201eGyvename neramiais laikais. \u0160iandien m\u016bs\u0173 \u0161aliai reikalingas kiekvienas, mokantis, galintis ir norintis j\u0105 ginti. Reikalingi k\u016brybingi ir iniciatyv\u016bs karininkai, pasiruo\u0161\u0119 naujai karybos erai\u201c, \u2013 sak\u0117 \u0161alies vadovas.<\/p>\n<p>Palink\u0117jo tarnauti valstybei<\/p>\n<p>Prezidentas naujiesiems karininkams palink\u0117jo visada tarnauti Lietuvos valstybei ir jos gyventojams.<\/p>\n<p>\u201eApsisprend\u0117te stov\u0117ti pirmosiose T\u0117vyn\u0117s gyn\u0117j\u0173 gretose. Tad ir toliau rodykite pavyzd\u012f kiekvienam Lietuvos kariui ir kiekvienam m\u016bs\u0173 pilietin\u0117s bendruomen\u0117s nariui. Visada tarnaukite Lietuvos valstybei ir jos \u017emon\u0117ms\u201c, \u2013 ceremonijoje kalb\u0117jo G. Naus\u0117da.<\/p>\n<p>\u201eTikiu, kad \u0161iandien duotas pa\u017eadas bus i\u0161tes\u0117tas. Tikiu, kad ilgi studij\u0173 metai bei sunkios lauko pratyb\u0173 dienos pareng\u0117 ir u\u017egr\u016bdino principingus, atsakingus, profesionalius karininkus. M\u016bs\u0173 \u0161alies patriotus. B\u016bsimus Lietuvos kariuomen\u0117s lyderius\u201c, \u2013 teig\u0117 prezidentas.<\/p>\n<p>Savo ruo\u017etu ceremonijoje dalyvav\u0119s ministras pirmininkas Mindaugas Sinkevi\u010dius sveikindamas nauj\u0105j\u0105 karinink\u0173 kart\u0105 pabr\u0117\u017e\u0117, kad j\u0173 pasirinkimas tarnauti yra svarbus visai Lietuvai.<\/p>\n<p>\u201eD\u017eiaugiuosi gal\u0117damas pasveikinti jus \u2013 nauj\u0105j\u0105 karinink\u0173 kart\u0105 \u2013 su \u0161ia ypa\u010d svarbia diena. Ji svarbi ne tik jums, \u012fgijusiems garbing\u0105 pirm\u0105j\u012f karininko laipsn\u012f, bet ir m\u016bs\u0173 valstybei, nes kiekvienas pasireng\u0119s Lietuv\u0105 ginti sud\u0117tingiausiomis aplinkyb\u0117mis yra vertas m\u016bs\u0173 nuo\u0161irdaus pasidid\u017eiavimo\u201c, \u2013 sak\u0117 premjeras.<\/p>\n<p>Anot M. Sinkevi\u010diaus, naujieji karininkai tarnyb\u0105 pradeda sud\u0117tingu metu, kai netoliese vyksta karas, o tarptautin\u0117 saugumo situacija tapo ma\u017eiau prognozuojama.<\/p>\n<p>    <img decoding=\"async\" src=\"https:\/\/www.europesays.com\/lt\/wp-content\/uploads\/2026\/07\/e58028d4-3620-48c2-8b17-85a0870a1bea.jpg\" loading=\"lazy\" alt=\"Prezidentas suteik\u0117 pirm\u0105j\u012f karininko laipsn\u012f Karo akademijos absolventams\"\/>      <\/p>\n<p>\u201eTampate karininkais nepaprast\u0173 laik\u0173 metu, kai visai netoliese vyksta \u017eiaurus karas, o tarptautin\u0117 tvarka nebeatrodo tokia pat stabili ir prognozuojama, kokia buvo ilg\u0105 laik\u0105. Ta\u010diau tai padeda i\u0161 naujo ir dar giliau suprasti, kokios brangios ir saugotinos yra laisv\u0117 ir taika, kurias turime\u201c, \u2013 kalb\u0117jo premjeras.<\/p>\n<p>Akcentavo NATO svarb\u0105<\/p>\n<p>Jis taip pat akcentavo NATO s\u0105junginink\u0173 svarb\u0105 Lietuvos saugumui, i\u0161skirdamas JAV, Lenkij\u0105, \u0160iaur\u0117s ir Baltijos \u0161alis bei Vokietij\u0105.<\/p>\n<p>\u201eM\u016bs\u0173 stipryb\u0117 yra ne tik tarnyb\u0105 T\u0117vynei pasirink\u0119 kariai, ne tik augan\u010dios \u0161auli\u0173 gretos ir ne tik pilie\u010diai, pasireng\u0119 serg\u0117ti laisv\u0119 ir taik\u0105 pasitelkdami savo \u012fg\u016bd\u017eius bei \u017einias. M\u016bs\u0173 stipryb\u0117 yra s\u0105jungininkai\u201c, \u2013 sak\u0117 M. Sinkevi\u010dius.<\/p>\n<p>Pasak premjero, jau kit\u0105met Lietuvoje dislokuota Vokietijos brigada reik\u0161mingai sustiprins \u0161alies ir viso regiono saugum\u0105 bei atgrasym\u0105.<\/p>\n<p>    <img decoding=\"async\" src=\"https:\/\/www.europesays.com\/lt\/wp-content\/uploads\/2026\/07\/8799a8d7-0fed-4575-9923-2551f6ba5843.jpg\" loading=\"lazy\" alt=\"Prezidentas suteik\u0117 pirm\u0105j\u012f karininko laipsn\u012f Karo akademijos absolventams\"\/>      <img decoding=\"async\" src=\"https:\/\/www.europesays.com\/lt\/wp-content\/uploads\/2026\/07\/4df4cbb2-cd19-4d30-bcf2-5783bd70c18b.jpg\" loading=\"lazy\" alt=\"Prezidentas suteik\u0117 pirm\u0105j\u012f karininko laipsn\u012f Karo akademijos absolventams\"\/>      <\/p>\n<p>Ceremonijos metu prezidentas kardais paliet\u0117 kiekvieno absolvento antpet\u012f, o jaunieji leitenantai prisiek\u0117 i\u0161tikimyb\u0119 Lietuvai. Geriausiam 2026 met\u0173 laidos absolventui Airidui Timinskui \u012fteiktas kra\u0161to apsaugos ministro kardas.<\/p>\n<p>Pasak geriausio 2026 met\u0173 laidos absolvento Airido Timinsko, svarbiausia i\u0161laikyti akademijos metu u\u017esimezgusi\u0105 bendryst\u0119, kuri padeda siekti bendr\u0173 tiksl\u0173.<\/p>\n<p>\u201e\u0160i bendryst\u0117, kuri\u0105 mes suk\u016br\u0117me, motyvuoja ir skatina jud\u0117ti. Nepraraskime jos \u2013 ji atsiranda tada, kai visk\u0105 darome i\u0161 \u0161irdies ir atsidav\u0119. O kai susiburia tokios asmenyb\u0117s, jos tampa j\u0117ga, kuri gali visk\u0105\u201c, \u2013 teig\u0117 A. Timinskas.<\/p>\n<p>Lietuvos karo akademija t\u0119sia tarpukario karo mokyklos tradicijas, rengdama karininkus, pasiruo\u0161usius ginti ne tik Lietuvos, bet ir NATO s\u0105junginink\u0173 saugum\u0105. Akademija yra vienintel\u0117 auk\u0161toji mokykla Lietuvoje, suteikianti lyderio kompetencij\u0173, universitetin\u012f ir karin\u012f i\u0161silavinim\u0105.<\/p>\n","protected":false},"excerpt":{"rendered":"\u201eGyvename neramiais laikais. \u0160iandien m\u016bs\u0173 \u0161aliai reikalingas kiekvienas, mokantis, galintis ir norintis j\u0105 ginti. Reikalingi k\u016brybingi ir iniciatyv\u016bs&hellip;\n","protected":false},"author":2,"featured_media":236632,"comment_status":"","ping_status":"","sticky":false,"template":"","format":"standard","meta":{"footnotes":"","_share_on_mastodon":"0"},"categories":[13],"tags":[25,30,31,34,35,67,24,32,33,37,39,36,38,40,23,22,28,29,26,27],"class_list":["post-236631","post","type-post","status-publish","format-standard","has-post-thumbnail","category-lietuva","tag-antrastes","tag-breaking-news","tag-breakingnews","tag-featured-news","tag-featurednews","tag-gitanas-nauseda","tag-headlines","tag-latest-news","tag-latestnews","tag-lietuva","tag-lietuviu","tag-lithuania","tag-lithuanian","tag-lt","tag-naujienos","tag-news","tag-populiariausios-naujienos","tag-populiariausiosnaujienos","tag-top-stories","tag-topstories"],"share_on_mastodon":{"url":"https:\/\/pubeurope.com\/@lt\/116974702222239635","error":""},"_links":{"self":[{"href":"https:\/\/www.europesays.com\/lt\/wp-json\/wp\/v2\/posts\/236631","targetHints":{"allow":["GET"]}}],"collection":[{"href":"https:\/\/www.europesays.com\/lt\/wp-json\/wp\/v2\/posts"}],"about":[{"href":"https:\/\/www.europesays.com\/lt\/wp-json\/wp\/v2\/types\/post"}],"author":[{"embeddable":true,"href":"https:\/\/www.europesays.com\/lt\/wp-json\/wp\/v2\/users\/2"}],"replies":[{"embeddable":true,"href":"https:\/\/www.europesays.com\/lt\/wp-json\/wp\/v2\/comments?post=236631"}],"version-history":[{"count":0,"href":"https:\/\/www.europesays.com\/lt\/wp-json\/wp\/v2\/posts\/236631\/revisions"}],"wp:featuredmedia":[{"embeddable":true,"href":"https:\/\/www.europesays.com\/lt\/wp-json\/wp\/v2\/media\/236632"}],"wp:attachment":[{"href":"https:\/\/www.europesays.com\/lt\/wp-json\/wp\/v2\/media?parent=236631"}],"wp:term":[{"taxonomy":"category","embeddable":true,"href":"https:\/\/www.europesays.com\/lt\/wp-json\/wp\/v2\/categories?post=236631"},{"taxonomy":"post_tag","embeddable":true,"href":"https:\/\/www.europesays.com\/lt\/wp-json\/wp\/v2\/tags?post=236631"}],"curies":[{"name":"wp","href":"https:\/\/api.w.org\/{rel}","templated":true}]}}