{"id":236737,"date":"2026-07-24T13:40:33","date_gmt":"2026-07-24T13:40:33","guid":{"rendered":"https:\/\/www.europesays.com\/lt\/236737\/"},"modified":"2026-07-24T13:40:33","modified_gmt":"2026-07-24T13:40:33","slug":"ukraina-flamingo-raketomis-smoge-rusijos-karinei-gamyklai","status":"publish","type":"post","link":"https:\/\/www.europesays.com\/lt\/236737\/","title":{"rendered":"Ukraina \u201eFlamingo\u201c raketomis smog\u0117 Rusijos karinei gamyklai"},"content":{"rendered":"<p>Liepos 24 d. ryte Kirovo gyventojai prane\u0161\u0117 apie sprogimus ir gaisr\u0105.<\/p>\n<p>Remiantis \u201eASTRA\u201c atlikta liudinink\u0173 vaizdo \u012fra\u0161\u0173 analize, atakuota \u201eViatkos ma\u0161in\u0173 gamybos \u012fmon\u0117 AVITEK\u201c, kurioje kilo gaisras.<\/p>\n<p>Remiantis oficialiais ir vie\u0161ai prieinamais Rusijos \u0161altiniais, \u012fmon\u0117 tiekia gaminius karin\u0117ms, dvejopos paskirties ir civilin\u0117ms reikm\u0117ms, \u012fskaitant oro gynybos sistemas, orlaivi\u0173 komponentus, katapultines s\u0117dynes, orlaivi\u0173 k\u0117limo sistemas ir gerves, sij\u0173 tvirtinimo \u012ftaisus bei kit\u0105 aviacijos \u012frang\u0105.<\/p>\n<p>Pasak Rusijos ma\u0161in\u0173 gamintoj\u0173 s\u0105jungos, \u012fmon\u0117 atlieka vis\u0105 gamybos cikl\u0105 \u2013 nuo liejimo ir kalimo ar presavimo iki galutinio surinkimo ir gaminio bandym\u0173.<\/p>\n<p>Remiantis Ukrainos gynybos ministerijos Gynybos \u017evalgybos tarnybos projekto \u201eWar &amp; Sanctions\u201c informacija, gamykla specializuojasi gaminant \u201e\u017eem\u0117\u2013oras\u201c tipo valdomas raketas, katapultines s\u0117dynes, aviacijos k\u0117limo sistemas ir kt.<\/p>\n<p>\u012emon\u0117 dalyvauja bendroje prie\u0161l\u0117ktuvini\u0173 raket\u0173 sistem\u0173 \u201eTor\u201c gamyboje.<\/p>\n<p>Pa\u017eymima, kad gamyklai \u201eAVITEK\u201c taikomos JAV, Ukrainos ir kit\u0173 \u0161ali\u0173 \u012fvestos sankcijos.<\/p>\n<p>Vienas Ukrainos gynybos \u012fmon\u0117s \u201eFire Point\u201c \u012fk\u016br\u0117j\u0173 Denisas \u0160tilermanas socialiniame tinkle \u201eX\u201c u\u017esimin\u0117, kad per sm\u016bg\u012f \u201egal\u0117jo\u201c b\u016bti panaudotos \u201eFlamingo\u201c raketos.<\/p>\n<p>Kaip skelbta, po dron\u0173 atakos Sankt Peterburge ir Rusijos Federacijos Leningrado srityje penktadien\u012f taip pat deg\u0117 du rusi\u0161kosios \u201eAmazon\u201c alternatyvos \u201eWildberries\u201c sand\u0117liai.<\/p>\n","protected":false},"excerpt":{"rendered":"Liepos 24 d. ryte Kirovo gyventojai prane\u0161\u0117 apie sprogimus ir gaisr\u0105. Remiantis \u201eASTRA\u201c atlikta liudinink\u0173 vaizdo \u012fra\u0161\u0173 analize,&hellip;\n","protected":false},"author":2,"featured_media":236738,"comment_status":"","ping_status":"","sticky":false,"template":"","format":"standard","meta":{"footnotes":"","_share_on_mastodon":"0"},"categories":[15],"tags":[25,30,31,3346,34,35,4375,24,121,32,33,37,39,36,38,40,23,22,44,28,29,26,27,74,75,76],"class_list":["post-236737","post","type-post","status-publish","format-standard","has-post-thumbnail","category-pasaulis","tag-antrastes","tag-breaking-news","tag-breakingnews","tag-elta-uzsienio-naujiena","tag-featured-news","tag-featurednews","tag-flamingo","tag-headlines","tag-karas-ukrainoje","tag-latest-news","tag-latestnews","tag-lietuva","tag-lietuviu","tag-lithuania","tag-lithuanian","tag-lt","tag-naujienos","tag-news","tag-pasaulis","tag-populiariausios-naujienos","tag-populiariausiosnaujienos","tag-top-stories","tag-topstories","tag-world","tag-world-news","tag-worldnews"],"share_on_mastodon":{"url":"https:\/\/pubeurope.com\/@lt\/116975240644567519","error":""},"_links":{"self":[{"href":"https:\/\/www.europesays.com\/lt\/wp-json\/wp\/v2\/posts\/236737","targetHints":{"allow":["GET"]}}],"collection":[{"href":"https:\/\/www.europesays.com\/lt\/wp-json\/wp\/v2\/posts"}],"about":[{"href":"https:\/\/www.europesays.com\/lt\/wp-json\/wp\/v2\/types\/post"}],"author":[{"embeddable":true,"href":"https:\/\/www.europesays.com\/lt\/wp-json\/wp\/v2\/users\/2"}],"replies":[{"embeddable":true,"href":"https:\/\/www.europesays.com\/lt\/wp-json\/wp\/v2\/comments?post=236737"}],"version-history":[{"count":0,"href":"https:\/\/www.europesays.com\/lt\/wp-json\/wp\/v2\/posts\/236737\/revisions"}],"wp:featuredmedia":[{"embeddable":true,"href":"https:\/\/www.europesays.com\/lt\/wp-json\/wp\/v2\/media\/236738"}],"wp:attachment":[{"href":"https:\/\/www.europesays.com\/lt\/wp-json\/wp\/v2\/media?parent=236737"}],"wp:term":[{"taxonomy":"category","embeddable":true,"href":"https:\/\/www.europesays.com\/lt\/wp-json\/wp\/v2\/categories?post=236737"},{"taxonomy":"post_tag","embeddable":true,"href":"https:\/\/www.europesays.com\/lt\/wp-json\/wp\/v2\/tags?post=236737"}],"curies":[{"name":"wp","href":"https:\/\/api.w.org\/{rel}","templated":true}]}}