{"id":236755,"date":"2026-07-24T14:14:21","date_gmt":"2026-07-24T14:14:21","guid":{"rendered":"https:\/\/www.europesays.com\/lt\/236755\/"},"modified":"2026-07-24T14:14:21","modified_gmt":"2026-07-24T14:14:21","slug":"ekspertai-infliacinis-spaudimas-artimiausiu-metu-nemazes-taciau-nt-rinka-isliks-aktyvi","status":"publish","type":"post","link":"https:\/\/www.europesays.com\/lt\/236755\/","title":{"rendered":"Ekspertai: infliacinis spaudimas artimiausiu metu nema\u017e\u0117s, ta\u010diau NT rinka i\u0161liks aktyvi"},"content":{"rendered":"<p>Infliacinis spaudimas Lietuvoje artimiausiais metais nema\u017e\u0117s, o neinvestuoti pinigai ir toliau praras perkam\u0105j\u0105 gali\u0105, sako banko \u201eLuminor\u201c vyriausiasis ekonomistas \u017dygimantas Mauricas. Tuo metu nekilnojamojo turto (NT) ekspert\u0173 vertinimu, b\u016bsto rinka i\u0161liks aktyvi, o kain\u0173 augimo tendencija neslops.<\/p>\n<p>Pasak \u017d. Maurico, Lietuva pagal nuosavo b\u016bsto paplitim\u0105 yra Europos S\u0105jungos lyder\u0117 \u2013 nuosavame b\u016bste gyvena apie 94 proc. \u0161alies nam\u0173 \u016bki\u0173.<\/p>\n<p>\u201eDidel\u0117 dalis jaun\u0173 gyventoj\u0173 ir ma\u017eiau pasiturin\u010di\u0173 lietuvi\u0173 turi nuosav\u0105 b\u016bst\u0105. Ir labai gerai, kad turi, nes b\u016bsto nuomos kainos yra linkusios augti pana\u0161iu grei\u010diu, kaip ir b\u016bsto kainos\u201c, \u2013 teig\u0117 ekonomistas.<\/p>\n<p>\u017d. Mauricas pabr\u0117\u017e\u0117, kad lietuvi\u0173 polinkis investuoti \u012f NT artimiausiu metu netur\u0117t\u0173 silpn\u0117ti, o infliacinis spaudimas taip pat nema\u017e\u0117s.<\/p>\n<p>\u201eTuo metu itin spartus pinig\u0173 kiekio augimas sufleruoja, kad paslaug\u0173 kain\u0173 infliacija Lietuvoje i\u0161liks auk\u0161ta. Tai rei\u0161kia, kad neinvestuoti pinigai ir toliau praras savo perkam\u0105j\u0105 gali\u0105\u201c, \u2013 nurod\u0117 jis.<\/p>\n<p><img loading=\"lazy\" decoding=\"async\" class=\"wp-image-639755 size-large\" src=\"https:\/\/www.europesays.com\/lt\/wp-content\/uploads\/2026\/07\/ec498340-e8ec-11ed-82c7-a535f4b95efe-1024x607.jpg\" alt=\"\" width=\"1024\" height=\"607\"  \/>\u017d. Mauricas.<\/p>\n<p>\u017d. Mauricas: \u0161alies ekonomikos kryptis priklausys nuo pensij\u0173 l\u0117\u0161\u0173 panaudojimo<\/p>\n<p>Ekonomisto teigimu, did\u0117janti infliacija palaikys spart\u0173 darbo u\u017emokes\u010dio augim\u0105. Vis d\u0117lto, \u017d. Mauricas prid\u016br\u0117, kad nors trumpuoju laikotarpiu tai gali sudaryti augan\u010dios gerov\u0117s \u012fsp\u016bd\u012f, Lietuvos ekonomikos laukia rimti i\u0161\u0161\u016bkiai.<\/p>\n<p>Pasak jo, galimyb\u0117 atsiimti antrosios pensij\u0173 pakopos l\u0117\u0161as gali tapti svarbiu l\u016b\u017eio ta\u0161ku, nulemsian\u010diu \u0161alies ateit\u012f.<\/p>\n<p>\u201eLietuvos ekonomikos dinamika priklausys nuo to, kur investuosime i\u0161 antrosios pensij\u0173 pakopos atsiimtas l\u0117\u0161as: \u012f butus ar \u012f ma\u0161inas?\u201c,\u00a0\u2013 sak\u0117 pa\u0161nekovas.<\/p>\n<p>\u017d. Mauricas atkreip\u0117 d\u0117mes\u012f, kad gyventojai tur\u0117t\u0173 nei\u0161\u0161vaistyti laikin\u0173 vir\u0161planini\u0173 pajam\u0173, kurias sugeneruos dabartinis ekonomikos ciklas.<\/p>\n<p>\u201e2028 metais teks ma\u017einti i\u0161laidas arba kelti mokes\u010dius, ma\u017e\u0117s vartojimas, did\u0117s biud\u017eeto deficitas. Prognozuojama, kad po keleri\u0173 met\u0173 Lietuvos biud\u017eeto deficitas gali i\u0161augti net iki -5,0 proc. BVP\u201c, \u2013 pa\u017eym\u0117jo \u017d.\u00a0Mauricas.<\/p>\n<p>T. \u017diaugra: b\u016bsto rinkoje paklausa i\u0161liks, o kainos toliau augs<\/p>\n<p>NT projekt\u0173 valdymo bendrov\u0117s \u201eEIKA\u00a0Development\u201c pl\u0117tros departamento direktorius Tomas\u00a0\u017diaugra\u00a0patvirtino, kad\u00a0NT\u00a0i\u0161lieka viena patikimiausi\u0173 alternatyv\u0173 nuvert\u0117jantiems pinigams, o gyventoj\u0173 aktyvumas rinkoje artimiausiu metu tikrai neatsl\u016bgs.<\/p>\n<p>\u201eIki 2028 met\u0173 b\u016bsto rinka bus gyva. Tai ai\u0161kiai iliustruoja ir skai\u010diai \u2013 po tam tikro \u0161tilio stebimas akivaizdus nauj\u0173 but\u0173 pardavim\u0173 atsigavimas. Pavyzd\u017eiui, Vilniuje nauj\u0173 but\u0173 pardavimai per vien\u0105 ketvirt\u012f v\u0117l per\u017eeng\u0117 1,6 t\u016bkst. sandori\u0173 rib\u0105, o tai rodo gr\u012f\u017etant\u012f pirk\u0117j\u0173 pasitik\u0117jim\u0105\u201c, \u2013 sak\u0117 T.\u00a0\u017diaugra.<\/p>\n<p>\u201ePirk\u0117j\u0173 neatbaido net ir nuosekliai augan\u010dios kainos, kurios sostin\u0117je vidutini\u0161kai jau perkop\u0117 4 t\u016bkst. eur\u0173 u\u017e kvadratin\u012f metr\u0105 rib\u0105. Kadangi paklausa ir realizacijos tempai i\u0161lieka auk\u0161ti, o pirk\u0117jai aktyviai investuoja l\u0117\u0161as, joki\u0173 po\u017eymi\u0173 apie rinkos l\u0117t\u0117jim\u0105 nematyti\u201c, \u2013 t\u0119s\u0117 jis.<\/p>\n<p>Eksperto teigimu, pirk\u0117jams, kurie tikisi kain\u0173 korekcijos ir laukia geresni\u0173 laik\u0173 b\u016bstui \u012fsigyti, delsti neverta, nes joki\u0173 prielaid\u0173 pigimui rinkoje nesimato. Prie\u0161ingai \u2013 prognozuojama tolimesn\u0117 kain\u0173 augimo tendencija, kuri\u0105 dar labiau pakurstys \u012f rink\u0105 \u012fsiliejan\u010dios gyventoj\u0173 l\u0117\u0161os.<\/p>\n<p>\u201eB\u016bstas nepigs, o brangs. 2026 metais prognozuojamas 7\u20138 proc. kain\u0173 augimas. Po trumpo kain\u0173 stabilizavimosi etapo, kur\u012f steb\u0117jome pra\u0117jusiais metais, rinka v\u0117l \u012fgauna pagreit\u012f. \u0160\u012f kain\u0173 \u0161uol\u012f diktuoja ne tik atsigaunanti paklausa, bet ir objektyv\u016bs veiksniai: brangstan\u010dios statybin\u0117s med\u017eiagos, augantys reikalavimai projektams bei did\u0117jantys statybos ka\u0161tai\u201c, \u2013 nurod\u0117 jis.<\/p>\n<p>T. \u017diaugra pabr\u0117\u017e\u0117, kad tradicinis lietuvi\u0173 pasitik\u0117jimas NT turi tvirt\u0105 pagrind\u0105, o dabartin\u0117mis makroekonomin\u0117mis s\u0105lygomis investicijos \u012f b\u016bst\u0105 padeda apsisaugoti nuo infliacijos.<\/p>\n<p>\t\t\t\t\t\t\t\t\t\t\t\t <img decoding=\"async\" src=\"https:\/\/www.europesays.com\/lt\/wp-content\/uploads\/2026\/07\/1784835556_161_elta.png\"\/><\/p>\n","protected":false},"excerpt":{"rendered":"Infliacinis spaudimas Lietuvoje artimiausiais metais nema\u017e\u0117s, o neinvestuoti pinigai ir toliau praras perkam\u0105j\u0105 gali\u0105, sako banko \u201eLuminor\u201c vyriausiasis&hellip;\n","protected":false},"author":2,"featured_media":236756,"comment_status":"","ping_status":"","sticky":false,"template":"","format":"standard","meta":{"footnotes":"","_share_on_mastodon":"0"},"categories":[17],"tags":[81,37,39,36,38,40,2050,46],"class_list":["post-236755","post","type-post","status-publish","format-standard","has-post-thumbnail","category-verslas","tag-business","tag-lietuva","tag-lietuviu","tag-lithuania","tag-lithuanian","tag-lt","tag-nt","tag-verslas"],"share_on_mastodon":{"url":"https:\/\/pubeurope.com\/@lt\/116975374811379407","error":""},"_links":{"self":[{"href":"https:\/\/www.europesays.com\/lt\/wp-json\/wp\/v2\/posts\/236755","targetHints":{"allow":["GET"]}}],"collection":[{"href":"https:\/\/www.europesays.com\/lt\/wp-json\/wp\/v2\/posts"}],"about":[{"href":"https:\/\/www.europesays.com\/lt\/wp-json\/wp\/v2\/types\/post"}],"author":[{"embeddable":true,"href":"https:\/\/www.europesays.com\/lt\/wp-json\/wp\/v2\/users\/2"}],"replies":[{"embeddable":true,"href":"https:\/\/www.europesays.com\/lt\/wp-json\/wp\/v2\/comments?post=236755"}],"version-history":[{"count":0,"href":"https:\/\/www.europesays.com\/lt\/wp-json\/wp\/v2\/posts\/236755\/revisions"}],"wp:featuredmedia":[{"embeddable":true,"href":"https:\/\/www.europesays.com\/lt\/wp-json\/wp\/v2\/media\/236756"}],"wp:attachment":[{"href":"https:\/\/www.europesays.com\/lt\/wp-json\/wp\/v2\/media?parent=236755"}],"wp:term":[{"taxonomy":"category","embeddable":true,"href":"https:\/\/www.europesays.com\/lt\/wp-json\/wp\/v2\/categories?post=236755"},{"taxonomy":"post_tag","embeddable":true,"href":"https:\/\/www.europesays.com\/lt\/wp-json\/wp\/v2\/tags?post=236755"}],"curies":[{"name":"wp","href":"https:\/\/api.w.org\/{rel}","templated":true}]}}