{"id":236804,"date":"2026-07-24T15:34:57","date_gmt":"2026-07-24T15:34:57","guid":{"rendered":"https:\/\/www.europesays.com\/lt\/236804\/"},"modified":"2026-07-24T15:34:57","modified_gmt":"2026-07-24T15:34:57","slug":"ukrainos-dronai-atakavo-sankt-peterburga-respublika-lt","status":"publish","type":"post","link":"https:\/\/www.europesays.com\/lt\/236804\/","title":{"rendered":"Ukrainos dronai atakavo Sankt Peterburg\u0105 &#8211; Respublika.lt"},"content":{"rendered":"<p><img loading=\"lazy\" decoding=\"async\" src=\"https:\/\/www.respublika.lt\/lt\/naujienos\/pasaulis\/kitos_pasaulio_naujienos\/ukrainos-dronai-atakavo-sankt-peterburga\/images\/ico_camera_white.gif\" class=\"camera\" width=\"22\" height=\"15\" alt=\"nuotr.\" style=\"position:relative; top:-2px; right:2px;\"\/> 1 nuotr.<\/p>\n<p>Socialinio tinklo nuotr.<\/p>\n<p style=\"text-align: left;\">Ukrainos dronai penktadienio ryt\u0105 pataik\u0117 \u012f sand\u0117l\u012f netoli Sankt Peterburgo ir suk\u0117l\u0117 gaisr\u0105, vir\u0161 istorinio miesto pasklido d\u016bmai, prane\u0161\u0117 vietos pareig\u016bnai.<\/p>\n<p style=\"text-align: justify;\" class=\"desktop_banner\">\u00a0<\/p>\n<p style=\"text-align: left;\">Vietos \u017einiasklaida prane\u0161\u0117, kad atakos buvo nukreiptos \u012f Rusijos internetin\u0117s prekybos mil\u017ein\u0117s \u201eWildberries\u201c sand\u0117lius, o bendrov\u0117 teig\u0117, kad du jos sand\u0117liai mieste laikinai sustabd\u0117 veikl\u0105, ta\u010diau i\u0161samesn\u0117s informacijos nepateik\u0117.\u00a0<\/p>\n<p style=\"text-align: left;\">\u201eSankt Peterburg\u0105 puol\u0117 karin\u0117s paskirties nepilotuojami orlaiviai (&#8230;) pataik\u0117 \u012f civilin\u0117s infrastrukt\u016bros objektus\u201c, \u2013 socialiniuose tinkluose sak\u0117 gubernatorius Aleksandras Beglovas ir prid\u016br\u0117, kad dedamos pastangos pa\u0161alinti padarinius.<\/p>\n<p style=\"text-align: left;\">Daugiau informacijos jis nepateik\u0117.\u00a0<\/p>\n<p style=\"text-align: left;\">Pra\u0117jusi\u0105 savait\u0119 Ukrainos sm\u016bgiai kliud\u0117 kelis \u201eWildberries\u201c objektus, \u012fskaitant aptarnaujan\u010dius Maskv\u0105.\u00a0<\/p>\n<p style=\"text-align: left;\">Ukrainos prezidentas Volodymyras Zelenskis teig\u0117, kad bendrov\u0117 sand\u0117liuoja ir siun\u010dia sankcionuotos karin\u0117s \u012frangos komponentus.<\/p>\n<p style=\"text-align: left;\">Kijevas savo kampanij\u0105 vadina ilgojo nuotolio \u00a0sankcijomis ir teigia, kad atakos yra atsakas \u012f Rusijos dron\u0173 ir raket\u0173 atakas prie\u0161 jos miestus.<\/p>\n<p style=\"text-align: left;\">Kampanija suk\u0117l\u0117 degal\u0173 tr\u016bkum\u0105 visoje \u0161alyje ir, Kijevo teigimu, suma\u017eino karo biud\u017eet\u0105.<\/p>\n<p>Patiko straipsnis? Leisk mums apie tai su\u017einoti. Nepamir\u0161k pasidalinti Facebook! <\/p>\n<p><img loading=\"lazy\" decoding=\"async\" class=\"p2_social_circle_icon\" src=\"https:\/\/www.respublika.lt\/images\/thumbs_up.svg\" width=\"21\" height=\"22\" alt=\"L\"\/><\/p>\n<p><img loading=\"lazy\" decoding=\"async\" class=\"p2_social_circle_icon\" src=\"https:\/\/www.respublika.lt\/images\/facebook.svg\" alt=\"F\" width=\"22\" height=\"22\" style=\"filter: invert(37%) sepia(55%) saturate(2351%) hue-rotate(187deg) brightness(102%) contrast(106%);\"\/><\/p>\n<p>&#13;<br \/>\n\tNesutinkate &#8211; diskutuokime!<br \/>&#13;<br \/>\n\tNepykite komentatoriai, bet komentarai su keiksma\u017eod\u017eiais bus \u0161alinami automati\u0161kai, be atsipra\u0161ymo.\n    <\/p>\n<p>&#13;<br \/>\n              Respublika.lt pasilieka teis\u0119 pa\u0161alinti nekult\u016bringus, keiksma\u017eod\u017eiais pagardintus, su tema nesusijusius, kito asmens vardu pasira\u0161ytus, \u012fstatymus pa\u017eeid\u017eian\u010dius, \u0161lam\u0161t\u0105 reklamuojan\u010dius ar nusikalsti kurstan\u010dius komentarus. Jei kurstysite smurt\u0105, rasin\u0119, tautin\u0119, religin\u0119 ar kitokio pob\u016bd\u017eio neapykant\u0105, \u017evirbliu i\u0161skrid\u0119 j\u016bs\u0173 \u017eod\u017eiai gr\u012f\u017edami gali virsti ton\u0105 sverian\u010diu jau\u010diu &#8211; specialiosioms Lietuvos tarnyboms pareikalavus suteiksime j\u016bs\u0173 duomenis.\n            <\/p>\n","protected":false},"excerpt":{"rendered":"1 nuotr. Socialinio tinklo nuotr. Ukrainos dronai penktadienio ryt\u0105 pataik\u0117 \u012f sand\u0117l\u012f netoli Sankt Peterburgo ir suk\u0117l\u0117 gaisr\u0105,&hellip;\n","protected":false},"author":2,"featured_media":236805,"comment_status":"","ping_status":"","sticky":false,"template":"","format":"standard","meta":{"footnotes":"","_share_on_mastodon":"0"},"categories":[6],"tags":[25,4443,30,31,267,34,35,24,32,33,37,39,36,38,40,23,22,28,29,119,6091,26,27,360,35123],"class_list":["post-236804","post","type-post","status-publish","format-standard","has-post-thumbnail","category-antrastes","tag-antrastes","tag-ataka","tag-breaking-news","tag-breakingnews","tag-dronai","tag-featured-news","tag-featurednews","tag-headlines","tag-latest-news","tag-latestnews","tag-lietuva","tag-lietuviu","tag-lithuania","tag-lithuanian","tag-lt","tag-naujienos","tag-news","tag-populiariausios-naujienos","tag-populiariausiosnaujienos","tag-rusija","tag-sankt-peterburgas","tag-top-stories","tag-topstories","tag-ukraina","tag-wildberries"],"share_on_mastodon":{"url":"https:\/\/pubeurope.com\/@lt\/116975693383982377","error":""},"_links":{"self":[{"href":"https:\/\/www.europesays.com\/lt\/wp-json\/wp\/v2\/posts\/236804","targetHints":{"allow":["GET"]}}],"collection":[{"href":"https:\/\/www.europesays.com\/lt\/wp-json\/wp\/v2\/posts"}],"about":[{"href":"https:\/\/www.europesays.com\/lt\/wp-json\/wp\/v2\/types\/post"}],"author":[{"embeddable":true,"href":"https:\/\/www.europesays.com\/lt\/wp-json\/wp\/v2\/users\/2"}],"replies":[{"embeddable":true,"href":"https:\/\/www.europesays.com\/lt\/wp-json\/wp\/v2\/comments?post=236804"}],"version-history":[{"count":0,"href":"https:\/\/www.europesays.com\/lt\/wp-json\/wp\/v2\/posts\/236804\/revisions"}],"wp:featuredmedia":[{"embeddable":true,"href":"https:\/\/www.europesays.com\/lt\/wp-json\/wp\/v2\/media\/236805"}],"wp:attachment":[{"href":"https:\/\/www.europesays.com\/lt\/wp-json\/wp\/v2\/media?parent=236804"}],"wp:term":[{"taxonomy":"category","embeddable":true,"href":"https:\/\/www.europesays.com\/lt\/wp-json\/wp\/v2\/categories?post=236804"},{"taxonomy":"post_tag","embeddable":true,"href":"https:\/\/www.europesays.com\/lt\/wp-json\/wp\/v2\/tags?post=236804"}],"curies":[{"name":"wp","href":"https:\/\/api.w.org\/{rel}","templated":true}]}}