{"id":236827,"date":"2026-07-24T15:57:36","date_gmt":"2026-07-24T15:57:36","guid":{"rendered":"https:\/\/www.europesays.com\/lt\/236827\/"},"modified":"2026-07-24T15:57:36","modified_gmt":"2026-07-24T15:57:36","slug":"lenkijos-valdzia-paprase-kijevo-paraginti-ukrainiecius-laikytis-tvarkos-respublika-lt","status":"publish","type":"post","link":"https:\/\/www.europesays.com\/lt\/236827\/","title":{"rendered":"Lenkijos vald\u017eia papra\u0161\u0117 Kijevo paraginti ukrainie\u010dius laikytis tvarkos &#8211; Respublika.lt"},"content":{"rendered":"<p><img loading=\"lazy\" decoding=\"async\" src=\"https:\/\/www.respublika.lt\/lt\/naujienos\/pasaulis\/kitos_pasaulio_naujienos\/lenkijoje-pastebimai-stipreja-agresija-pabegeliu-ukrainieciu-atzvilgiu\/images\/ico_camera_white.gif\" class=\"camera\" width=\"22\" height=\"15\" alt=\"nuotr.\" style=\"position:relative; top:-2px; right:2px;\"\/> 1 nuotr.<\/p>\n<p>Asociatyvi Pexels.com nuotr.<\/p>\n<p style=\"text-align: justify;\" class=\"desktop_banner\">\u00a0<\/p>\n<p>Per pusmet\u012f Lenkijos policija gavo 180 prane\u0161im\u0173 apie neapykantos nusikaltimus prie\u0161 Ukrainos pilie\u010dius &#8211; tre\u010ddaliu daugiau nei 2025 m.<\/p>\n<p>Nerim\u0105 kelianti statistika<\/p>\n<p>Lenkijoje nesantaikos ir i\u0161puoli\u0173 d\u0117l etnini\u0173 prie\u017eas\u010di\u0173 skai\u010dius nuolat auga, rodo Vyriausiojo policijos biuro laikra\u0161\u010diui \u201eRzeczpospolita&#8221; pateikti duomenys.<\/p>\n<p>\u0160\u012f m\u0117nes\u012f didelio atgarsio sulauk\u0117 grubus suaugusio lenko \u017eodinis i\u0161puolis prie\u0161 11-metes ukrainietes.<\/p>\n<p>Incidentas \u012fvyko autobuse Bielsko-Bialos mieste, 54 m. vyrui pareik\u0161ti kaltinimai pagal Baud\u017eiamojo kodekso 257 str., numatant\u012f iki trej\u0173 met\u0173 laisv\u0117s at\u0117mimo bausm\u0119.<\/p>\n<p>Statistika patvirtina, kad tokie epizodai pasitaiko vis da\u017eniau.<\/p>\n<p>2024 m. Lenkijoje gyvenantys ukrainie\u010diai pateik\u0117 267 skundus d\u0117l \u201eneapykantos nusikaltim\u0173&#8221;, kuri\u0173 aukomis jie tapo.<\/p>\n<p>2025 m. toki\u0173 parai\u0161k\u0173 buvo 275, o per pirmuosius \u0161e\u0161is \u0161i\u0173 met\u0173 m\u0117nesius &#8211; jau 180.<\/p>\n<p>Metiniu vertinimu incident\u0173 skai\u010dius nuo 2025 m. padid\u0117jo 30 proc., o nuo 2024 m. &#8211; 35 proc.<\/p>\n<p>\u012esiki\u0161o politikai<\/p>\n<p>D\u0117l dabartin\u0117s situacijos politikai kaltina vieni kitus.<\/p>\n<p>Vidaus reikal\u0173 ir administracijos ministras Marcinas Kervinskis (Marcin Kerwinski) tinkle \u201eX&#8221; ra\u0161\u0117: \u201eJaroslavas Ka\u010dynskis (Jaroslaw Kaczynski), G\u017eego\u017eas Braunas (Grzegorz Braun) ir P\u017eemyslavas \u010carnekas (Przemys\u0142aw Czarnek) daro daug, kad pasiekt\u0173, jog rudoji banga u\u017eliet\u0173 \u0161al\u012f, o aukomis tampa tiek lenkai, tiek u\u017esienie\u010diai. Informuoju visus, kurie m\u0117gaujasi neapykanta: policija visada reaguos ry\u017etingai. Jokios tolerancijos!&#8221;<\/p>\n<p>Opozicin\u0117s partijos \u201eTeis\u0117 ir teisingumas&#8221; atstovas Rafalas Bo\u010denekas (Rafal Bochenek) pabr\u0117\u017e\u0117, kad visos smurto ir agresijos formos &#8211; tiek fizin\u0117s, tiek \u017eodin\u0117s, ypa\u010d prie\u0161 silpnesnius, \u012fskaitant vaikus &#8211; turi b\u016bti pasmerktos, o kaltininkai &#8211; patraukti atsakomyb\u0117n.<\/p>\n<p>Jo nuomone, u\u017e tokius i\u0161puolius atsakingi ministras pirmininkas Donaldas Tuskas ir vidaus reikal\u0173 ministras M.Kervinskis.<\/p>\n<p>Lenkijos gynybos ministras Vladislavas Kosiniakas-Kamy\u0161as pareikalavo, kad Kijevas paragint\u0173 Ukrainos pab\u0117g\u0117lius nepa\u017eeidin\u0117ti tvarkos.<\/p>\n<p>Jis primin\u0117, kaip ukrainie\u010di\u0173 tinklara\u0161tininkas Andrejus Gavrilovas automobiliu \u012fva\u017eiavo \u012f nacionalinio parko teritorij\u0105, kur transporto eismas draud\u017eiamas.<\/p>\n<p>\u0160alies policija d\u0117l \u012ftarim\u0173 neapykantos nusikaltimais liep\u0105 sulaik\u0117 18-os ir 23-ej\u0173 met\u0173 ukrainie\u010dius.<\/p>\n<p>Liepos prad\u017eioje Bytove trys ukrainie\u010diai sumu\u0161\u0117 36 m. vyr\u0105 ir 44 m. moter\u012f.<\/p>\n<p>V\u0117liau vyras nuo patirt\u0173 su\u017ealojim\u0173 mir\u0117.<\/p>\n<p>\u017dvilgsnis i\u0161 \u0161alies<\/p>\n<p>Ukrainos aktyvist\u0117 Lenkijoje Natalija Pan\u010denko i\u0161 grup\u0117s \u201eStand With Ukraine&#8221; po incidento su 11-met\u0117mis mergait\u0117mis feisbuko paskyroje paband\u0117 suma\u017einti tarp ukrainie\u010di\u0173 ir lenk\u0173 kilusi\u0105 \u012ftamp\u0105.<\/p>\n<p>\u201eValstyb\u0117 kovoja su ksenofobais. Lenkija &#8211; teisin\u0117 valstyb\u0117. \u010cia dirba teis\u0117saugos institucijos, teismai ir galioja \u012fstatymai. Tod\u0117l b\u016btina siekti konkretaus nusikalt\u0117lio atsakomyb\u0117s, o ne perkelti jo veiksmus visai tautai.<\/p>\n<p>Pa\u017e\u012fstu daug lenk\u0173, kurie daug met\u0173 padeda Ukrainai. Ir ka\u017ekoks kvailys autobuse n\u0117ra visa Lenkija. Kaip ir bet kuris nusikalt\u0117lis tarp ukrainie\u010di\u0173, tai n\u0117ra visa Ukraina&#8221;, &#8211; ra\u0161\u0117 ji.<\/p>\n","protected":false},"excerpt":{"rendered":"1 nuotr. Asociatyvi Pexels.com nuotr. \u00a0 Per pusmet\u012f Lenkijos policija gavo 180 prane\u0161im\u0173 apie neapykantos nusikaltimus prie\u0161 Ukrainos&hellip;\n","protected":false},"author":2,"featured_media":236828,"comment_status":"","ping_status":"","sticky":false,"template":"","format":"standard","meta":{"footnotes":"","_share_on_mastodon":"0"},"categories":[15],"tags":[25,30,31,34,35,24,11614,35127,32,33,140,37,39,36,38,40,23,3367,22,2716,2143,44,28,29,26,27,2098,74,75,76],"class_list":["post-236827","post","type-post","status-publish","format-standard","has-post-thumbnail","category-pasaulis","tag-antrastes","tag-breaking-news","tag-breakingnews","tag-featured-news","tag-featurednews","tag-headlines","tag-istatymai","tag-kosiniakas-kamysas","tag-latest-news","tag-latestnews","tag-lenkija","tag-lietuva","tag-lietuviu","tag-lithuania","tag-lithuanian","tag-lt","tag-naujienos","tag-neapykanta","tag-news","tag-nusikaltimai","tag-pabegeliai","tag-pasaulis","tag-populiariausios-naujienos","tag-populiariausiosnaujienos","tag-top-stories","tag-topstories","tag-ukrainieciai","tag-world","tag-world-news","tag-worldnews"],"share_on_mastodon":{"url":"https:\/\/pubeurope.com\/@lt\/116975779727340770","error":""},"_links":{"self":[{"href":"https:\/\/www.europesays.com\/lt\/wp-json\/wp\/v2\/posts\/236827","targetHints":{"allow":["GET"]}}],"collection":[{"href":"https:\/\/www.europesays.com\/lt\/wp-json\/wp\/v2\/posts"}],"about":[{"href":"https:\/\/www.europesays.com\/lt\/wp-json\/wp\/v2\/types\/post"}],"author":[{"embeddable":true,"href":"https:\/\/www.europesays.com\/lt\/wp-json\/wp\/v2\/users\/2"}],"replies":[{"embeddable":true,"href":"https:\/\/www.europesays.com\/lt\/wp-json\/wp\/v2\/comments?post=236827"}],"version-history":[{"count":0,"href":"https:\/\/www.europesays.com\/lt\/wp-json\/wp\/v2\/posts\/236827\/revisions"}],"wp:featuredmedia":[{"embeddable":true,"href":"https:\/\/www.europesays.com\/lt\/wp-json\/wp\/v2\/media\/236828"}],"wp:attachment":[{"href":"https:\/\/www.europesays.com\/lt\/wp-json\/wp\/v2\/media?parent=236827"}],"wp:term":[{"taxonomy":"category","embeddable":true,"href":"https:\/\/www.europesays.com\/lt\/wp-json\/wp\/v2\/categories?post=236827"},{"taxonomy":"post_tag","embeddable":true,"href":"https:\/\/www.europesays.com\/lt\/wp-json\/wp\/v2\/tags?post=236827"}],"curies":[{"name":"wp","href":"https:\/\/api.w.org\/{rel}","templated":true}]}}