{"id":236887,"date":"2026-07-24T17:53:08","date_gmt":"2026-07-24T17:53:08","guid":{"rendered":"https:\/\/www.europesays.com\/lt\/236887\/"},"modified":"2026-07-24T17:53:08","modified_gmt":"2026-07-24T17:53:08","slug":"urm-iteike-protesto-nota-rusijai-del-ataku-pries-civilius-ukrainoje-respublika-lt","status":"publish","type":"post","link":"https:\/\/www.europesays.com\/lt\/236887\/","title":{"rendered":"URM \u012fteik\u0117 protesto not\u0105 Rusijai d\u0117l atak\u0173 prie\u0161 civilius Ukrainoje &#8211; Respublika.lt"},"content":{"rendered":"<p><img loading=\"lazy\" decoding=\"async\" src=\"https:\/\/www.respublika.lt\/lt\/naujienos\/lietuva\/lietuvos_politika\/urm-iteike-protesto-nota-rusijai-del-ataku-pries-civilius-ukrainoje\/images\/ico_camera_white.gif\" class=\"camera\" width=\"22\" height=\"15\" alt=\"nuotr.\" style=\"position:relative; top:-2px; right:2px;\"\/> 1 nuotr.<\/p>\n<p>K\u0119stutis Budrys. Eltos nuotr.<\/p>\n<p style=\"text-align: left;\">Rusijos ambasados Lietuvoje atstovui \u012fteikta protesto nota d\u0117l tolesnio masinio raket\u0173 ir kovini\u0173 dron\u0173 naudojimo prie\u0161 Ukrainos civilius gyventojus ir civilin\u0117ms reikm\u0117ms naudojam\u0105 infrastrukt\u016br\u0105, taip pat d\u0117l daugkartini\u0173 i\u0161puoli\u0173 prie\u0161 civilius laivus Juodojoje j\u016broje, prane\u0161\u0117 U\u017esienio reikal\u0173 ministerija (URM).<\/p>\n<p style=\"text-align: justify;\" class=\"desktop_banner\">\u00a0<\/p>\n<p style=\"text-align: left;\">\u00a0<\/p>\n<p style=\"text-align: left;\">Skelbiama, kad Lietuva pasmerk\u0117 daugiau kaip 40 balistini\u0173 bei vir\u0161garsini\u0173 raket\u0173 panaudojim\u0105 liepos 18\u201319 d. surengtose atakose prie\u0161 taikinius Kijeve ir kituose Ukrainos miestuose, per kurias nukent\u0117jo daug gyvenam\u0173j\u0173 nam\u0173 ir kit\u0173 civili\u0173 objekt\u0173.\u00a0<\/p>\n<p style=\"text-align: left;\">Anot URM, \u012fteiktoje notoje taip pat atkreipiamas d\u0117mesys \u012f tai, kad Jungtini\u0173 Taut\u0173 (JT) \u017dmogaus teisi\u0173 steb\u0117jimo misijos Ukrainoje duomenimis, 2026 m. bir\u017eelio m\u0117nes\u012f Rusijos Federacija nu\u017eud\u0117 ir su\u017ealojo daugiausiai Ukrainos civili\u0173 gyventoj\u0173 nuo 2022 m. baland\u017eio \u2013 misija u\u017efiksavo bent 293 civili\u0173 \u017e\u016btis ir beveik 2 t\u016bkst. su\u017eeist\u0173j\u0173.<\/p>\n<p style=\"text-align: left;\">Be to, Lietuva i\u0161rei\u0161k\u0117 grie\u017et\u0105 protest\u0105 d\u0117l Rusijos i\u0161puoli\u0173 prie\u0161 civilius laivus Juodojoje j\u016broje, ypa\u010d pabr\u0117\u017edama liepos 19 d. sm\u016bg\u012f su Bisau Gvin\u0117jos v\u0117liava plaukusiam ir gr\u016bdus i\u0161 Ukrainos gabenusiam Turkijos sausakr\u016bviui \u201eGolden Leo\u201c, d\u0117l kurio \u017euvo 10 j\u016brinink\u0173, dar a\u0161tuoni laivo \u012fgulos nariai buvo su\u017eeisti.<\/p>\n<p style=\"text-align: left;\">Anot ministerijos, notoje Lietuva dar kart pareikalavo, kad Rusija nedelsdama nutraukt\u0173 savo agresij\u0105 prie\u0161 Ukrain\u0105, i\u0161vest\u0173 okupacines paj\u0117gas i\u0161 visos tarptautiniu mastu pripa\u017eintos Ukrainos teritorijos ir atlygint\u0173 Ukrainai padarytus nuostolius.<\/p>\n<p>Patiko straipsnis? Leisk mums apie tai su\u017einoti. Nepamir\u0161k pasidalinti Facebook! <\/p>\n<p><img loading=\"lazy\" decoding=\"async\" class=\"p2_social_circle_icon\" src=\"https:\/\/www.respublika.lt\/images\/thumbs_up.svg\" width=\"21\" height=\"22\" alt=\"L\"\/><\/p>\n<p><img loading=\"lazy\" decoding=\"async\" class=\"p2_social_circle_icon\" src=\"https:\/\/www.respublika.lt\/images\/facebook.svg\" alt=\"F\" width=\"22\" height=\"22\" style=\"filter: invert(37%) sepia(55%) saturate(2351%) hue-rotate(187deg) brightness(102%) contrast(106%);\"\/><\/p>\n<p>&#13;<br \/>\n\tNesutinkate &#8211; diskutuokime!<br \/>&#13;<br \/>\n\tNepykite komentatoriai, bet komentarai su keiksma\u017eod\u017eiais bus \u0161alinami automati\u0161kai, be atsipra\u0161ymo.\n    <\/p>\n<p>&#13;<br \/>\n              Respublika.lt pasilieka teis\u0119 pa\u0161alinti nekult\u016bringus, keiksma\u017eod\u017eiais pagardintus, su tema nesusijusius, kito asmens vardu pasira\u0161ytus, \u012fstatymus pa\u017eeid\u017eian\u010dius, \u0161lam\u0161t\u0105 reklamuojan\u010dius ar nusikalsti kurstan\u010dius komentarus. Jei kurstysite smurt\u0105, rasin\u0119, tautin\u0119, religin\u0119 ar kitokio pob\u016bd\u017eio neapykant\u0105, \u017evirbliu i\u0161skrid\u0119 j\u016bs\u0173 \u017eod\u017eiai gr\u012f\u017edami gali virsti ton\u0105 sverian\u010diu jau\u010diu &#8211; specialiosioms Lietuvos tarnyboms pareikalavus suteiksime j\u016bs\u0173 duomenis.\n            <\/p>\n","protected":false},"excerpt":{"rendered":"1 nuotr. K\u0119stutis Budrys. Eltos nuotr. Rusijos ambasados Lietuvoje atstovui \u012fteikta protesto nota d\u0117l tolesnio masinio raket\u0173 ir&hellip;\n","protected":false},"author":2,"featured_media":236888,"comment_status":"","ping_status":"","sticky":false,"template":"","format":"standard","meta":{"footnotes":"","_share_on_mastodon":"0"},"categories":[13],"tags":[25,30,31,34,35,24,32,33,37,39,36,38,40,23,22,13301,28,29,27847,26,27,1502],"class_list":["post-236887","post","type-post","status-publish","format-standard","has-post-thumbnail","category-lietuva","tag-antrastes","tag-breaking-news","tag-breakingnews","tag-featured-news","tag-featurednews","tag-headlines","tag-latest-news","tag-latestnews","tag-lietuva","tag-lietuviu","tag-lithuania","tag-lithuanian","tag-lt","tag-naujienos","tag-news","tag-nota","tag-populiariausios-naujienos","tag-populiariausiosnaujienos","tag-protesto","tag-top-stories","tag-topstories","tag-urm"],"share_on_mastodon":{"url":"https:\/\/pubeurope.com\/@lt\/116976236049197858","error":""},"_links":{"self":[{"href":"https:\/\/www.europesays.com\/lt\/wp-json\/wp\/v2\/posts\/236887","targetHints":{"allow":["GET"]}}],"collection":[{"href":"https:\/\/www.europesays.com\/lt\/wp-json\/wp\/v2\/posts"}],"about":[{"href":"https:\/\/www.europesays.com\/lt\/wp-json\/wp\/v2\/types\/post"}],"author":[{"embeddable":true,"href":"https:\/\/www.europesays.com\/lt\/wp-json\/wp\/v2\/users\/2"}],"replies":[{"embeddable":true,"href":"https:\/\/www.europesays.com\/lt\/wp-json\/wp\/v2\/comments?post=236887"}],"version-history":[{"count":0,"href":"https:\/\/www.europesays.com\/lt\/wp-json\/wp\/v2\/posts\/236887\/revisions"}],"wp:featuredmedia":[{"embeddable":true,"href":"https:\/\/www.europesays.com\/lt\/wp-json\/wp\/v2\/media\/236888"}],"wp:attachment":[{"href":"https:\/\/www.europesays.com\/lt\/wp-json\/wp\/v2\/media?parent=236887"}],"wp:term":[{"taxonomy":"category","embeddable":true,"href":"https:\/\/www.europesays.com\/lt\/wp-json\/wp\/v2\/categories?post=236887"},{"taxonomy":"post_tag","embeddable":true,"href":"https:\/\/www.europesays.com\/lt\/wp-json\/wp\/v2\/tags?post=236887"}],"curies":[{"name":"wp","href":"https:\/\/api.w.org\/{rel}","templated":true}]}}