{"id":236920,"date":"2026-07-24T19:06:25","date_gmt":"2026-07-24T19:06:25","guid":{"rendered":"https:\/\/www.europesays.com\/lt\/236920\/"},"modified":"2026-07-24T19:06:25","modified_gmt":"2026-07-24T19:06:25","slug":"rusijoje-naktine-dronu-ataka-liepsnojo-wildberries-sandeliai","status":"publish","type":"post","link":"https:\/\/www.europesays.com\/lt\/236920\/","title":{"rendered":"Rusijoje \u2013 naktin\u0117 dron\u0173 ataka: liepsnojo \u201eWildberries\u201c sand\u0117liai"},"content":{"rendered":"<p>Kaip prane\u0161\u0117 Rusijos \u201eTelegram\u201c kanalai, Sankt Peterburge esantis \u201eWildberries\u201c logistikos centras buvo vienas i\u0161 objekt\u0173, kuriems smog\u0117 Ukrainos dronai. Sand\u0117lyje kilo did\u017eiulis gaisras.<\/p>\n<p>Gyventojai socialiniuose tinkluose dalinosi vaizdo \u012fra\u0161ais, kuriuose matyti vir\u0161 miesto kylantys tir\u0161ti juodi d\u016bmai. Taip pat buvo prane\u0161ta apie sm\u016bg\u012f \u012f logistikos park\u0105 \u201eUtkin Zavod\u201c, kuriame ir yra \u012fsik\u016br\u0119s \u201eWildberries\u201c objektas.<\/p>\n<p>Sankt Peterburgo gubernatorius Aleksandras Beglovas patvirtino naktin\u0119 dron\u0173 atak\u0105. \u201eTelegram\u201c platformoje jis prane\u0161\u0117, kad i\u0161puolis buvo nukreiptas prie\u0161 nenurodytus \u201ecivilin\u0117s infrastrukt\u016bros objektus prie Moskovskoj\u0117s greitkelio\u201c.<\/p>\n<p>Penktadienio nakt\u012f Rusijos \u201eTelegram\u201c \u017einiasklaidos kanaluose taip pat i\u0161plito vaizdai, kuriuose matomas didelis gaisras, galimai kil\u0119s \u201eWildberries\u201c objekte Simferopolyje. \u0160is sand\u0117li\u0173 kompleksas yra pagrindinis logistikos centras Rusijos okupuotame Krymo pusiasalyje.<\/p>\n<p>\u201eWildberries\u201c atstovai v\u0117liau patvirtino, kad buvo smogta \u012f vien\u0105 i\u0161 bendrov\u0117s sand\u0117li\u0173 Simferopolyje, ta\u010diau nepateik\u0117 i\u0161sami\u0173 duomen\u0173 apie \u017ealos mast\u0105 ar galimus veiklos sutrikimus.<\/p>\n<p>V\u0117liau nakt\u012f vietos gyventojai taip pat prane\u0161\u0117 apie gaisr\u0105 \u201eWildberries\u201c logistikos centre Rusijos mieste Tver\u0117je. Po prane\u0161im\u0173 apie sm\u016bg\u012f vir\u0161 miesto pakilo tir\u0161ti d\u016bm\u0173 debesys. \u017dalos mastas kol kas n\u0117ra ai\u0161kus.<\/p>\n<p>\u201eThe Kyiv Independent\u201c negal\u0117jo i\u0161 karto patikrinti \u0161i\u0173 prane\u0161im\u0173. Ukrainos kariuomen\u0117 taip pat dar nepateik\u0117 komentaro apie \u0161iuos i\u0161puolius.<\/p>\n","protected":false},"excerpt":{"rendered":"Kaip prane\u0161\u0117 Rusijos \u201eTelegram\u201c kanalai, Sankt Peterburge esantis \u201eWildberries\u201c logistikos centras buvo vienas i\u0161 objekt\u0173, kuriems smog\u0117 Ukrainos&hellip;\n","protected":false},"author":2,"featured_media":236921,"comment_status":"","ping_status":"","sticky":false,"template":"","format":"standard","meta":{"footnotes":"","_share_on_mastodon":"0"},"categories":[15],"tags":[25,30,31,34,35,24,121,32,33,37,39,36,38,40,23,22,44,28,29,26,27,35123,74,75,76],"class_list":["post-236920","post","type-post","status-publish","format-standard","has-post-thumbnail","category-pasaulis","tag-antrastes","tag-breaking-news","tag-breakingnews","tag-featured-news","tag-featurednews","tag-headlines","tag-karas-ukrainoje","tag-latest-news","tag-latestnews","tag-lietuva","tag-lietuviu","tag-lithuania","tag-lithuanian","tag-lt","tag-naujienos","tag-news","tag-pasaulis","tag-populiariausios-naujienos","tag-populiariausiosnaujienos","tag-top-stories","tag-topstories","tag-wildberries","tag-world","tag-world-news","tag-worldnews"],"share_on_mastodon":{"url":"https:\/\/pubeurope.com\/@lt\/116976522777816969","error":""},"_links":{"self":[{"href":"https:\/\/www.europesays.com\/lt\/wp-json\/wp\/v2\/posts\/236920","targetHints":{"allow":["GET"]}}],"collection":[{"href":"https:\/\/www.europesays.com\/lt\/wp-json\/wp\/v2\/posts"}],"about":[{"href":"https:\/\/www.europesays.com\/lt\/wp-json\/wp\/v2\/types\/post"}],"author":[{"embeddable":true,"href":"https:\/\/www.europesays.com\/lt\/wp-json\/wp\/v2\/users\/2"}],"replies":[{"embeddable":true,"href":"https:\/\/www.europesays.com\/lt\/wp-json\/wp\/v2\/comments?post=236920"}],"version-history":[{"count":0,"href":"https:\/\/www.europesays.com\/lt\/wp-json\/wp\/v2\/posts\/236920\/revisions"}],"wp:featuredmedia":[{"embeddable":true,"href":"https:\/\/www.europesays.com\/lt\/wp-json\/wp\/v2\/media\/236921"}],"wp:attachment":[{"href":"https:\/\/www.europesays.com\/lt\/wp-json\/wp\/v2\/media?parent=236920"}],"wp:term":[{"taxonomy":"category","embeddable":true,"href":"https:\/\/www.europesays.com\/lt\/wp-json\/wp\/v2\/categories?post=236920"},{"taxonomy":"post_tag","embeddable":true,"href":"https:\/\/www.europesays.com\/lt\/wp-json\/wp\/v2\/tags?post=236920"}],"curies":[{"name":"wp","href":"https:\/\/api.w.org\/{rel}","templated":true}]}}