{"id":237142,"date":"2026-07-25T07:47:20","date_gmt":"2026-07-25T07:47:20","guid":{"rendered":"https:\/\/www.europesays.com\/lt\/237142\/"},"modified":"2026-07-25T07:47:20","modified_gmt":"2026-07-25T07:47:20","slug":"prezidento-patareja-del-pupp-svarbu-uztikrinti-paruosima","status":"publish","type":"post","link":"https:\/\/www.europesays.com\/lt\/237142\/","title":{"rendered":"Prezidento patar\u0117ja d\u0117l PUPP: svarbu u\u017etikrinti paruo\u0161im\u0105"},"content":{"rendered":"<p>\u201ePrezidento pagrindinis tikslas yra u\u017etikrinti, kad Lietuvos valstyb\u0117, i\u0161duodama pagrindinio i\u0161silavinimo pa\u017eym\u0117jim\u0105, kartu paliudys, kad vaikas per 10 met\u0173 pasiek\u0117 tam tikro slenkstinio pasiekim\u0173 lygmens ir sudarys jam s\u0105lygas t\u0119sti ugdym\u0105si kitose \u0161akose, pavyzd\u017eiui, bendrajame ugdyme ar profesiniame ugdyme \u2013 \u010dia kaip vaikas pasirinks\u201c, \u2013 \u017eurnalistams penktadien\u012f sak\u0117 prezidento patar\u0117ja.<\/p>\n<p>\u201eBet svarbiausias tikslas yra, kad kiekvienas vaikas pasiekt\u0173 pagrindinio ugdymo bent slenkstin\u012f lyg\u012f\u201c, \u2013 kalb\u0117jo ji.<\/p>\n<p>Pasak J. Litvinait\u0117s, Lietuva, tur\u0117dama l\u016bkest\u012f tapti auk\u0161t\u0173 technologij\u0173 \u0161alimi, negali sau leisti i\u0161silavinimo vertinti tik mokykloje praleistais metais.<\/p>\n<p>\u201e\u012evesti taisykl\u0119, kad i\u0161silavinim\u0105 nurodo metai, praleisti mokykloje, vietoje to, kad i\u0161silavinim\u0105 \u012frodo tavo pasiekti rezultatai \u2013 mes kaip ma\u017ea \u0161alis, kaip turinti l\u016bkest\u012f tapti auk\u0161t\u0173 technologij\u0173 \u0161alimi, auk\u0161tos darbo j\u0117gos klas\u0117s \u0161alimi, na negalime sau to leisti\u201c, \u2013 teig\u0117 ji.<\/p>\n<p>Sprendim\u0105 d\u0117l PUPP Naus\u0117da gr\u0105\u017eino Seimui<\/p>\n<p>Prezidento patar\u0117ja komentavo Gitano Naus\u0117dos anks\u010diau penktadien\u012f priimt\u0105 sprendim\u0105 gr\u0105\u017einti Seimui pakartotinai svarstyti priimtas \u012fstatymo pataisas, kuriomis at\u0161aukiami nuo rugs\u0117jo tur\u0117j\u0119 \u012fsigalioti grie\u017etesni reikalavimai pagrindiniam i\u0161silavinimui.<\/p>\n<p>Pasak prezident\u016bros, G. Naus\u0117da pasi\u016bl\u0117 nustatyti, jog reikalavimas, pagal kur\u012f pagrindinis i\u0161silavinimas b\u016bt\u0173 \u012fgyjamas tik Pagrindinio ugdymo pasiekim\u0173 patikrinimo (PUPP) metu pasiekus bent slenkstin\u012f pasiekim\u0173 lyg\u012f, \u012fsigaliot\u0173 nuo 2029 met\u0173 rugs\u0117jo 1 dienos.<\/p>\n<p>\u201ePrezidentas, pasitar\u0119s su \u0161vietimo bendruomene, praktikais ekspertais, pri\u0117m\u0117 sprendim\u0105 pra\u0161yti Seimo pergalvoti \u0161it\u0105 savo nutarim\u0105 ir palikti PUPP&#8217;\u0105 kaip b\u016btin\u0105 slenkstinio lygio reikalavim\u0105, bet j\u012f atidedant trim metam ir taikyti nuo 2029-\u0173j\u0173 rugs\u0117jo 1-os. Prezidentas tikisi, kad t\u0173 trij\u0173 met\u0173 u\u017eteks pasiruo\u0161ti vis\u0105 mokiniui pagalbos paket\u0105 ir kartu pasiruo\u0161ti visas galimas mokinio karjeros, ateities mokymosi kryptis, nei\u0161metant n\u0117 vieno \u017emogaus i\u0161 sistemos\u201c, \u2013 kalb\u0117jo J. Litvinait\u0117.<\/p>\n<p>Prezident\u016bros teigimu, reikalavimo PUPP i\u0161laikyti bent slenkstiniu lygiu panaikinimas neb\u016bt\u0173 tinkamas sprendimas, ta\u010diau taikyti \u0161\u012f reikalavim\u0105 jau nuo \u0161i\u0173 met\u0173 rugs\u0117jo 1 d. visa apimtimi taip pat b\u016bt\u0173 neproporcinga, kol neu\u017etikrintas pakankamas mokymosi pagalbos prieinamumas. <\/p>\n<p>Tod\u0117l \u012fsigaliojim\u0105 si\u016bloma atid\u0117ti, iki tol stiprinant mokymosi pagalb\u0105, vertinant PUPP validum\u0105 ir patikimum\u0105, pl\u0117tojant profesinio, modulinio ir kit\u0173 t\u0119stini\u0173 mokymosi form\u0173 prieinamum\u0105. <\/p>\n<p>J. Litvinait\u0117 sak\u0117, kad per \u0161\u012f trej\u0173 met\u0173 laikotarp\u012f \u0160vietimo, mokslo ir sporto ministerija paruo\u0161 tiek alternatyvas, tiek u\u017etikrins geresn\u012f pasiruo\u0161im\u0105 PUPP, kad nei\u0161laikan\u010di\u0173j\u0173 \u017eenkliai suma\u017e\u0117t\u0173.<\/p>\n<p>\u201eM\u016bs\u0173 darbas dabar yra trys metai susiremti ir stengtis \u2013 \u017einoma, jeigu Seimas pritars prezidento si\u016blymui\u201c, \u2013 kalb\u0117jo ji.<\/p>\n<p>Mes tikim\u0117s, kad ministr\u0117 supras, kad reikia nedelsiant sukurti pagalbos sistem\u0105. Mes supratome i\u0161 diskusijos, kuri vyko vakar pas mus r\u016bmuose, kad vis d\u0117lto pagrindin\u0117 problema yra ne slenkstiniai pasiekimai ar patys Pagrindinio ugdymo patikrinimo procesai \u2013 pagrindin\u0117 problema yra tas 20 proc. arba penktadalis netgi kartais vaik\u0173, nei\u0161laikan\u010di\u0173.<\/p>\n<p>J. Litvinait\u0117<\/p>\n<p>Litvinait\u0117: turime sav\u0119s klausti: ko nepadar\u0117me, jei vaikas per 10 met\u0173 nepasiek\u0117 ketverto?<\/p>\n<p>Kaip skelb\u0117 prezident\u016bra, G. Naus\u0117dos teigimu, pagrindinio i\u0161silavinimo pa\u017eym\u0117jimas turi parodyti, kad \u017emogus yra \u012fgij\u0119s bent pagrindines mokykloje numatytas \u017einias ir geb\u0117jimus. Slenkstinis pasiekim\u0173 lygis, pasak jo, n\u0117ra auk\u0161tas ar atrankinis reikalavimas \u2013 tai tik minimalus rezultatas, kur\u012f tur\u0117t\u0173 pasiekti baig\u0119s pagrindinio ugdymo program\u0105 mokinys.<\/p>\n<p>\u201eJeigu mes suteikiame pa\u017eym\u0117jim\u0105, liudijant\u012f, kad vaikas \u012fsisavino pagrindin\u012f ugdym\u0105, tas pa\u017eym\u0117jimas turi atspind\u0117ti ties\u0105.  Jeigu ne\u012fsisavino, turime klausti, ko mes, suaug\u0119, nepadar\u0117me, kaip nutiko, kad vaikas per 10 met\u0173 nepasiek\u0117 ketverto?\u201c \u2013 sak\u0117 prezidento patar\u0117ja.<\/p>\n<p>Ji pasteb\u0117jo, kad Valstyb\u0117s kontrol\u0117s auditas neseniai atskleid\u0117, jog tik pus\u0117 vaik\u0173 gauna vis\u0105 jiems priklausan\u010di\u0105 pagalb\u0105. <\/p>\n<p>\u201eM\u016bs\u0173 si\u016blymas yra labai konkretus: pirmiausia sustyguoti pagalbos sistem\u0105, pasi\u017ei\u016br\u0117ti, kod\u0117l kai kuriose savivaldyb\u0117se pagalbos sistema neveikia? Grei\u010diausiai savivaldyb\u0117ms yra per sunki na\u0161ta vienoms b\u016bti atsakingoms u\u017e pagalbos mokiniams organizavim\u0105\u201c, \u2013 kalb\u0117jo prezidento patar\u0117ja.<\/p>\n<p>    <img decoding=\"async\" src=\"https:\/\/www.europesays.com\/lt\/wp-content\/uploads\/2026\/07\/598dea27-5920-4790-99aa-784353abb0c7.jpg\" loading=\"lazy\" alt=\"Mokykla, asociatyvi nuotr.\"\/>    <\/p>\n<p>Pasak jos, itin svarbu ir numatyti alternatyvas ir tiems, kurie vis d\u0117lto \u0161io slenks\u010dio neperkopia: \u201etai gal\u0117t\u0173 b\u016bti ir parengiamojo kurso suorganizavimas, ir vasaros stovykl\u0173 organizavimas, ir, \u017einoma, svarbiausia, pagalba ankstyvuose laikotarpiuose\u201c.<\/p>\n<p>Ji teig\u0117, kad net apie penktadaliui vaik\u0173 \u0161io patikrinimo nei\u0161laikant, to negalima suversti stresui \u2013 tai gal\u0117t\u0173 paai\u0161kinti keli procentai.<\/p>\n<p>\u201ePa\u010diai ministrei nuolat kartojant, kad 5 t\u016bkstan\u010diai vaik\u0173 nei\u0161laiko, d\u0117l to i\u0161dalinkime jiems pa\u017eym\u0117jimus \u2013 sutikite, kad tai neskamba patikimai ir nerodo, jog valstyb\u0117 laikosi sistemingos, nuoseklios politikos\u201c, \u2013 kalb\u0117jo J. Litvinait\u0117.<\/p>\n<p>Situacij\u0105 aptar\u0117 susitikime su \u0161vietimo atstovais<\/p>\n<p>\u0160alies vadovas ketvirtadien\u012f PUPP kartel\u0117s at\u0161aukimo klausim\u0105 ketvirtadien\u012f aptar\u0117 su \u0161vietimo atstovais.<\/p>\n<p>\u0160iame susitikime dalyvav\u0119 savivaldybi\u0173 bei \u0160vietimo, mokslo ir sporto ministerijos atstovai ragino prezident\u0105 \u012fstatym\u0105 pasira\u0161yti, tuo metu dalis ekspert\u0173 teig\u0117, kad kartel\u0117s atsisakymas nei\u0161spr\u0119s prast\u0117jan\u010di\u0173 mokini\u0173 pasiekim\u0173 problemos. <\/p>\n<p>Savo ruo\u017etu prezidento patar\u0117ja J. Litvinait\u0117 sak\u0117, kad \u0161ioje situacijoje bus sunku priimti sprendim\u0105, kuris tikt\u0173 visoms pus\u0117ms.<\/p>\n<p>Kaip skelb\u0117 ELTA, 2022 m. Seime buvo priimtos \u0160vietimo \u012fstatymo pataisos, pagal kurias pagrindinis i\u0161silavinimas b\u016bt\u0173 \u012fgyjamas baigus pagrindinio ugdymo program\u0105 ir i\u0161laikius PUPP ne ma\u017eiau kaip 4 balais. <\/p>\n<p>Vis tik 2024 m. tur\u0117j\u0119 \u012fsigalioti pakeitimai buvo atid\u0117ti iki 2026-\u0173j\u0173. Ta\u010diau liepos viduryje Seimas apsisprend\u0117 priimti pakeitimus, kuriais at\u0161aukiamas nuo \u0161i\u0173 met\u0173 rugs\u0117jo 1-osios tur\u0117j\u0119s \u012fsigalioti reikalavimas pasiekti pagrindinio ugdymo pasiekim\u0173 patikrinim\u0173 bent slenkstin\u012f lyg\u012f, siekiant \u012fgyti pagrindin\u012f i\u0161silavinim\u0105.<\/p>\n<p>Toks parlamento sprendimas papiktino dal\u012f \u0161vietimo bendruomen\u0117s. 36 \u0161vietimo, mokslo, verslo ir visuomenin\u0117s organizacijos \u012fteik\u0117 prezidentui G. Naus\u0117dai kreipim\u0105si, kuriuo pra\u0161\u0117 vetuoti Seime priimt\u0105 \u0160vietimo \u012fstatymo pakeitim\u0105 d\u0117l PUPP kartel\u0117s atsisakymo. <\/p>\n<p>Anot kreipim\u0105si pasira\u0161iusi\u0173 organizacij\u0173, minimalaus mokini\u0173 pasiekim\u0173 reikalavimo panaikinimas kelia gr\u0117sm\u0119 ne tik dalies vaik\u0173 atei\u010diai, bet ir visos valstyb\u0117s konkurencingumui, demokratiniam bei nacionaliniam atsparumui.<\/p>\n<p>Pasak prezidento patar\u0117jos, praktik\u0173 balsas \u0161alies vadovui yra labai svarbus, be to, atsi\u017evelgta ir \u012f situacij\u0105 kaimynin\u0117se \u0161alyse.<\/p>\n<p>\u201eKaimynin\u0117se \u0161alyse i\u0161silavinimo reikalavimai grie\u017et\u0117ja. Negalime likti vieni regione, palik\u0119 vaik\u0173 be bazini\u0173, pagrindini\u0173 \u017eini\u0173\u201c, \u2013 kalb\u0117jo J. Litvinait\u0117.<\/p>\n","protected":false},"excerpt":{"rendered":"\u201ePrezidento pagrindinis tikslas yra u\u017etikrinti, kad Lietuvos valstyb\u0117, i\u0161duodama pagrindinio i\u0161silavinimo pa\u017eym\u0117jim\u0105, kartu paliudys, kad vaikas per 10&hellip;\n","protected":false},"author":2,"featured_media":237143,"comment_status":"","ping_status":"","sticky":false,"template":"","format":"standard","meta":{"footnotes":"","_share_on_mastodon":"0"},"categories":[6],"tags":[25,30,31,34,35,67,24,35168,32,33,37,39,36,38,40,23,22,28,29,34388,35167,26,27],"class_list":["post-237142","post","type-post","status-publish","format-standard","has-post-thumbnail","category-antrastes","tag-antrastes","tag-breaking-news","tag-breakingnews","tag-featured-news","tag-featurednews","tag-gitanas-nauseda","tag-headlines","tag-jurate-litvinaite","tag-latest-news","tag-latestnews","tag-lietuva","tag-lietuviu","tag-lithuania","tag-lithuanian","tag-lt","tag-naujienos","tag-news","tag-populiariausios-naujienos","tag-populiariausiosnaujienos","tag-pupp","tag-svietimo-istatymas","tag-top-stories","tag-topstories"],"share_on_mastodon":{"url":"https:\/\/pubeurope.com\/@lt\/116979515260731900","error":""},"_links":{"self":[{"href":"https:\/\/www.europesays.com\/lt\/wp-json\/wp\/v2\/posts\/237142","targetHints":{"allow":["GET"]}}],"collection":[{"href":"https:\/\/www.europesays.com\/lt\/wp-json\/wp\/v2\/posts"}],"about":[{"href":"https:\/\/www.europesays.com\/lt\/wp-json\/wp\/v2\/types\/post"}],"author":[{"embeddable":true,"href":"https:\/\/www.europesays.com\/lt\/wp-json\/wp\/v2\/users\/2"}],"replies":[{"embeddable":true,"href":"https:\/\/www.europesays.com\/lt\/wp-json\/wp\/v2\/comments?post=237142"}],"version-history":[{"count":0,"href":"https:\/\/www.europesays.com\/lt\/wp-json\/wp\/v2\/posts\/237142\/revisions"}],"wp:featuredmedia":[{"embeddable":true,"href":"https:\/\/www.europesays.com\/lt\/wp-json\/wp\/v2\/media\/237143"}],"wp:attachment":[{"href":"https:\/\/www.europesays.com\/lt\/wp-json\/wp\/v2\/media?parent=237142"}],"wp:term":[{"taxonomy":"category","embeddable":true,"href":"https:\/\/www.europesays.com\/lt\/wp-json\/wp\/v2\/categories?post=237142"},{"taxonomy":"post_tag","embeddable":true,"href":"https:\/\/www.europesays.com\/lt\/wp-json\/wp\/v2\/tags?post=237142"}],"curies":[{"name":"wp","href":"https:\/\/api.w.org\/{rel}","templated":true}]}}