{"id":237166,"date":"2026-07-25T08:18:17","date_gmt":"2026-07-25T08:18:17","guid":{"rendered":"https:\/\/www.europesays.com\/lt\/237166\/"},"modified":"2026-07-25T08:18:17","modified_gmt":"2026-07-25T08:18:17","slug":"lietuve-apie-tamsiaja-turkijos-viesbuciu-puse","status":"publish","type":"post","link":"https:\/\/www.europesays.com\/lt\/237166\/","title":{"rendered":"Lietuv\u0117 apie tamsi\u0105j\u0105 Turkijos vie\u0161bu\u010di\u0173 pus\u0119"},"content":{"rendered":"<p>Jau\u010diuosi kaip gr\u012f\u017eusi \u012f s\u016bnaus auginimo laikus, kai nepertrauktas miegas buvo prabanga. <\/p>\n<p><a rel=\"noopener nofollow\" target=\"_blank\" href=\"https:\/\/www.delfi.lt\/temos\/turkija\" tag-id=\"21801964\">Turkija<\/a>, b\u016bdama musulmon\u0173 \u0161alis, penkis kartus per dien\u0105 praktikuoja \u0161aukim\u0105 \u012f mald\u0105, vadinam\u0105 adhan, kuris vilnija ir skamba po kalnus ir klonius, kaip devyniasde\u0161imtaisiais Lietuvoje skamb\u0117davo lietuvi\u0173 atgimimo giesm\u0117s. \u0160aukimo laikai kiekvien\u0105 dien\u0105 keletu minu\u010di\u0173 kinta, nes yra sud\u0117liojami aplink saul\u0117s pozicij\u0105. <\/p>\n<p>Dar iki elektros laik\u0173 muezzinai (\u0161auk\u0117jai) u\u017esirop\u0161davo ant me\u010det\u0117s ir maldai kviesdavo i\u0161 ten. Jeigu t\u0105 dien\u0105 \u0161aukimas atliekamas gyvai, muezzinas prie\u0161 tai turi b\u016bti atlik\u0119s ritualin\u012f apsiplovim\u0105 \u2013 wudu (nemai\u0161yti su ragan\u0173 praktika vudu). V\u0117liau \u012fsijungia mikrofon\u0105 ir paleid\u017eia \u012f darb\u0105 plau\u010dius. Tekstas niekada nesikei\u010dia \u2013 jis apie musulmon\u0173 Dievo garbinim\u0105, i\u0161skyrus rytiniame \u0161aukime, kuris vyksta apie pus\u0119 penki\u0173 ryto Fajr, yra vienas papildomas sakinys, su kuriuo esu linkusi absoliu\u010diai nesutikti \u2013 malda yra geriau u\u017e mieg\u0105. <\/p>\n<p>       <img decoding=\"async\" src=\"https:\/\/www.europesays.com\/lt\/wp-content\/uploads\/2026\/07\/e90ef214-6f75-4461-9018-098ba5f863e8.jpg\" loading=\"lazy\" alt=\"Vlada Alanijoje\"\/>      <\/p>\n<p>Ar band\u0117te m\u0117nes\u012f laiko atlaikant labai didelius kr\u016bvius kas ryt\u0105 b\u016bti i\u0161versti i\u0161 lovos pus\u0119 penki\u0173? Kolegos sak\u0117, kad po m\u0117nesio priprasiu, bet jie tikriausiai neturi mano garsams hiper jautri\u0173 smegen\u0173. <\/p>\n<p>Pirma savait\u0117 \u2013 vau, egzotika. Snausdamas analizuoji muzikin\u0119 melodij\u0105. Antra savait\u0117 \u2013 gerai jau, mes supratom. Jums labiau patinka melstis nei miegoti. Gal b\u016bt\u0173 galima tyliau? Tre\u010dia savait\u0117 \u2013 prisiekiu, jei dar bent vien\u0105kart\u2026 Ketvirta savait\u0117 \u2013 necenz\u016brinis leksikonas. Naudoju aus\u0173 ki\u0161tukus, mano \u201eLoop\u201c, bet pas giedotojus tokie plau\u010diai, kad prar\u0117kia kiaurai. Kaip vartotoja jau\u010diuosi nusivylusi. B\u016bt\u0173 gerai, jei ant pakuot\u0117s b\u016bt\u0173 u\u017era\u0161\u0119\u201c \u201emaskuoja visus \u017emonijai \u017einomus garsus, i\u0161skyrus fajr\u201c.<\/p>\n<p>Po truput\u0117l\u012f prad\u0117s l\u012fsti mano cini\u0161ka pus\u0117 \u2013 jau \u017einau, kad pasiilgot.<\/p>\n<p>Ar suma\u017e\u0117jo spoksojimas, klausiat? N\u0117 kiek. Kartais jau\u010diuosi kaip cirko artistas, kuriam \u0161vilpia, r\u0117kia ir pra\u0161o pakartot. Spokso persisuk\u0119, pypsina, toks jausmas, kad jie niekada n\u0117ra reg\u0117j\u0119 moters. <\/p>\n<p>    <img decoding=\"async\" src=\"https:\/\/www.europesays.com\/lt\/wp-content\/uploads\/2026\/07\/72bf5fad-b0cd-4623-b3f4-500294f405a2.jpg\" loading=\"lazy\" alt=\"Vlada Alanijoje\"\/>      <\/p>\n<p>An\u0105dien vienas diedas i\u0161sitrauk\u0119s telefon\u0105 filmavo mane b\u0117gan\u010di\u0105, tai prie jo pri\u0117jau ir pasiteiravau, ar mane filmuoja. Atsakym\u0105 jau \u017einojau, tik nor\u0117jau j\u012f konfrontuoti, kad tas ka\u017ekiek susig\u0117st\u0173. Vyras prad\u0117jo mostaguoti meluodamas, kad ne ne, tikrai nefilmuoju, ir nusuko kamer\u0105 \u012f gatv\u0119. Aha, ma\u010diau. <\/p>\n<p>I\u0161 dalies kurortiniuose miestuose vyr\u0173 d\u0117mesys europiet\u0117ms moterims gali b\u016bti patologi\u0161kai didelis tod\u0117l, kad didel\u0117 dalis darbuotoj\u0173 atvyksta i\u0161 skurd\u017ei\u0173 rytini\u0173 \u0161alies kaim\u0173 ir miesteli\u0173 \u2013 turistinis sezonas jiems yra galimyb\u0117 u\u017esidirbti ir sutaupyti. Penkiasde\u0161imt procent\u0173 regiono gyventoj\u0173 gyvena i\u0161 turizmo, likusi pus\u0117 i\u0161 \u017eem\u0117s \u016bkio. Tie vyrai atvyksta neretai palik\u0119 savo \u017emonas ir \u0161eimas, kurortuose staiga tapdami vieni\u0161iais ir pradeda aktyviai s\u0117ti savo s\u0117kl\u0105 \u012f kair\u0119 ir \u012f de\u0161in\u0119, sukdami romanus su vietin\u0117mis moterimis. <\/p>\n<p>Neretas turkas taip pat galvoja, kad vakariet\u0117s yra lengvai prieinamos, seksualiai laisvos ir mylisi su visais i\u0161 eil\u0117s. Dirbdama su turist\u0173 problemomis reguliariai fiksuoju seksualinio priekabiavimo atvejus. \u0160iuo atveju iki \u0161iol buvau naivi tik\u0117damasi, kad vie\u0161bu\u010diai paruo\u0161ia darbuotojus ir i\u0161moko politi\u0161kai korekti\u0161ko elgesio pagrind\u0173. Esant pastoviam darbuotoj\u0173 tr\u016bkumui taip n\u0117ra, samdo bet k\u0105, kas gali, nori ir yra paj\u0117gus dirbti. <\/p>\n<p>    <img decoding=\"async\" src=\"https:\/\/www.europesays.com\/lt\/wp-content\/uploads\/2026\/07\/d2386541-9ab7-4e0c-96d9-31118af1bf20.jpg\" loading=\"lazy\" alt=\"Vlada Alanijoje\"\/>      <\/p>\n<p>Turkijoje tikrinti darbuotoj\u0173 kriminalini\u0173 \u012fra\u0161\u0173 ar net rekomendacij\u0173 i\u0161 buvusi\u0173 darbdavi\u0173 n\u0117ra \u012fprasta. Visi raportuoto seksualinio priekabiavimo atvejai tiriami; m\u016bs\u0173 tiek\u0117jai (vie\u0161bu\u010diai, transporto priemon\u0117s) neretai tokius darbuotojus i\u0161meta i\u0161 darbo. Tai nerei\u0161kia, kad \u012f \u0161al\u012f geriau neskristi, tik reikia \u012fsis\u0105moninti, kad konservatyvesn\u0117je Turkijos aplinkoje negalima rengtis ar elgtis kaip Vakar\u0173 Europoje. Taip pat rekomenduoja laikytis \u012fprastini\u0173 moterims saugumo taisykli\u0173.<\/p>\n<p>Toks pastovus priverstinis seksualumo dangstymas erzina \u2013 man labiau patinka aplinka, kur po r\u016bbais neu\u017esid\u0117jusi liemen\u0117l\u0117s nety\u010dia nesukeli avarijos. Kol pus\u0117 Gran Kanarijos sal\u0173 deginasi be bikini vir\u0161utin\u0117s dalies ir niekas net antakio nekilsteli, \u010dia turi sau priminti, kad bet kokia atviresn\u0117 apranga t<a rel=\"noopener follow nofollow\" target=\"_blank\" href=\"https:\/\/www.delfi.lt\/keliones\/per-europa\/turkijoje-apsigyvenusi-lietuve-vietinius-vyrus-nuskaite-nedelsiant-pamate-mano-slaunis-paleido-tirada-120267488\" data-rel-date-range=\"[]\">rigerina ne tik vietinius vyrus<\/a>. Taip pat ir moteris, kuri\u0173 didel\u0117 dalis vaik\u0161to su hid\u017eabais, abajomis ar r\u016bbais, dengian\u010diais vis\u0105 k\u016bn\u0105 ir galv\u0105. <\/p>\n<p>Ar \u012fsivaizduojate, k\u0105 rei\u0161kia prie jutimin\u0117s plius 45 vaik\u0161\u010dioti su vis\u0105 k\u016bn\u0105 dengian\u010dia med\u017eiaga? O ar svarst\u0117te, kaip vietin\u0117s tradicij\u0105 gerbian\u010dios (ar priverstos) moterys gyvena, dirba, sportuoja? A\u0161 svars\u010diau, nes matau j\u0173 pavyd\u017eius \u017evilgsnius rytais, b\u0117giodama palei pakrant\u0119. Did\u017eioji dalis moter\u0173 sportuoja nam\u0173 \u016bkio darbuose, o vie\u0161ai sportuojant parkuose ir gatv\u0117se ma\u010diau vos vien\u0105 kit\u0105, tas konservatyviuose sluoksniuose n\u0117ra priimtina. \u0160iandien ma\u010diau moter\u012f, kuri b\u0117giojo su abaja (ilgas laisvas juodas musulmoni\u0173 moter\u0173 drabu\u017eis). Kol a\u0161 devyniais prakaitais nupilta b\u0117gu apsitemptusi sintetines sportines kelnes ir mar\u0161kin\u0117lius, ji prie Vidur\u017eiemio j\u016bros vidurvasario kar\u0161\u010dio b\u0117ga (ne eina) apsitempusi sunkia, juoda med\u017eiaga, kuri ne tik funkcionuoja kaip tobulas prakaito varytuvas, bet ir papildomi kilogramai svorio. <\/p>\n<p>       <img decoding=\"async\" src=\"https:\/\/www.europesays.com\/lt\/wp-content\/uploads\/2026\/07\/62829577-407d-42e4-8f32-57c51fff156f.jpg\" loading=\"lazy\" alt=\"Vlada Alanijoje\"\/>      <\/p>\n<p>Mes Europoje \u2013 med\u017eiagas minimizuoti, sintetinti, glausti kuo ar\u010diau k\u016bno, kad b\u016bt\u0173 kuo ma\u017eesnis pasiprie\u0161inimas v\u0117jyje ir didesn\u0117 prakaito i\u0161garinimo funkcija. Jie Turkijoje \u2013 kuo sunkiau, kuo tankesn\u0117 med\u017eiaga, nes neduok Dieve vyrai pamatys moters dilb\u012f.<\/p>\n<p>Moterims \u0161ita aplinka n\u0117ra palanki ir norint \u010dia gyventi ilgalaik\u0117je perspektyvoje reikia b\u016bti arba gan\u0117tinai kvailai, arba ypatingai atspariai. Tradicin\u0117s kult\u016bros reikalavim\u0173 prispaustos turk\u0117s vietoje a\u0161 savo hid\u017eab\u0105 sudegin\u010diau ir susitaupiusi pinig\u0173 i\u0161skris\u010diau \u012f Lietuv\u0105, kur kokioje nors provincijoje susiras\u010diau Tado Vidmanto film\u0173 Giedriaus Savicko persona\u017eo atitikmen\u012f, u\u017e kurio i\u0161tek\u0117\u010diau, persikrik\u0161tydama \u012f Iev\u0105 Marij\u0105. Mes u\u017esidirbtume augindami rugius ir bulves, ir u\u017esiimdami \u016bkio darbais. Susilauktume septyniolikos at\u017eal\u0173, kuriuos krik\u0161tytume vardus suteikdami ab\u0117c\u0117line tvarka.<\/p>\n<p>Apie moteris, ko gero, dar para\u0161ysiu atskirai, kai tik apdirbsiu dabar i\u0161gyvenam\u0105 \u0161ok\u0105.   <\/p>\n<p>Jau jus \u012fsp\u0117jau, kad \u0161iandien bamb\u0117siu, tai varau iki galo.<\/p>\n<p>Vidur\u017eemio j\u016bra mano skoniui per kar\u0161ta. Dabar apie 29 laipsnius. Gal juokaujat? Man apskritai labiau patinka vandenynai, o ne j\u016bra. Kur atsigaivinti, sakykite, jei j\u016bra kaip \u0161ildomas baseinas? <\/p>\n<p>    <img decoding=\"async\" src=\"https:\/\/www.europesays.com\/lt\/wp-content\/uploads\/2026\/07\/a158e333-3c7c-4532-97f9-0519beeede4e.jpg\" loading=\"lazy\" alt=\"Vlada Alanijoje\"\/>      <\/p>\n<p>Mano mylimoje <a rel=\"noopener follow nofollow\" target=\"_blank\" href=\"https:\/\/www.delfi.lt\/keliones\/per-europa\/vietoje-turistu-nualintos-tenerifes-siulo-keliauti-i-kita-roju-galima-degintis-ir-maudytis-istisus-metus-120149327\" data-rel-date-range=\"[]\">Fuertevent\u016bros saloje<\/a> \u2013 22-23 laipsniai ir \u012f\u0161okus bent jautiesi atsigaivin\u0119s. Visa Vidur\u017eemio j\u016bros koncepcija keista \u2013 nei plaukti, nei pl\u016bduriuoti. Man nepatinka pl\u016bduriuoti toje mil\u017eini\u0161koje druskos pripildytoje baloje. At\u0117jai, \u012f\u0161okai, prasiplaukei ir laisvas eini namo ar su reikalais. Ir dar noriu prane\u0161ti, kad praeitais metais susidom\u0117jau ir prakti\u0161kai i\u0161mokau banglen\u010di\u0173 sporto, bet Turkijoje surfinti ne\u012fmanoma, nes \u010dia n\u0117ra bang\u0173. U\u017e k\u0105 man tokios kan\u010dios?<\/p>\n<p>Ko apskritai \u010dia reikia gr\u016bstis \u012f t\u0105 Turkij\u0105? Vakar pervargusi, perkaitusi ir nei\u0161simiegojus bamb\u0117jau savo naujai simpatijai. <\/p>\n<p>\u201ePagalvok apie visas \u0161eimas su vaikais. Jiems \u010dia fantastika \u2013 pigu, \u0161ilta, patogu\u201c. Teisingai. Apie \u0161eimas su vaikais nepagalvojau, nes pastaruosius penkiolika met\u0173 buvau solo keliautoja. Taip, ie\u0161kant garantuotai gero oro (visus gyvybinius syvus i\u0161\u010diulpian\u010dio kar\u0161\u010dio) ir su Vakar\u0173 Europa lyginant racionali\u0173 kain\u0173 ir patogumo, Antalijos pakrant\u0117 yra teisingas pasirinkimas, tik, d\u0117l Dievo meil\u0117s, rinkit\u0117s Sid\u0119 ar Kemer\u0105, bet ne Alanij\u0105 (apie Marmar\u012f negal\u0117\u010diau komentuoti, nesu lankiusis). <\/p>\n<p>\u010cia d\u0117l ka\u017ekoki\u0173 nepaai\u0161kinam\u0173 kosmini\u0173 prie\u017eas\u010di\u0173 mes turime \u017eymiai daugiau problem\u0173 su vie\u0161bu\u010diais, nei mano min\u0117ti regionai; \u010dia taipgi aplink\u0105 alina vieno mintis u\u017ego\u017eiantis triuk\u0161mas nuo eismo. Net nu\u0117jau lyginti u\u017eter\u0161tumo statistikos tarp mano miesto Stokholmo, Vilniaus ir Alanijos. Ir k\u0105 j\u016bs sau galvojate, turki\u0161ka palaimos ir palmi\u0173 rivjera u\u017eter\u0161ta labiausiai \u2013 t\u0105 netrukus pajau\u010dia visi jautri\u0173 kv\u0117pavimo tak\u0173 savininkai. Paradoksas \u2013 i\u0161 vienos pus\u0117s pl\u016bduriuoja teisingomis druskomis vilnijanti j\u016bra, o i\u0161 kitos pus\u0117s turime klasikin\u012f Vidurio Ryt\u0173 eism\u0105, kuris gal ne toks tragi\u0161kas kaip Indijoje, bet tikrai ne Europinis.<\/p>\n<p>D\u0117l kar\u0161\u010dio, tai su siaubu prane\u0161u, kad jeigu jutimin\u0117 yra tik iki 40, \u012fpratau ir man nesunku. \u012etariu, kad gr\u012f\u017eus \u012f Europ\u0105 grei\u010diausiai nustosiu prakaituoti.<\/p>\n","protected":false},"excerpt":{"rendered":"Jau\u010diuosi kaip gr\u012f\u017eusi \u012f s\u016bnaus auginimo laikus, kai nepertrauktas miegas buvo prabanga. Turkija, b\u016bdama musulmon\u0173 \u0161alis, penkis kartus&hellip;\n","protected":false},"author":2,"featured_media":237167,"comment_status":"","ping_status":"","sticky":false,"template":"","format":"standard","meta":{"footnotes":"","_share_on_mastodon":"0"},"categories":[6],"tags":[33936,25,30,31,34,35,24,32,33,37,39,36,38,40,23,22,28,29,26,27,1853],"class_list":["post-237166","post","type-post","status-publish","format-standard","has-post-thumbnail","category-antrastes","tag-alanija","tag-antrastes","tag-breaking-news","tag-breakingnews","tag-featured-news","tag-featurednews","tag-headlines","tag-latest-news","tag-latestnews","tag-lietuva","tag-lietuviu","tag-lithuania","tag-lithuanian","tag-lt","tag-naujienos","tag-news","tag-populiariausios-naujienos","tag-populiariausiosnaujienos","tag-top-stories","tag-topstories","tag-turkija"],"share_on_mastodon":{"url":"https:\/\/pubeurope.com\/@lt\/116979636887983627","error":""},"_links":{"self":[{"href":"https:\/\/www.europesays.com\/lt\/wp-json\/wp\/v2\/posts\/237166","targetHints":{"allow":["GET"]}}],"collection":[{"href":"https:\/\/www.europesays.com\/lt\/wp-json\/wp\/v2\/posts"}],"about":[{"href":"https:\/\/www.europesays.com\/lt\/wp-json\/wp\/v2\/types\/post"}],"author":[{"embeddable":true,"href":"https:\/\/www.europesays.com\/lt\/wp-json\/wp\/v2\/users\/2"}],"replies":[{"embeddable":true,"href":"https:\/\/www.europesays.com\/lt\/wp-json\/wp\/v2\/comments?post=237166"}],"version-history":[{"count":0,"href":"https:\/\/www.europesays.com\/lt\/wp-json\/wp\/v2\/posts\/237166\/revisions"}],"wp:featuredmedia":[{"embeddable":true,"href":"https:\/\/www.europesays.com\/lt\/wp-json\/wp\/v2\/media\/237167"}],"wp:attachment":[{"href":"https:\/\/www.europesays.com\/lt\/wp-json\/wp\/v2\/media?parent=237166"}],"wp:term":[{"taxonomy":"category","embeddable":true,"href":"https:\/\/www.europesays.com\/lt\/wp-json\/wp\/v2\/categories?post=237166"},{"taxonomy":"post_tag","embeddable":true,"href":"https:\/\/www.europesays.com\/lt\/wp-json\/wp\/v2\/tags?post=237166"}],"curies":[{"name":"wp","href":"https:\/\/api.w.org\/{rel}","templated":true}]}}