{"id":237187,"date":"2026-07-25T08:59:21","date_gmt":"2026-07-25T08:59:21","guid":{"rendered":"https:\/\/www.europesays.com\/lt\/237187\/"},"modified":"2026-07-25T08:59:21","modified_gmt":"2026-07-25T08:59:21","slug":"peskovas-naujaji-ukrainos-kariuomenes-vada-pavadino-naciu","status":"publish","type":"post","link":"https:\/\/www.europesays.com\/lt\/237187\/","title":{"rendered":"Peskovas nauj\u0105j\u012f Ukrainos kariuomen\u0117s vad\u0105 pavadino naciu"},"content":{"rendered":"<p><img decoding=\"async\" src=\"https:\/\/static.delfi.lt\/portal\/images\/article\/icon-pullout.svg\" alt=\"\"\/> <\/p>\n<p>\u201eTai siaubingi parei\u0161kimai. Jie pirmiausia rodo, kad jis yra nacis\u201c, \u2013 teig\u0117 D. Peskovas.<\/p>\n<p>Jis prid\u016br\u0117, kad M. Drapatas ir \u201etokie kaip jis\u201c neleis Kyjivui pasiekti taikaus konflikto sprendimo, o kariuomen\u0117s vadas \u201evienaip ar kitaip atsakys u\u017e savo \u017eod\u017eius\u201c.<\/p>\n<p>D. Peskovo teigimu, M. Drapato pasisakymai neva patvirtina, kad <a rel=\"noopener nofollow\" target=\"_blank\" href=\"https:\/\/www.delfi.lt\/temos\/donbasas\" tag-id=\"66604680\">Donbaso<\/a> gyventojai \u201eteisingai nusprend\u0117 atsiskirti nuo Ukrainos\u201c, taip pat pateisina Rusijos prezidento <a rel=\"noopener nofollow\" target=\"_blank\" href=\"https:\/\/www.delfi.lt\/temos\/vladimiras-putinas\" tag-id=\"49711812\">Vladimiro Putino<\/a> sprendim\u0105 prad\u0117ti plataus masto invazij\u0105.<\/p>\n<p>Jis dar kart\u0105 pakartojo Kremliaus naratyv\u0105, kad atsakomyb\u0117 u\u017e Rusijos prad\u0117t\u0105 <a rel=\"noopener nofollow\" target=\"_blank\" href=\"https:\/\/www.delfi.lt\/temos\/karas-ukrainoje\" tag-id=\"73240966\">kar\u0105<\/a> tenka Ukrainai.<\/p>\n<p>  <img decoding=\"async\" src=\"https:\/\/static.delfi.lt\/portal\/images\/article\/icon-pullout.svg\" alt=\"\"\/> <\/p>\n<p>\u201eMes visi teisingai nusprend\u0117me, kad specialioji karin\u0117 operacija buvo skirta sustabdyti kar\u0105, kur\u012f prad\u0117jo Kyjivo re\u017eimas\u201c, \u2013 parei\u0161k\u0117 D. Peskovas.<\/p>\n<p>Po \u0161io sprendimo <a rel=\"noopener nofollow\" target=\"_blank\" href=\"https:\/\/www.delfi.lt\/temos\/rusija\" tag-id=\"40342315\">Rusijos<\/a> valstybin\u0117 \u017einiasklaida prad\u0117jo aktyviai platinti i\u0161traukas i\u0161 prie\u0161 trejus metus Ukrainos projekto \u201eUkrainer W\u201c publikuoto interviu.<\/p>\n<p>Jame M. Drapatas teig\u0117: \u201eDonecko ir Luhansko sri\u010di\u0173 gyventojai, deja, per vis\u0105 istorij\u0105 daugiausia buvo atvyk\u0117liai ir nusikalstamo pasaulio atstovai, tod\u0117l ten tiek daug \u017emoni\u0173, neturin\u010di\u0173 pilietinio s\u0105moningumo. Jie nenori dirbti, nori visk\u0105 gauti u\u017e dyk\u0105 ir jiems nesvarbu, kokioje \u0161alyje gyventi.\u201c<\/p>\n<p>Jis taip pat sak\u0117 manantis, kad pad\u0117t\u012f galima pakeisti dirbant su gyventojais valstybingumo ir tautin\u0117s tapatyb\u0117s ugdymo srityse, ai\u0161kinant jiems, \u201ekad jie yra ukrainie\u010diai, o ne, atleiskite, Soviet\u0173 S\u0105jungos atplai\u0161os\u201c.<\/p>\n<p>Primenama, kad Kremlius jau anks\u010diau sureagavo \u012f M. Drapato paskyrim\u0105. Jis tre\u010diadien\u012f parei\u0161k\u0117, kad Ukrainos paskirtas naujas vyriausiasis kariuomen\u0117s vadas nepakeis pad\u0117ties fronte. <\/p>\n<p>\u201eNemanau, kad tai sukels koki\u0173 nors poky\u010di\u0173 fronto linijose\u201c, \u2013 sak\u0117 Kremliaus atstovas D. Peskovas ir prid\u016br\u0117, kad Maskva ketina t\u0119sti beveik ketverius su puse met\u0173 trunkant\u012f puolim\u0105.<\/p>\n","protected":false},"excerpt":{"rendered":"\u201eTai siaubingi parei\u0161kimai. Jie pirmiausia rodo, kad jis yra nacis\u201c, \u2013 teig\u0117 D. Peskovas. Jis prid\u016br\u0117, kad M.&hellip;\n","protected":false},"author":2,"featured_media":237188,"comment_status":"","ping_status":"","sticky":false,"template":"","format":"standard","meta":{"footnotes":"","_share_on_mastodon":"0"},"categories":[15],"tags":[25,30,31,1331,9110,34,35,24,121,32,33,37,39,36,38,40,35156,23,22,44,28,29,119,26,27,360,120,971,74,75,76],"class_list":["post-237187","post","type-post","status-publish","format-standard","has-post-thumbnail","category-pasaulis","tag-antrastes","tag-breaking-news","tag-breakingnews","tag-dmitrijus-peskovas","tag-donbasas","tag-featured-news","tag-featurednews","tag-headlines","tag-karas-ukrainoje","tag-latest-news","tag-latestnews","tag-lietuva","tag-lietuviu","tag-lithuania","tag-lithuanian","tag-lt","tag-mychaila-drapatas","tag-naujienos","tag-news","tag-pasaulis","tag-populiariausios-naujienos","tag-populiariausiosnaujienos","tag-rusija","tag-top-stories","tag-topstories","tag-ukraina","tag-vladimiras-putinas","tag-volodymyras-zelenskis","tag-world","tag-world-news","tag-worldnews"],"share_on_mastodon":{"url":"https:\/\/pubeurope.com\/@lt\/116979798412917423","error":""},"_links":{"self":[{"href":"https:\/\/www.europesays.com\/lt\/wp-json\/wp\/v2\/posts\/237187","targetHints":{"allow":["GET"]}}],"collection":[{"href":"https:\/\/www.europesays.com\/lt\/wp-json\/wp\/v2\/posts"}],"about":[{"href":"https:\/\/www.europesays.com\/lt\/wp-json\/wp\/v2\/types\/post"}],"author":[{"embeddable":true,"href":"https:\/\/www.europesays.com\/lt\/wp-json\/wp\/v2\/users\/2"}],"replies":[{"embeddable":true,"href":"https:\/\/www.europesays.com\/lt\/wp-json\/wp\/v2\/comments?post=237187"}],"version-history":[{"count":0,"href":"https:\/\/www.europesays.com\/lt\/wp-json\/wp\/v2\/posts\/237187\/revisions"}],"wp:featuredmedia":[{"embeddable":true,"href":"https:\/\/www.europesays.com\/lt\/wp-json\/wp\/v2\/media\/237188"}],"wp:attachment":[{"href":"https:\/\/www.europesays.com\/lt\/wp-json\/wp\/v2\/media?parent=237187"}],"wp:term":[{"taxonomy":"category","embeddable":true,"href":"https:\/\/www.europesays.com\/lt\/wp-json\/wp\/v2\/categories?post=237187"},{"taxonomy":"post_tag","embeddable":true,"href":"https:\/\/www.europesays.com\/lt\/wp-json\/wp\/v2\/tags?post=237187"}],"curies":[{"name":"wp","href":"https:\/\/api.w.org\/{rel}","templated":true}]}}