{"id":237415,"date":"2026-07-25T15:00:11","date_gmt":"2026-07-25T15:00:11","guid":{"rendered":"https:\/\/www.europesays.com\/lt\/237415\/"},"modified":"2026-07-25T15:00:11","modified_gmt":"2026-07-25T15:00:11","slug":"nauseda-apie-sinkeviciaus-disertacija-duokime-zmogui-pradeti-dirbti","status":"publish","type":"post","link":"https:\/\/www.europesays.com\/lt\/237415\/","title":{"rendered":"Naus\u0117da apie Sinkevi\u010diaus disertacij\u0105: duokime \u017emogui prad\u0117ti dirbti"},"content":{"rendered":"<p>\u201e\u017dinote, yra blog\u0173 disertacij\u0173, yra ger\u0173 disertacij\u0173, a\u0161 tikrai neprad\u0117siu, kaip kai kurie politologai, kurie neskait\u0117 disertacijos ir j\u0105 \u012fvertino kaip silpn\u0105, (jos vertinti \u2013 ELTA). (\u2026) Duokime \u017emogui prad\u0117ti dirbti \u2013 ar jis dabar kelis m\u0117nesius tur\u0117s ai\u0161kintis d\u0117l to, ar jis para\u0161\u0117 tinkam\u0105 ar netinkam\u0105 disertacij\u0105? Tegul jis pradeda \u012frodin\u0117ti, k\u0105 jis geba kaip premjeras, \u0161ito i\u0161 jo reikalaukim\u201c, \u2013 \u017eurnalistams Klaip\u0117doje sak\u0117 \u0161alies vadovas.<\/p>\n<p>\u201eO disertacijos, kurios nebuvo \u012fdomios iki dienos X, kai ponas Sinkevi\u010dius tapo premjeru, ir tapo staiga labai \u012fdomios kit\u0105 dien\u0105, man kelia abejoni\u0173, d\u0117l ko \u010dia viskas\u201c, \u2013 tikino jis.<\/p>\n<p>Disertacija i\u0161k\u0117l\u0117 klausim\u0173<\/p>\n<p>Pastaruoju metu vie\u0161ojoje erdv\u0117je keliami klausimai d\u0117l 2015 m. ISM Ekonomikos ir vadybos universitete apgintos M. Sinkevi\u010diaus disertacijos \u2013 jos pateikimo \u012f Lietuvos elektronini\u0173 tezi\u0173 ir disertacij\u0173 (ETD, dabar \u2013 eLABa) sistem\u0105 bei galimo plagiato. <\/p>\n<p>Kilus klausim\u0173, kod\u0117l ministro pirmininko disertacija nebuvo prieinama eLABa sistemoje, M. Sinkevi\u010dius pasira\u0161\u0117 sutart\u012f d\u0117l mokslo darbo vie\u0161inimo. Kaip Elt\u0105 informavo ISM universiteto atstov\u0117, darbas \u012f sistem\u0105 buvo \u012fkeltas liepos 16 d. <\/p>\n<p>V\u0117liau ISM universitetas prane\u0161\u0117 sulauk\u0119s oficialaus kreipimosi i\u0161 Akademin\u0117s etikos ir proced\u016br\u0173 kontrolieriaus tarnybos d\u0117l galimo nusi\u017eengimo, susijusio su ministro pirmininko apginta daktaro disertacija.<\/p>\n<p>Auk\u0161toji mokykla i\u0161platintame prane\u0161ime nurod\u0117, kad gautas kreipimasis bus vertinamas ir nagrin\u0117jamas pagal universitete galiojan\u010di\u0105 tvark\u0105.<\/p>\n<p>Pats premjeras sak\u0117 neabejojantis, kad galimi tyrimai d\u0117l jo daktaro disertacijos baigt\u0173si jam palankiai. Pasak Vyriausyb\u0117s vadovo, darb\u0105 jis para\u0161\u0117 pats, tod\u0117l diskusijos \u0161ia tema tur\u0117t\u0173 baigtis.<\/p>\n<p>Baig\u0119s Jonavos Senamies\u010dio gimnazij\u0105 M. Sinkevi\u010dius \u012fstojo \u012f Vilniaus universiteto (VU) Ekonomikos fakultet\u0105, kuriame \u012fgijo vadybos ir verslo administravimo bakalaur\u0105. Studijas jis toliau t\u0119s\u0117 ISM Ekonomikos ir vadybos universitete, kur 2009-aisiais \u012fgijo marketingo ir vadybos magistro kvalifikacin\u012f laipsn\u012f, o 2015 m. \u2013 apgyn\u0117 daktaro disertacij\u0105.<\/p>\n","protected":false},"excerpt":{"rendered":"\u201e\u017dinote, yra blog\u0173 disertacij\u0173, yra ger\u0173 disertacij\u0173, a\u0161 tikrai neprad\u0117siu, kaip kai kurie politologai, kurie neskait\u0117 disertacijos ir&hellip;\n","protected":false},"author":2,"featured_media":237416,"comment_status":"","ping_status":"","sticky":false,"template":"","format":"standard","meta":{"footnotes":"","_share_on_mastodon":"0"},"categories":[13],"tags":[25,30,31,34,35,67,24,32,33,37,39,36,38,40,354,23,22,28,29,26,27],"class_list":["post-237415","post","type-post","status-publish","format-standard","has-post-thumbnail","category-lietuva","tag-antrastes","tag-breaking-news","tag-breakingnews","tag-featured-news","tag-featurednews","tag-gitanas-nauseda","tag-headlines","tag-latest-news","tag-latestnews","tag-lietuva","tag-lietuviu","tag-lithuania","tag-lithuanian","tag-lt","tag-mindaugas-sinkevicius","tag-naujienos","tag-news","tag-populiariausios-naujienos","tag-populiariausiosnaujienos","tag-top-stories","tag-topstories"],"share_on_mastodon":{"url":"https:\/\/pubeurope.com\/@lt\/116981217762218910","error":""},"_links":{"self":[{"href":"https:\/\/www.europesays.com\/lt\/wp-json\/wp\/v2\/posts\/237415","targetHints":{"allow":["GET"]}}],"collection":[{"href":"https:\/\/www.europesays.com\/lt\/wp-json\/wp\/v2\/posts"}],"about":[{"href":"https:\/\/www.europesays.com\/lt\/wp-json\/wp\/v2\/types\/post"}],"author":[{"embeddable":true,"href":"https:\/\/www.europesays.com\/lt\/wp-json\/wp\/v2\/users\/2"}],"replies":[{"embeddable":true,"href":"https:\/\/www.europesays.com\/lt\/wp-json\/wp\/v2\/comments?post=237415"}],"version-history":[{"count":0,"href":"https:\/\/www.europesays.com\/lt\/wp-json\/wp\/v2\/posts\/237415\/revisions"}],"wp:featuredmedia":[{"embeddable":true,"href":"https:\/\/www.europesays.com\/lt\/wp-json\/wp\/v2\/media\/237416"}],"wp:attachment":[{"href":"https:\/\/www.europesays.com\/lt\/wp-json\/wp\/v2\/media?parent=237415"}],"wp:term":[{"taxonomy":"category","embeddable":true,"href":"https:\/\/www.europesays.com\/lt\/wp-json\/wp\/v2\/categories?post=237415"},{"taxonomy":"post_tag","embeddable":true,"href":"https:\/\/www.europesays.com\/lt\/wp-json\/wp\/v2\/tags?post=237415"}],"curies":[{"name":"wp","href":"https:\/\/api.w.org\/{rel}","templated":true}]}}