{"id":237469,"date":"2026-07-25T16:54:10","date_gmt":"2026-07-25T16:54:10","guid":{"rendered":"https:\/\/www.europesays.com\/lt\/237469\/"},"modified":"2026-07-25T16:54:10","modified_gmt":"2026-07-25T16:54:10","slug":"po-lebrono-jameso-perejimo-astrus-donaldo-trumpo-kirtis","status":"publish","type":"post","link":"https:\/\/www.europesays.com\/lt\/237469\/","title":{"rendered":"Po LeBrono Jameso per\u0117jimo \u2013 a\u0161trus Donaldo Trumpo kirtis"},"content":{"rendered":"<p>\u0160ie 80-me\u010dio D. Trumpo komentarai nuskamb\u0117jo netrukus po to, kai buvo oficialiai prane\u0161ta, jog 41-eri\u0173 L. Jamesas pagaliau apsisprend\u0117 ir sukirto rankomis su Filadelfijos \u201e76ers\u201c klubu. <\/p>\n<p>Spaudos konferencijos metu vienas \u017eurnalistas prezidento paklaus\u0117, k\u0105 jis laiko geriausiu vis\u0173 laik\u0173 krep\u0161ininku \u2013 L. James\u0105 ar legendin\u012f \u010cikagos \u201eBulls\u201c \u017eaid\u0117j\u0105 Michael\u0105 Jordan\u0105. <\/p>\n<p>\u201eMichaelas Jordanas yra mano draugas. Mes kartu \u017eaid\u017eiame golf\u0105. Jis tikrai puikus \u017emogus. O LeBronas&#8230; Galb\u016bt jis yra rasistas. O gal jis tiesiog nem\u0117gsta Trumpo. Ne\u017einau. Man patinka \u017emon\u0117s, kuriems patinku a\u0161, tod\u0117l renkuosi Michael\u0105 Jordan\u0105\u201c, \u2013 \u017eurnalistams r\u0117\u017e\u0117 JAV prezidentas.<\/p>\n<p>    <img decoding=\"async\" src=\"https:\/\/www.europesays.com\/lt\/wp-content\/uploads\/2026\/07\/c689a950-c4a2-11ed-8676-d310577ff6f0.jpg\" loading=\"lazy\" alt=\"Michaelas Jordanas\"\/>        <img decoding=\"async\" src=\"https:\/\/www.europesays.com\/lt\/wp-content\/uploads\/2026\/07\/1784998450_113_8687db0f-64a5-4bf8-9a25-1217acfdaa55.jpg\" loading=\"lazy\" alt=\"Donaldas Trumpas\"\/>    <\/p>\n<p>Priminsime, kad D. Trumpo ir L. Jameso vie\u0161as konfliktas t\u0119siasi jau beveik de\u0161imtmet\u012f.<\/p>\n<p>L. Jamesas ne kart\u0105 vie\u0161ai kritikavo D. Trumpo administracij\u0105, pasisak\u0117 rasizmo ir socialin\u0117s nelygyb\u0117s klausimais bei r\u0117m\u0117 jo politinius oponentus per 2016, 2020 ir 2024 met\u0173 JAV prezidento rinkimus. <\/p>\n<p>Tuo metu D. Trumpas ne kart\u0105 atsakydavo socialiniuose tinkluose ir pa\u0161iepdavo krep\u0161ininko intelekt\u0105.<\/p>\n<p>Priminsime, jog penktadien\u012f L. Jamesas pagaliau pri\u0117m\u0117 sprendim\u0105 d\u0117l savo tolimesn\u0117s karjeros stotel\u0117s. <\/p>\n<p>Buvo skelbta, jog 41-eri\u0173 amerikietis su Ryt\u0173 konferencijos klubu susitar\u0117 d\u0117l dvej\u0173 met\u0173 sutarties, kurios vert\u0117 siekia 8 mln. JAV doleri\u0173.<\/p>\n<p>Po pirmojo sezono L. Jamesas gal\u0117s pasirinkti, arba aktyvuoti sutart\u012f dar vieniems metams, arba j\u0105 nutraukti.<\/p>\n<p>Pra\u0117jus\u012f sezon\u0105 Los And\u017eelo \u201eLakers\u201c mar\u0161kin\u0117lius vilk\u0117j\u0119s puol\u0117jas vidutini\u0161kai rinko po 24,4 ta\u0161ko, atkovojo po 7,8 kamuolio ir atliko po 8,2 rezultatyvaus perdavimo.<\/p>\n<p>L. Jamesas Filadelfijoje suvienys j\u0117gas su Joeliu Embiidu, Tyrese&#8217;u Maxey ir Jaylenu Brownu bei sieks dar vieno NBA \u010dempiono \u017eiedo.<\/p>\n<p>Karalius paai\u0161kino ir savo sprendim\u0105, kod\u0117l nusprend\u0117 karjer\u0105 prat\u0119sti Filadelfijos \u201e76ers\u201c gretose. <\/p>\n<p>Pla\u010diau apie tai galite skaityti <a rel=\"noopener follow nofollow\" target=\"_blank\" href=\"https:\/\/www.delfi.lt\/a\/120281327\" data-rel-date-range=\"[]\">\u010cIA.<\/a><\/p>\n<p>Art\u0117jantis sezonas karaliui bus jau 24-asis NBA lygoje. <\/p>\n","protected":false},"excerpt":{"rendered":"\u0160ie 80-me\u010dio D. Trumpo komentarai nuskamb\u0117jo netrukus po to, kai buvo oficialiai prane\u0161ta, jog 41-eri\u0173 L. Jamesas pagaliau&hellip;\n","protected":false},"author":2,"featured_media":237470,"comment_status":"","ping_status":"","sticky":false,"template":"","format":"standard","meta":{"footnotes":"","_share_on_mastodon":"0"},"categories":[19],"tags":[194,2035,37,39,36,38,40,310,47,104],"class_list":["post-237469","post","type-post","status-publish","format-standard","has-post-thumbnail","category-sportas","tag-donaldas-trumpas","tag-lebronas-jamesas","tag-lietuva","tag-lietuviu","tag-lithuania","tag-lithuanian","tag-lt","tag-nba","tag-sportas","tag-sports"],"share_on_mastodon":{"url":"https:\/\/pubeurope.com\/@lt\/116981666374973161","error":""},"_links":{"self":[{"href":"https:\/\/www.europesays.com\/lt\/wp-json\/wp\/v2\/posts\/237469","targetHints":{"allow":["GET"]}}],"collection":[{"href":"https:\/\/www.europesays.com\/lt\/wp-json\/wp\/v2\/posts"}],"about":[{"href":"https:\/\/www.europesays.com\/lt\/wp-json\/wp\/v2\/types\/post"}],"author":[{"embeddable":true,"href":"https:\/\/www.europesays.com\/lt\/wp-json\/wp\/v2\/users\/2"}],"replies":[{"embeddable":true,"href":"https:\/\/www.europesays.com\/lt\/wp-json\/wp\/v2\/comments?post=237469"}],"version-history":[{"count":0,"href":"https:\/\/www.europesays.com\/lt\/wp-json\/wp\/v2\/posts\/237469\/revisions"}],"wp:featuredmedia":[{"embeddable":true,"href":"https:\/\/www.europesays.com\/lt\/wp-json\/wp\/v2\/media\/237470"}],"wp:attachment":[{"href":"https:\/\/www.europesays.com\/lt\/wp-json\/wp\/v2\/media?parent=237469"}],"wp:term":[{"taxonomy":"category","embeddable":true,"href":"https:\/\/www.europesays.com\/lt\/wp-json\/wp\/v2\/categories?post=237469"},{"taxonomy":"post_tag","embeddable":true,"href":"https:\/\/www.europesays.com\/lt\/wp-json\/wp\/v2\/tags?post=237469"}],"curies":[{"name":"wp","href":"https:\/\/api.w.org\/{rel}","templated":true}]}}