{"id":237549,"date":"2026-07-25T19:02:36","date_gmt":"2026-07-25T19:02:36","guid":{"rendered":"https:\/\/www.europesays.com\/lt\/237549\/"},"modified":"2026-07-25T19:02:36","modified_gmt":"2026-07-25T19:02:36","slug":"algimantas-rusteika-kiek-dar-kartu-savaitgalio-noktiurnas-respublika-lt","status":"publish","type":"post","link":"https:\/\/www.europesays.com\/lt\/237549\/","title":{"rendered":"Algimantas RUSTEIKA: Kiek dar kart\u0173? (Savaitgalio noktiurnas) &#8211; Respublika.lt"},"content":{"rendered":"<p><img loading=\"lazy\" decoding=\"async\" src=\"https:\/\/www.respublika.lt\/lt\/naujienos\/nuomones_ir_komentarai\/isklausyk-respublika\/algimantas-rusteika-kiek-dar-kartu-savaitgalio-noktiurnas\/images\/ico_camera_white.gif\" class=\"camera\" width=\"22\" height=\"15\" alt=\"nuotr.\" style=\"position:relative; top:-2px; right:2px;\"\/> 1 nuotr.<\/p>\n<p>Asociatyvi Dirbtinio intelekto sugeneruota nuotr.<\/p>\n<p style=\"text-align: justify;\" class=\"desktop_banner\">\u00a0<\/p>\n<p>Juk juntat t\u0105 beprasmyb\u0119, gli\u010di\u0105 biomas\u0119, \u012f kurios juodum\u0105 l\u0117tai grimzta tryk\u0161tantis reklamomis ir krauju pasaulis? Toks bej\u0117gyst\u0117s, nutolimo, netikrumo ir plastmas\u0117s kvapo jausmas, tarsi \u017ei\u016br\u0117tum per antr\u0105 \u017ei\u016brono gal\u0105.<\/p>\n<p>Ir v\u0117l art\u0117ja tas sapnas atviromis akimis, primityvi\u0173 min\u010di\u0173 ir vaiki\u0161k\u0173 l\u016bkes\u010di\u0173 metas, kai i\u0161prot\u0117jusiame nuo neapykantos ir bukumo pasaulyje Lietuva eilin\u012f kart\u0105 sustings kaip pelyt\u0117 prie\u0161 smaugl\u012f. Gelb\u0117tojo, modernizuoto J\u0117zaus Kristaus 2.0 versijos laukime. Gal dar ateis?<\/p>\n<p>Juk ateis, tikrai turi ateiti, negi neateis? Ir v\u0117l subruzda vil\u010di\u0173 turintieji, ir v\u0117l rikiuojasi gelb\u0117toj\u0173 kohortos &#8211; a\u0161 visai nesi\u0161aipau, tai kaip visada ir geri \u017emon\u0117s, ir idiotai, ir smulk\u016bs suk\u010diai, ir narcizai, ir svajotojai &#8211; tokie, kokie ir mes visi.<\/p>\n<p>\u0160tai jau ir dvelkteli toli permain\u0173 dvelksmo iliuzija i\u0161 trumpam prasiv\u0117rusios galimybi\u0173 orlaid\u0117s. Ir dauguma apsikloja \u0161il\u010diau. Galvojat, per tuos kelet\u0105 met\u0173 kas nors pasidar\u0117 kitaip? Dingo tie primityv\u016bs ir banal\u016bs \u012fsitikinimai?<\/p>\n<p>Tie savim patenkinti ir nepatenkinti, norintys ramaus miego traukinio \u012f bedugn\u0119 keleiviai, kurio ma\u0161inistai i\u0161prot\u0117jo ir paleid\u0119 lokomotyv\u0105 visu galingumu i\u0161\u0161oko pos\u016bkyje? Argi dingo tos bailios buk\u0173 verg\u0173 mas\u0117s, i\u0161tikimos savo vedliams?<\/p>\n<p>Ir tie abejingieji viskam ir patiems sau, ir pikti, nusivyl\u0119 ir u\u017esimir\u0161\u0119, kurie dur\u0173 niekam nebeatvers? Prie\u0161ingai, viskas pasidar\u0117 dar blogiau. Ar nesijau\u010diat tame gyvenimo parade kaip 1933-j\u0173 Vokietijoje, kai jau visk\u0105 buvo galima numatyti, bet nieko &#8211; pakeisti?<\/p>\n<p>Bet v\u0117l rengiam\u0117s seniausiam pasaulyje, magi\u0161kam ritualui. Prie urn\u0173 bandome pakeisti pasekmes, kad nereik\u0117t\u0173 keisti prie\u017eas\u010di\u0173. Tikim\u0117s, kad pakeitus pavardes pasikeis \u017emogaus prigimtis ir visa tauta, kuri yra tokia kokia yra. Ir kitokia nebus, nes negali ir nenori b\u016bti.<\/p>\n<p>Nauji batai nei\u0161mokys kitaip vaik\u0161\u010dioti. Jie nieko neatsine\u0161\u0117 i\u0161 Marso, vald\u017eia n\u0117ra ateiviai, ji &#8211; koncentruotas m\u016bs\u0173 pa\u010di\u0173 tirpalas. M\u016bs\u0173 baim\u0117s ir godumai, tinginyst\u0117s ir dr\u0105sa, kvailumas, garb\u0117 ir menkyst\u0117, tik kiek didesn\u0117mis doz\u0117mis ir su tarnybiniais automobiliais.<\/p>\n<p>O kaip nustembame, kad ir naujieji ima elgtis kaip senieji, lyg b\u016bt\u0173 persirg\u0119 ta pa\u010dia liga! O gal liga buvo ne juose? Nes labai patogu tik\u0117ti, kad u\u017e visk\u0105 atsakingi ka\u017ekokie jie &#8211; tada nereikia klausti, kiek t\u0173 j\u0173 gyvena manyje.<\/p>\n<p>Kiek kart\u0173 melavom, kai buvo naudinga, tyl\u0117jom, kai reik\u0117jo kalb\u0117ti, net kai buvo nepavojinga &#8211; o kam?  Kiek kart\u0173 plojom tod\u0117l, kad visi plojo, nors supratom netikrum\u0105 ir atvir\u0105 mel\u0105? Kiek kart\u0173 pardav\u0117m ties\u0105 u\u017e ramyb\u0119, princip\u0105 u\u017e patogum\u0105, s\u0105\u017ein\u0119 u\u017e nuolaid\u0173 kortel\u0119?<\/p>\n<p>Tik nuo\u0161ird\u017eiai, patys sau &#8211; kiek kart\u0173? Norintys ir \u010dia reikalaujantys i\u0161 kit\u0173 revoliucij\u0173 pasakykit nors vien\u0105, kuri atne\u0161\u0117 visuotin\u0119 laim\u0119 ir neatne\u0161\u0117 kan\u010di\u0173, kraujo ir griovimo? Nes revoliucijos da\u017eniausiai pakei\u010dia valdovus, bet \u017emog\u0173 jos pakei\u010dia labai retai, tiksliau- niekada.<\/p>\n<p>O po to revoliucijos su\u0117da savo vaikus, i\u0161 kr\u016bm\u0173 i\u0161ropoja niek\u0161ai ir pasiima visk\u0105. Galvojat, esame kitokie? Dabar jau tikrai tikrai b\u016bt\u0173 kitaip? Istorija m\u0117gsta kartotis, neturi daug siu\u017eet\u0173, tik naujus aktorius ir senus rekvizito kostiumus.<\/p>\n<p>M\u016bs\u0173 pasaulis pasikeis ne tada, kai ateis labai labai geri \u017emon\u0117s, kuri\u0173 n\u0117ra ir i\u0161 ten, kur nieko n\u0117ra. J\u0173 laukti galima tiek pat ilgai, kaip Kal\u0117d\u0173 Senelis pensijos. Pasaulis truput\u012f pasikeis tada, nustosim sau ir kitiems meluoti.<\/p>\n<p>Kai neimsim to, kas ne m\u016bs\u0173. Kai i\u0161dr\u012fsim nebijoti likti vieni prie\u0161 mini\u0105 ir atsisakysim nek\u0119sti vien tod\u0117l, kad taip lengviau. Labai labai geras pasaulis prasideda ne nuo labai labai gero valdovo, kurio niekada nebuvo, n\u0117ra ir niekada nebus.<\/p>\n<p>Prasideda nuo m\u016bs\u0173 ir mes galim prasid\u0117ti nuo labai labai nepatogaus pokalbio su savimi. O ta svajoni\u0173 pasak\u0117l\u0117 apie mesijus tokia krik\u0161\u010dioni\u0161ka ir vis tiek gra\u017ei, vaikams ji tinka, suaugusiesiems &#8211; dar labiau.<\/p>\n<p>Kas galvoja tik apie blogus valdovus, tas da\u017eniausiai ie\u0161ko b\u016bdo netapti geresniu, pasisl\u0117pti nuo tikrojo sav\u0119s ir realyb\u0117s nuskriaust\u0173j\u0173, pa\u017eemint\u0173j\u0173 ir teisuoli\u0173 kambar\u0117lyje. Ten visada \u0161ilta, nieko nereikia daryti ir visi kiti yra kalti.<\/p>\n<p>O dabar pasmerkit mane, ie\u0161kokit k\u0105 ne taip pasakiau &#8211; ir lengvai rasit. Tarsi kas priklausyt\u0173 nuo to, kas \u010dia k\u0105 ir kaip pasak\u0117 ar nepasak\u0117.<\/p>\n<p>Danguj v\u0117l kauksmas, pasi\u017ei\u016briu Flightradar &#8211; skrenda didel\u0117, jauki d\u0117\u017e\u0117 su sparnais i\u0161 Turkijos \u012f Peterburg\u0105. Ir niekam ner\u016bpi, ar \u010dia mes esam, ar m\u016bs\u0173 nebebus. Net mums patiems.<\/p>\n","protected":false},"excerpt":{"rendered":"1 nuotr. Asociatyvi Dirbtinio intelekto sugeneruota nuotr. \u00a0 Juk juntat t\u0105 beprasmyb\u0119, gli\u010di\u0105 biomas\u0119, \u012f kurios juodum\u0105 l\u0117tai&hellip;\n","protected":false},"author":2,"featured_media":237550,"comment_status":"","ping_status":"","sticky":false,"template":"","format":"standard","meta":{"footnotes":"","_share_on_mastodon":"0"},"categories":[13],"tags":[25,30,31,34,35,4085,24,32,33,37,39,36,38,40,23,22,35219,28,29,955,4084,26,27],"class_list":["post-237549","post","type-post","status-publish","format-standard","has-post-thumbnail","category-lietuva","tag-antrastes","tag-breaking-news","tag-breakingnews","tag-featured-news","tag-featurednews","tag-feljetonas","tag-headlines","tag-latest-news","tag-latestnews","tag-lietuva","tag-lietuviu","tag-lithuania","tag-lithuanian","tag-lt","tag-naujienos","tag-news","tag-noktiurnas","tag-populiariausios-naujienos","tag-populiariausiosnaujienos","tag-rusteika","tag-savaitgalio","tag-top-stories","tag-topstories"],"share_on_mastodon":{"url":"https:\/\/pubeurope.com\/@lt\/116982169499135089","error":""},"_links":{"self":[{"href":"https:\/\/www.europesays.com\/lt\/wp-json\/wp\/v2\/posts\/237549","targetHints":{"allow":["GET"]}}],"collection":[{"href":"https:\/\/www.europesays.com\/lt\/wp-json\/wp\/v2\/posts"}],"about":[{"href":"https:\/\/www.europesays.com\/lt\/wp-json\/wp\/v2\/types\/post"}],"author":[{"embeddable":true,"href":"https:\/\/www.europesays.com\/lt\/wp-json\/wp\/v2\/users\/2"}],"replies":[{"embeddable":true,"href":"https:\/\/www.europesays.com\/lt\/wp-json\/wp\/v2\/comments?post=237549"}],"version-history":[{"count":0,"href":"https:\/\/www.europesays.com\/lt\/wp-json\/wp\/v2\/posts\/237549\/revisions"}],"wp:featuredmedia":[{"embeddable":true,"href":"https:\/\/www.europesays.com\/lt\/wp-json\/wp\/v2\/media\/237550"}],"wp:attachment":[{"href":"https:\/\/www.europesays.com\/lt\/wp-json\/wp\/v2\/media?parent=237549"}],"wp:term":[{"taxonomy":"category","embeddable":true,"href":"https:\/\/www.europesays.com\/lt\/wp-json\/wp\/v2\/categories?post=237549"},{"taxonomy":"post_tag","embeddable":true,"href":"https:\/\/www.europesays.com\/lt\/wp-json\/wp\/v2\/tags?post=237549"}],"curies":[{"name":"wp","href":"https:\/\/api.w.org\/{rel}","templated":true}]}}