{"id":237606,"date":"2026-07-25T21:07:36","date_gmt":"2026-07-25T21:07:36","guid":{"rendered":"https:\/\/www.europesays.com\/lt\/237606\/"},"modified":"2026-07-25T21:07:36","modified_gmt":"2026-07-25T21:07:36","slug":"lebrono-agentas-galvojo-kad-nba-zvaigzde-pasirinks-kita-komanda","status":"publish","type":"post","link":"https:\/\/www.europesays.com\/lt\/237606\/","title":{"rendered":"LeBrono agentas galvojo, kad NBA \u017evaig\u017ed\u0117 pasirinks kit\u0105 komand\u0105"},"content":{"rendered":"<p class=\"isSelectedEnd\">Apie pokalb\u012f su \u201eKlutch Sports\u201c agent\u016bros vadovu prane\u0161\u0117 ESPN \u017eurnalist\u0117 Ramona Shelburne. Pasak R. Paulo, Majamis ilg\u0105 laik\u0105 atrod\u0117 kaip realiausia LeBrono karjeros t\u0105sa, ta\u010diau pats krep\u0161ininkas galiausiai apsisprend\u0117 prisijungti prie Filadelfijos ekipos.<\/p>\n<p class=\"isSelectedEnd\">Vis d\u0117lto agentas teig\u0117 suprantantis, kod\u0117l sugr\u012f\u017eimas \u012f buvus\u012f klub\u0105 ne visada yra geriausias sprendimas.<\/p>\n<p class=\"isSelectedEnd\">\u201eKai tu esi buv\u0119s tam tikroje vietoje, kai tu esi ten laim\u0117j\u0119s&#8230; Jeigu ten sugr\u012f\u0161i, viskas gali b\u016bti ne taip pat. Tu nori palikti prisiminimus tokius, kokie jie buvo prie\u0161 tai\u201c, \u2013 sak\u0117 R. Paulas.<\/p>\n<p class=\"isSelectedEnd\">Penktadien\u012f oficialiai paskelbta, kad L. Jamesas su \u201e76ers\u201c pasira\u0161\u0117 dvej\u0173 met\u0173, 8 mln. JAV doleri\u0173 vert\u0117s sutart\u012f. Kontrakte numatyta \u017eaid\u0117jo opcija \u2013 po pirmojo sezono veteranas gal\u0117s pats nuspr\u0119sti, ar prat\u0119sti bendradarbiavim\u0105 dar vieniems metams.<\/p>\n<p class=\"isSelectedEnd\">Art\u0117jantis sezonas LeBronui bus jau 24-asis NBA lygoje. Per daugiau nei du de\u0161imtme\u010dius trunkan\u010di\u0105 karjer\u0105 jis rungtyniavo Klivlando \u201eCavaliers\u201c, Majamio \u201eHeat\u201c ir Los And\u017eelo \u201eLakers\u201c klubuose, o dabar pirm\u0105 kart\u0105 apsivilks Filadelfijos \u201e76ers\u201c mar\u0161kin\u0117lius.<\/p>\n<p>Pra\u0117jusiame NBA sezone amerikietis su\u017eaid\u0117 70 rungtyni\u0173. Per vidutini\u0161kai 34 minutes aik\u0161t\u0117je jis rinko po 21,3 ta\u0161ko, atliko po 7,2 rezultatyvaus perdavimo ir atkovojo po 6,2 kamuolio.<\/p>\n","protected":false},"excerpt":{"rendered":"Apie pokalb\u012f su \u201eKlutch Sports\u201c agent\u016bros vadovu prane\u0161\u0117 ESPN \u017eurnalist\u0117 Ramona Shelburne. Pasak R. Paulo, Majamis ilg\u0105 laik\u0105&hellip;\n","protected":false},"author":2,"featured_media":237607,"comment_status":"","ping_status":"","sticky":false,"template":"","format":"standard","meta":{"footnotes":"","_share_on_mastodon":"0"},"categories":[19],"tags":[9289,2035,37,39,36,38,40,1521,310,47,104],"class_list":["post-237606","post","type-post","status-publish","format-standard","has-post-thumbnail","category-sportas","tag-filadelfijos-76ers","tag-lebronas-jamesas","tag-lietuva","tag-lietuviu","tag-lithuania","tag-lithuanian","tag-lt","tag-majamio-heat","tag-nba","tag-sportas","tag-sports"],"share_on_mastodon":{"url":"https:\/\/pubeurope.com\/@lt\/116982660822180389","error":""},"_links":{"self":[{"href":"https:\/\/www.europesays.com\/lt\/wp-json\/wp\/v2\/posts\/237606","targetHints":{"allow":["GET"]}}],"collection":[{"href":"https:\/\/www.europesays.com\/lt\/wp-json\/wp\/v2\/posts"}],"about":[{"href":"https:\/\/www.europesays.com\/lt\/wp-json\/wp\/v2\/types\/post"}],"author":[{"embeddable":true,"href":"https:\/\/www.europesays.com\/lt\/wp-json\/wp\/v2\/users\/2"}],"replies":[{"embeddable":true,"href":"https:\/\/www.europesays.com\/lt\/wp-json\/wp\/v2\/comments?post=237606"}],"version-history":[{"count":0,"href":"https:\/\/www.europesays.com\/lt\/wp-json\/wp\/v2\/posts\/237606\/revisions"}],"wp:featuredmedia":[{"embeddable":true,"href":"https:\/\/www.europesays.com\/lt\/wp-json\/wp\/v2\/media\/237607"}],"wp:attachment":[{"href":"https:\/\/www.europesays.com\/lt\/wp-json\/wp\/v2\/media?parent=237606"}],"wp:term":[{"taxonomy":"category","embeddable":true,"href":"https:\/\/www.europesays.com\/lt\/wp-json\/wp\/v2\/categories?post=237606"},{"taxonomy":"post_tag","embeddable":true,"href":"https:\/\/www.europesays.com\/lt\/wp-json\/wp\/v2\/tags?post=237606"}],"curies":[{"name":"wp","href":"https:\/\/api.w.org\/{rel}","templated":true}]}}