{"id":237999,"date":"2026-07-26T11:34:08","date_gmt":"2026-07-26T11:34:08","guid":{"rendered":"https:\/\/www.europesays.com\/lt\/237999\/"},"modified":"2026-07-26T11:34:08","modified_gmt":"2026-07-26T11:34:08","slug":"pajurio-poilsiautojai-issiaiskino-kur-dingsta-ju-batai","status":"publish","type":"post","link":"https:\/\/www.europesays.com\/lt\/237999\/","title":{"rendered":"Paj\u016brio poilsiautojai i\u0161siai\u0161kino, kur dingsta j\u0173 batai"},"content":{"rendered":"<p>  <img decoding=\"async\" src=\"https:\/\/www.europesays.com\/lt\/wp-content\/uploads\/2026\/07\/0114079c-8c05-4f45-a6a4-db538072245d.jpg\" loading=\"eager\" fetchpriority=\"high\" alt=\"Lapiukas nusitaik\u0117 \u012f poilsiautoj\u0173 batus\"\/> <\/p>\n<p>Lapiukas nusitaik\u0117 \u012f poilsiautoj\u0173 batus<\/p>\n<p>FOTO:  Orestas Gurevi\u010diusLiepa Rimkevi\u010dien\u0117 <\/p>\n<p>Jei paj\u016bryje pasigesite savo bat\u0173 \u2013 ie\u0161kokite p\u0117dsak\u0173 link mi\u0161ko. Pasirodo, Nidoje pastarosiomis dienomis slampin\u0117ja smalsus lapiukas, kur\u012f, lyg ty\u010dia, ka\u017ekuo labai vilioja poilsiautoj\u0173 batai. Apie tai, kuo lapes jie gali traukti ir kaip apsisaugoti nuo \u017ev\u0117ri\u0161k\u0173 vagys\u010di\u0173, pakalb\u0117jome ir su Lietuvos med\u017eiotoj\u0173 ir \u017evej\u0173 draugijos direktoriumi Laimonu Dauk\u0161a.<\/p>\n","protected":false},"excerpt":{"rendered":"Lapiukas nusitaik\u0117 \u012f poilsiautoj\u0173 batus FOTO: Orestas Gurevi\u010diusLiepa Rimkevi\u010dien\u0117 Jei paj\u016bryje pasigesite savo bat\u0173 \u2013 ie\u0161kokite p\u0117dsak\u0173 link&hellip;\n","protected":false},"author":2,"featured_media":238000,"comment_status":"","ping_status":"","sticky":false,"template":"","format":"standard","meta":{"footnotes":"","_share_on_mastodon":"0"},"categories":[13],"tags":[25,30,31,34,35,24,13057,32,33,37,39,36,38,40,23,22,28,29,26,27],"class_list":["post-237999","post","type-post","status-publish","format-standard","has-post-thumbnail","category-lietuva","tag-antrastes","tag-breaking-news","tag-breakingnews","tag-featured-news","tag-featurednews","tag-headlines","tag-lape","tag-latest-news","tag-latestnews","tag-lietuva","tag-lietuviu","tag-lithuania","tag-lithuanian","tag-lt","tag-naujienos","tag-news","tag-populiariausios-naujienos","tag-populiariausiosnaujienos","tag-top-stories","tag-topstories"],"share_on_mastodon":{"url":"https:\/\/pubeurope.com\/@lt\/116986070376902699","error":""},"_links":{"self":[{"href":"https:\/\/www.europesays.com\/lt\/wp-json\/wp\/v2\/posts\/237999","targetHints":{"allow":["GET"]}}],"collection":[{"href":"https:\/\/www.europesays.com\/lt\/wp-json\/wp\/v2\/posts"}],"about":[{"href":"https:\/\/www.europesays.com\/lt\/wp-json\/wp\/v2\/types\/post"}],"author":[{"embeddable":true,"href":"https:\/\/www.europesays.com\/lt\/wp-json\/wp\/v2\/users\/2"}],"replies":[{"embeddable":true,"href":"https:\/\/www.europesays.com\/lt\/wp-json\/wp\/v2\/comments?post=237999"}],"version-history":[{"count":0,"href":"https:\/\/www.europesays.com\/lt\/wp-json\/wp\/v2\/posts\/237999\/revisions"}],"wp:featuredmedia":[{"embeddable":true,"href":"https:\/\/www.europesays.com\/lt\/wp-json\/wp\/v2\/media\/238000"}],"wp:attachment":[{"href":"https:\/\/www.europesays.com\/lt\/wp-json\/wp\/v2\/media?parent=237999"}],"wp:term":[{"taxonomy":"category","embeddable":true,"href":"https:\/\/www.europesays.com\/lt\/wp-json\/wp\/v2\/categories?post=237999"},{"taxonomy":"post_tag","embeddable":true,"href":"https:\/\/www.europesays.com\/lt\/wp-json\/wp\/v2\/tags?post=237999"}],"curies":[{"name":"wp","href":"https:\/\/api.w.org\/{rel}","templated":true}]}}