{"id":238016,"date":"2026-07-26T12:07:13","date_gmt":"2026-07-26T12:07:13","guid":{"rendered":"https:\/\/www.europesays.com\/lt\/238016\/"},"modified":"2026-07-26T12:07:13","modified_gmt":"2026-07-26T12:07:13","slug":"rimas-kurtinaitis-tesia-darbus-lietuvos-rinktineje-respublika-lt","status":"publish","type":"post","link":"https:\/\/www.europesays.com\/lt\/238016\/","title":{"rendered":"Rimas Kurtinaitis t\u0119sia darbus Lietuvos rinktin\u0117je &#8211; Respublika.lt"},"content":{"rendered":"<p>    \u00d7<\/p>\n<p>    (1\/1) Rimas Kurtinaitis t\u0119sia darbus Lietuvos rinktin\u0117je. Eltos nuotr. <a href=\"https:\/\/www.respublika.lt\/uploads\/img\/catalog\/1\/photo_1_29796367.jpg\" class=\"swiper-photo-download\" download=\"\" rel=\"nofollow noopener\" target=\"_blank\">Atsisi\u0173sti<\/a><\/p>\n<p><img loading=\"lazy\" decoding=\"async\" src=\"https:\/\/www.respublika.lt\/lt\/naujienos\/sportas\/krepsinis\/rimas-kurtinaitis-tesia-darbus-lietuvos-rinktineje\/images\/ico_camera_white.gif\" class=\"camera\" width=\"22\" height=\"15\" alt=\"nuotr.\" style=\"position:relative; top:-2px; right:2px;\"\/> 1 nuotr.<\/p>\n<p>Rimas Kurtinaitis t\u0119sia darbus Lietuvos rinktin\u0117je. Eltos nuotr.<\/p>\n<p>Lietuvos vyr\u0173 krep\u0161inio rinktin\u0117s vyriausiasis treneris Rimas Kurtinaitis sutiko su asociacijos \u201eLietuvos krep\u0161inis&#8221; si\u016blymu prat\u0119sti darb\u0105 rinktin\u0117je iki atrankos ciklo pabaigos.<\/p>\n<p style=\"text-align: justify;\" class=\"desktop_banner\">\u00a0<\/p>\n<p>Treneris buvo \u012fteik\u0119s atsistatydinimo pra\u0161ym\u0105 po 2027 met\u0173 pasaulio \u010dempionato pirmojo atrankos etapo fini\u0161o.<\/p>\n<p>Vis d\u0117lto penktadien\u012f \u012fvykusiame asociacijos \u201eLietuvos krep\u0161inis&#8221; vykdomojo komiteto pos\u0117dyje buvo i\u0161reik\u0161tas pasitik\u0117jimas R. Kurtinai\u010diu ir vienbalsiai pasi\u016blyta toliau vadovauti nacionalinei komandai.<\/p>\n<p>\u0160e\u0161tadien\u012f treneris prane\u0161\u0117 apsisprend\u0119s t\u0119sti darb\u0105 su rinktine.<\/p>\n<p>\u201ePo pralaim\u0117jimo Italijoje buvo daug i\u0161gyvenim\u0173 ir emocij\u0173. Atsakomyb\u0117 u\u017e komandos pralaim\u0117jimus pirmiausia tenka treneriams, o ir pats esu \u012fprat\u0119s sau kelti auk\u0161tus reikalavimus. Vis d\u0117lto matau stipr\u0173 krep\u0161inio bendruomen\u0117s palaikym\u0105, jau\u010diu didel\u012f \u012fpareigojim\u0105 Lietuvos krep\u0161iniui, tod\u0117l nusprend\u017eiau t\u0119sti darbus&#8221;, &#8211; teig\u0117 Rimas Kurtinaitis.<\/p>\n<p>Lietuvos rinktin\u0117 2027 met\u0173 pasaulio \u010dempionato antr\u0105j\u012f atrankos etap\u0105 prad\u0117s rugpj\u016b\u010dio 28 d. Stambule su Turkijos krep\u0161ininkais, o rugpj\u016b\u010dio 31 d. Vilniuje priims Bosnijos ir Hercegovinos ekip\u0105.<\/p>\n<p>Naujausios \u017einios<\/p>\n<p><\/p>\n<p>        <a href=\"https:\/\/www.respublika.lt\/lt\/naujienos\/lietuva\/kitos-lietuvos-zinios\/juozas-olekas-su-sutuoktine-aurelija-atsvente-auksines-vestuves\/\" rel=\"nofollow noopener\" target=\"_blank\"><img decoding=\"async\" oncontextmenu=\"return false\" class=\"block_item_newest_photo\" src=\"https:\/\/www.respublika.lt\/lt\/naujienos\/sportas\/krepsinis\/rimas-kurtinaitis-tesia-darbus-lietuvos-rinktineje\/uploads\/img\/catalog\/1\/photo_for_homepage_1_80083943.jpg\" alt=\"\" width=\"240\" height=\"154.45\"\/><\/a><\/p>\n<p>        <a href=\"https:\/\/www.respublika.lt\/lt\/naujienos\/pasaulis\/kitos_pasaulio_naujienos\/kraujas-ant-asfalto-kas-liks-po-galios-lenktyniu\/\" rel=\"nofollow noopener\" target=\"_blank\"><img decoding=\"async\" oncontextmenu=\"return false\" class=\"block_item_newest_photo\" src=\"https:\/\/www.respublika.lt\/lt\/naujienos\/sportas\/krepsinis\/rimas-kurtinaitis-tesia-darbus-lietuvos-rinktineje\/uploads\/img\/catalog\/1\/photo_for_homepage_1_99269623.jpg\" alt=\"\" width=\"240\" height=\"154.45\"\/><\/a><\/p>\n<p>Patiko straipsnis? Leisk mums apie tai su\u017einoti. Nepamir\u0161k pasidalinti Facebook! <\/p>\n<p><img loading=\"lazy\" decoding=\"async\" class=\"p2_social_circle_icon\" src=\"https:\/\/www.respublika.lt\/images\/thumbs_up.svg\" width=\"21\" height=\"22\" alt=\"L\"\/><\/p>\n<p><img loading=\"lazy\" decoding=\"async\" class=\"p2_social_circle_icon\" src=\"https:\/\/www.respublika.lt\/images\/facebook.svg\" alt=\"F\" width=\"22\" height=\"22\" style=\"filter: invert(37%) sepia(55%) saturate(2351%) hue-rotate(187deg) brightness(102%) contrast(106%);\"\/><\/p>\n<p>&#13;<br \/>\n\tNesutinkate &#8211; diskutuokime!<br \/>&#13;<br \/>\n\tNepykite komentatoriai, bet komentarai su keiksma\u017eod\u017eiais bus \u0161alinami automati\u0161kai, be atsipra\u0161ymo.\n    <\/p>\n<p>&#13;<br \/>\n              Respublika.lt pasilieka teis\u0119 pa\u0161alinti nekult\u016bringus, keiksma\u017eod\u017eiais pagardintus, su tema nesusijusius, kito asmens vardu pasira\u0161ytus, \u012fstatymus pa\u017eeid\u017eian\u010dius, \u0161lam\u0161t\u0105 reklamuojan\u010dius ar nusikalsti kurstan\u010dius komentarus. Jei kurstysite smurt\u0105, rasin\u0119, tautin\u0119, religin\u0119 ar kitokio pob\u016bd\u017eio neapykant\u0105, \u017evirbliu i\u0161skrid\u0119 j\u016bs\u0173 \u017eod\u017eiai gr\u012f\u017edami gali virsti ton\u0105 sverian\u010diu jau\u010diu &#8211; specialiosioms Lietuvos tarnyboms pareikalavus suteiksime j\u016bs\u0173 duomenis.\n            <\/p>\n","protected":false},"excerpt":{"rendered":"\u00d7 (1\/1) Rimas Kurtinaitis t\u0119sia darbus Lietuvos rinktin\u0117je. Eltos nuotr. Atsisi\u0173sti 1 nuotr. Rimas Kurtinaitis t\u0119sia darbus Lietuvos&hellip;\n","protected":false},"author":2,"featured_media":238017,"comment_status":"","ping_status":"","sticky":false,"template":"","format":"standard","meta":{"footnotes":"","_share_on_mastodon":"0"},"categories":[6],"tags":[25,30,31,1348,34,35,24,172,11640,32,33,37,39,36,38,348,40,23,22,28,29,11638,26,27,17875],"class_list":["post-238016","post","type-post","status-publish","format-standard","has-post-thumbnail","category-antrastes","tag-antrastes","tag-breaking-news","tag-breakingnews","tag-darbas","tag-featured-news","tag-featurednews","tag-headlines","tag-krepsinis","tag-kurtinaitis","tag-latest-news","tag-latestnews","tag-lietuva","tag-lietuviu","tag-lithuania","tag-lithuanian","tag-lkf","tag-lt","tag-naujienos","tag-news","tag-populiariausios-naujienos","tag-populiariausiosnaujienos","tag-rinktine","tag-top-stories","tag-topstories","tag-treneris"],"share_on_mastodon":{"url":"https:\/\/pubeurope.com\/@lt\/116986200128373736","error":""},"_links":{"self":[{"href":"https:\/\/www.europesays.com\/lt\/wp-json\/wp\/v2\/posts\/238016","targetHints":{"allow":["GET"]}}],"collection":[{"href":"https:\/\/www.europesays.com\/lt\/wp-json\/wp\/v2\/posts"}],"about":[{"href":"https:\/\/www.europesays.com\/lt\/wp-json\/wp\/v2\/types\/post"}],"author":[{"embeddable":true,"href":"https:\/\/www.europesays.com\/lt\/wp-json\/wp\/v2\/users\/2"}],"replies":[{"embeddable":true,"href":"https:\/\/www.europesays.com\/lt\/wp-json\/wp\/v2\/comments?post=238016"}],"version-history":[{"count":0,"href":"https:\/\/www.europesays.com\/lt\/wp-json\/wp\/v2\/posts\/238016\/revisions"}],"wp:featuredmedia":[{"embeddable":true,"href":"https:\/\/www.europesays.com\/lt\/wp-json\/wp\/v2\/media\/238017"}],"wp:attachment":[{"href":"https:\/\/www.europesays.com\/lt\/wp-json\/wp\/v2\/media?parent=238016"}],"wp:term":[{"taxonomy":"category","embeddable":true,"href":"https:\/\/www.europesays.com\/lt\/wp-json\/wp\/v2\/categories?post=238016"},{"taxonomy":"post_tag","embeddable":true,"href":"https:\/\/www.europesays.com\/lt\/wp-json\/wp\/v2\/tags?post=238016"}],"curies":[{"name":"wp","href":"https:\/\/api.w.org\/{rel}","templated":true}]}}